{"id":496342,"date":"2025-10-28T22:16:14","date_gmt":"2025-10-28T22:16:14","guid":{"rendered":"https:\/\/www.europesays.com\/fr\/496342\/"},"modified":"2025-10-28T22:16:14","modified_gmt":"2025-10-28T22:16:14","slug":"football-tenues-en-echec-au-retour-les-bleues-eliminees-en-demi-finale-de-ligue-des-nations-par-lallemagne","status":"publish","type":"post","link":"https:\/\/www.europesays.com\/fr\/496342\/","title":{"rendered":"Football. Tenues en \u00e9chec au retour, les Bleues \u00e9limin\u00e9es en demi-finale de Ligue des nations par l&rsquo;Allemagne"},"content":{"rendered":"<p>La France a \u00e9t\u00e9 \u00e9limin\u00e9e mardi soir en demi-finale de la Ligue des nations f\u00e9minine, malgr\u00e9 un match nul 2-2 \u00e0 Caen contre l&rsquo;Allemagne apr\u00e8s avoir perdu le match aller vendredi (1-0) \u00e0 D\u00fcsseldorf.<\/p>\n<p>Les Bleues avaient pourtant marqu\u00e9 d\u00e8s la 3e minute par Melvine Malard, mais les Allemandes ont r\u00e9pliqu\u00e9 rapidement, par un but somptueux de Nicole Anyomi (1-1, 12e). La star allemande Klara B\u00fchl a ensuite donn\u00e9 l&rsquo;avantage aux siennes (2-1, 50e). Le but de Clara Mateo \u00e0 la toute fin du temps r\u00e9glementaire (2-2, 89e), a donn\u00e9 un espoir bref mais vain aux Bleues.<\/p>\n<p>Plus d&rsquo;informations \u00e0 venir&#8230;<\/p>\n","protected":false},"excerpt":{"rendered":"La France a \u00e9t\u00e9 \u00e9limin\u00e9e mardi soir en demi-finale de la Ligue des nations f\u00e9minine, malgr\u00e9 un match&hellip;\n","protected":false},"author":2,"featured_media":496343,"comment_status":"","ping_status":"","sticky":false,"template":"","format":"standard","meta":{"footnotes":""},"categories":[1587],"tags":[11,672,1804,1805,1803,34063,1777,674,107,63,1801,12,1802,517,1947],"class_list":{"0":"post-496342","1":"post","2":"type-post","3":"status-publish","4":"format-standard","5":"has-post-thumbnail","7":"category-allemagne","8":"tag-actualites","9":"tag-allemagne","10":"tag-bundesrepublik-deutschland","11":"tag-de","12":"tag-deutschland","13":"tag-equipe-de-france-feminine-de-football","14":"tag-eu","15":"tag-europe","16":"tag-fil-info","17":"tag-football","18":"tag-germany","19":"tag-news","20":"tag-republique-federale-dallemagne","21":"tag-sport","22":"tag-sport-national"},"share_on_mastodon":{"url":"https:\/\/pubeurope.com\/@fr\/115454108257483145","error":""},"_links":{"self":[{"href":"https:\/\/www.europesays.com\/fr\/wp-json\/wp\/v2\/posts\/496342","targetHints":{"allow":["GET"]}}],"collection":[{"href":"https:\/\/www.europesays.com\/fr\/wp-json\/wp\/v2\/posts"}],"about":[{"href":"https:\/\/www.europesays.com\/fr\/wp-json\/wp\/v2\/types\/post"}],"author":[{"embeddable":true,"href":"https:\/\/www.europesays.com\/fr\/wp-json\/wp\/v2\/users\/2"}],"replies":[{"embeddable":true,"href":"https:\/\/www.europesays.com\/fr\/wp-json\/wp\/v2\/comments?post=496342"}],"version-history":[{"count":0,"href":"https:\/\/www.europesays.com\/fr\/wp-json\/wp\/v2\/posts\/496342\/revisions"}],"wp:featuredmedia":[{"embeddable":true,"href":"https:\/\/www.europesays.com\/fr\/wp-json\/wp\/v2\/media\/496343"}],"wp:attachment":[{"href":"https:\/\/www.europesays.com\/fr\/wp-json\/wp\/v2\/media?parent=496342"}],"wp:term":[{"taxonomy":"category","embeddable":true,"href":"https:\/\/www.europesays.com\/fr\/wp-json\/wp\/v2\/categories?post=496342"},{"taxonomy":"post_tag","embeddable":true,"href":"https:\/\/www.europesays.com\/fr\/wp-json\/wp\/v2\/tags?post=496342"}],"curies":[{"name":"wp","href":"https:\/\/api.w.org\/{rel}","templated":true}]}}