{"id":496350,"date":"2025-10-28T22:20:15","date_gmt":"2025-10-28T22:20:15","guid":{"rendered":"https:\/\/www.europesays.com\/fr\/496350\/"},"modified":"2025-10-28T22:20:15","modified_gmt":"2025-10-28T22:20:15","slug":"lartiste-marie-sinfiltre-exfiltree-de-la-matinale-de-france-inter","status":"publish","type":"post","link":"https:\/\/www.europesays.com\/fr\/496350\/","title":{"rendered":"L\u2019artiste Marie s\u2019infiltre exfiltr\u00e9e de la matinale de France inter"},"content":{"rendered":"<p>        <img decoding=\"async\" loading=\"lazy\" src=\"https:\/\/www.europesays.com\/fr\/wp-content\/uploads\/2025\/10\/1bd9c2d_upload-1-whvdstd1xucz-screenshot-2025-09-30-11-30-40.png\"  width=\"728\" height=\"409\" alt=\"Marie s\u2019infiltre ne retournera pas sur la \u00ab\u00a0Grande matinale\u00a0\u00bb de France Inter, a indiqu\u00e9 ce mardi 28\u00a0octobre la radio.\"\/>  <\/p>\n<p>France 5<\/p>\n<p>Marie s\u2019infiltre ne retournera pas sur la \u00ab\u00a0Grande matinale\u00a0\u00bb de France Inter, a indiqu\u00e9 ce mardi 28\u00a0octobre la radio.<\/p>\n<p class=\"asset asset-text\">M\u00c9DIAS &#8211; Elle n\u2019a pas trouv\u00e9 son public chez les auditeurs de la premi\u00e8re radio de France. <a href=\"https:\/\/www.huffingtonpost.fr\/culture\/article\/marie-s-infiltre-prise-a-partie-parce-que-juive-a-marseille-l-humoriste-raconte-sa-peur_253067.html\" target=\"_blank\" rel=\"noopener\" title=\"Nouvelle fen\u00eatre\">Marie s\u2019infiltre <\/a>ne retournera pas sur la \u00ab\u00a0Grande matinale\u00a0\u00bb de<a href=\"https:\/\/www.huffingtonpost.fr\/medias\/article\/ces-voix-emblematiques-de-france-inter-et-franceinfo-quittent-l-antenne-pour-des-raisons-budgetaires_256132.html\" target=\"_blank\" rel=\"noopener\" title=\"Nouvelle fen\u00eatre\"> France Inter<\/a> qu\u2019elle avait rejoint il y a \u00e0 peine deux mois pour un billet hebdomadaire, a indiqu\u00e9 ce mardi 28\u00a0octobre la radio \u00e0 l\u2019AFP, confirmant une information du <a href=\"https:\/\/www.leparisien.fr\/culture-loisirs\/tv\/france-inter-lhumoriste-marie-sinfiltre-deja-exfiltree-de-la-matinale-28-10-2025-5Y2MAIVBQVFLTGRPMVSARVU5RU.php\" target=\"_blank\" rel=\"noopener\" title=\"Nouvelle fen\u00eatre\">Parisien<\/a>.<\/p>\n<p class=\"asset asset-text\">\u00ab\u00a0Apr\u00e8s nous avoir accompagn\u00e9s depuis la rentr\u00e9e, Marie s\u2019infiltre va se consacrer pleinement \u00e0 sa tourn\u00e9e\u00a0\u00bb, a d\u00e9clar\u00e9 un porte-parole de la station.<\/p>\n<p class=\"asset asset-text\">Connue pour ses happenings vid\u00e9o sur YouTube et son humour qui flirte avec le malaise, la com\u00e9dienne de 34\u00a0ans avait d\u00e9but\u00e9 ses chroniques sur France Inter le 25\u00a0ao\u00fbt.<\/p>\n<p>    Remplac\u00e9e par \u00ab\u00a0Merci V\u00e9ro\u00a0\u00bb    <\/p>\n<p class=\"asset asset-text\">Elle a d\u2019ores et d\u00e9j\u00e0 \u00e9t\u00e9 remplac\u00e9e \u00e0 l\u2019antenne par la chronique de \u00ab\u00a0Merci V\u00e9ro\u00a0\u00bb, \u00ab\u00a0un personnage incarn\u00e9 par Thomas Poitevin qui recueillera chaque semaine des probl\u00e9matiques soulev\u00e9es par les auditeurs auxquelles il r\u00e9pondra avec humour\u00a0\u00bb, a pr\u00e9cis\u00e9 France Inter.<\/p>\n<p class=\"asset asset-text\">Les billets de Marie s\u2019infiltre avaient fait l\u2019objet de critiques sur les r\u00e9seaux sociaux auxquelles elle avait r\u00e9pondu. \u00ab\u00a0Je ne suis pas une humoriste\u00a0\u00bb, avait-elle expliqu\u00e9 fin septembre sur le plateau de l\u2019\u00e9mission\u00a0C \u00e0 vous. \u00ab\u00a0Mon objectif n\u2019est pas de faire rire\u00a0\u00bb. Contact\u00e9e par l\u2019AFP, Marie s\u2019infiltre n\u2019avait pas r\u00e9agi dans l\u2019imm\u00e9diat.<\/p>\n<p class=\"asset asset-text\">Pass\u00e9e par Sciences Po, Marie Benoliel de son vrai nom s\u2019est fait conna\u00eetre gr\u00e2ce \u00e0 ses pastilles vid\u00e9os, o\u00f9 on la voit s\u2019incruster en cam\u00e9ra cach\u00e9e sur la sc\u00e8ne d\u2019un d\u00e9fil\u00e9 Chanel, se travestir en supportrice de la Manif pour tous ou du Front national, pour les tourner en d\u00e9rision. Elle est actuellement en tourn\u00e9e pour son spectacle \u00ab\u00a0Culot\u00a0\u00bb qui doit se conclure le 20\u00a0d\u00e9cembre \u00e0 l\u2019Accor Arena \u00e0 Paris.<\/p>\n","protected":false},"excerpt":{"rendered":"France 5 Marie s\u2019infiltre ne retournera pas sur la \u00ab\u00a0Grande matinale\u00a0\u00bb de France Inter, a indiqu\u00e9 ce mardi&hellip;\n","protected":false},"author":2,"featured_media":496351,"comment_status":"","ping_status":"","sticky":false,"template":"","format":"standard","meta":{"footnotes":""},"categories":[2],"tags":[11,251,1011,27,9102,2701,500,12,1825,25],"class_list":{"0":"post-496350","1":"post","2":"type-post","3":"status-publish","4":"format-standard","5":"has-post-thumbnail","7":"category-actualites","8":"tag-actualites","9":"tag-culture","10":"tag-fr","11":"tag-france","12":"tag-france-inter","13":"tag-humoriste","14":"tag-medias","15":"tag-news","16":"tag-radio","17":"tag-republique-francaise"},"share_on_mastodon":{"url":"https:\/\/pubeurope.com\/@fr\/115454124589922105","error":""},"_links":{"self":[{"href":"https:\/\/www.europesays.com\/fr\/wp-json\/wp\/v2\/posts\/496350","targetHints":{"allow":["GET"]}}],"collection":[{"href":"https:\/\/www.europesays.com\/fr\/wp-json\/wp\/v2\/posts"}],"about":[{"href":"https:\/\/www.europesays.com\/fr\/wp-json\/wp\/v2\/types\/post"}],"author":[{"embeddable":true,"href":"https:\/\/www.europesays.com\/fr\/wp-json\/wp\/v2\/users\/2"}],"replies":[{"embeddable":true,"href":"https:\/\/www.europesays.com\/fr\/wp-json\/wp\/v2\/comments?post=496350"}],"version-history":[{"count":0,"href":"https:\/\/www.europesays.com\/fr\/wp-json\/wp\/v2\/posts\/496350\/revisions"}],"wp:featuredmedia":[{"embeddable":true,"href":"https:\/\/www.europesays.com\/fr\/wp-json\/wp\/v2\/media\/496351"}],"wp:attachment":[{"href":"https:\/\/www.europesays.com\/fr\/wp-json\/wp\/v2\/media?parent=496350"}],"wp:term":[{"taxonomy":"category","embeddable":true,"href":"https:\/\/www.europesays.com\/fr\/wp-json\/wp\/v2\/categories?post=496350"},{"taxonomy":"post_tag","embeddable":true,"href":"https:\/\/www.europesays.com\/fr\/wp-json\/wp\/v2\/tags?post=496350"}],"curies":[{"name":"wp","href":"https:\/\/api.w.org\/{rel}","templated":true}]}}