{"id":496358,"date":"2025-10-28T22:24:13","date_gmt":"2025-10-28T22:24:13","guid":{"rendered":"https:\/\/www.europesays.com\/fr\/496358\/"},"modified":"2025-10-28T22:24:13","modified_gmt":"2025-10-28T22:24:13","slug":"la-federation-saisit-la-justice-a-propos-de-son-futur-complexe-a-pantin-initie-sous-laporte","status":"publish","type":"post","link":"https:\/\/www.europesays.com\/fr\/496358\/","title":{"rendered":"la F\u00e9d\u00e9ration saisit la justice \u00e0 propos de son futur complexe \u00e0 Pantin, initi\u00e9 sous Laporte"},"content":{"rendered":"<p>\n    La F\u00e9d\u00e9ration fran\u00e7aise de rugby a signal\u00e9 \u00e0 la justice les conditions de l\u2019attribution de son projet de centre sportif et administratif \u00e0 Pantin. L\u2019inauguration est pr\u00e9vue d\u00e9but 2026.<\/p>\n<p class=\"fig-paragraph\"><a href=\"https:\/\/www.lefigaro.fr\/sports\/rugby\/florian-grill-la-situation-financiere-de-la-ffr-est-bien-meilleure-20251027?msockid=2338e949ff1a6caa28edff13fe766dd0\" target=\"_blank\" data-fig-type=\"Article\" rel=\"sponsored noopener\" data-gtm-custom-categorie=\"navigation\" data-gtm-custom-action=\"crossclick\" data-gtm-custom-label=\"Contextuel\" data-gtm-event=\"customEventSPE\" data-fig-domain=\"LEFIGARO\">La F\u00e9d\u00e9ration fran\u00e7aise de rugby (FFR)<\/a>\u00a0a signal\u00e9 \u00e0 la justice les conditions de l&rsquo;attribution de son projet de centre sportif et administratif \u00e0 Pantin, r\u00e9alis\u00e9e sous la pr\u00e9sidence de\u00a0<a href=\"http:\/\/www.lefigaro.fr\/sports\/rugby\/rugby-l-affaire-laporte-altrad-devant-la-cour-d-appel-en-septembre-2026-20250924\" data-fig-type=\"NewsFlash\" data-gtm-custom-categorie=\"navigation\" data-gtm-custom-action=\"crossclick\" data-gtm-custom-label=\"Contextuel\" data-gtm-event=\"customEventSPE\" data-fig-domain=\"LEFIGARO\" target=\"_blank\" rel=\"noopener\">Bernard Laporte<\/a>, a indiqu\u00e9 mardi l&rsquo;instance \u00e0 l&rsquo;AFP, confirmant une information du Canard encha\u00een\u00e9.<\/p>\n<p class=\"fig-paragraph\">La FFR a choisi en 2019 l&rsquo;entreprise du secteur du b\u00e2timent NGE pour la r\u00e9alisation du Centre d&rsquo;Innovation des Rugbys autour du stade Raoul-Montbrand de Pantin. La premi\u00e8re pierre a \u00e9t\u00e9 pos\u00e9e en 2023 et l&rsquo;inauguration est pr\u00e9vue d\u00e9but 2026.<\/p>\n<p>                                    <a class=\"fig-a11y-skip a11y-hidden\" href=\"#fig-a11y-skip-main-inarticle\"><br \/>\n        Passer la publicit\u00e9<br \/>\n    <\/a><\/p>\n<p class=\"fig-paragraph\">\u00abLa FFR confirme avoir d\u00e9pos\u00e9 un article 40 \u00e0 la suite d&rsquo;un examen attentif du projet Montbrand \u00e0 Pantin\u00bb, a-t-elle \u00e9crit dans un message \u00e0 l&rsquo;AFP, pr\u00e9cisant avoir \u00absaisi le procureur de la R\u00e9publique afin que la pleine lumi\u00e8re puisse \u00eatre faite sur cette op\u00e9ration\u00bb. L&rsquo;article 40 du code de proc\u00e9dure p\u00e9nale enjoint \u00e0 toute autorit\u00e9 de saisir la justice lorsqu&rsquo;elle a connaissance d&rsquo;un crime ou d&rsquo;un d\u00e9lit.<\/p>\n<p class=\"fig-paragraph\">Cela concerne notamment le \u00abnon-respect des usages en mati\u00e8re d&rsquo;attribution des march\u00e9s d&rsquo;achat de la FFR\u00bb, ainsi que \u00abdes proc\u00e9dures de validation par les instances de la FFR\u00bb, mais aussi \u00abl&rsquo;absence de documents justificatifs stipul\u00e9s dans les contrats pass\u00e9s avec les constructeurs\u00bb et \u00abl&rsquo;incertitude sur le nombre de m\u00e8tres carr\u00e9s livr\u00e9s par rapport aux m\u00e8tres carr\u00e9s factur\u00e9s\u00bb.<\/p>\n<p class=\"fig-paragraph\">L&rsquo;actuel pr\u00e9sident de la FFR Florian Grill est un opposant de longue date \u00e0 ce projet, dont la convention d&rsquo;occupation a \u00e9t\u00e9 sign\u00e9e avec le d\u00e9partement de la Seine-Saint-Denis quelques semaines avant qu&rsquo;il ne prenne la t\u00eate de la f\u00e9d\u00e9ration dans la foul\u00e9e du d\u00e9part contraint de Bernard Laporte.<\/p>\n<p class=\"fig-paragraph\">Ancien s\u00e9lectionneur du XV de France, Bernard Laporte a \u00e9t\u00e9 \u00e9lu pr\u00e9sident de la FFR en d\u00e9cembre 2016 et contraint \u00e0 quitter ses fonctions en janvier 2023, apr\u00e8s avoir \u00e9t\u00e9 reconnu coupable d&rsquo;avoir nou\u00e9 un pacte de corruption avec Mohed Altrad, pr\u00e9sident de Montpellier, par le tribunal correctionnel de Paris. Le proc\u00e8s en appel doit se tenir du 9 au 25 septembre 2026.<\/p>\n<p class=\"fig-paragraph\">Florian Grill avait estim\u00e9 en juillet 2025 \u00e0 31 millions d&rsquo;euros le co\u00fbt du projet Montbrand, pour lequel la F\u00e9d\u00e9ration a d\u00fb s&rsquo;endetter alors qu&rsquo;elle est d\u00e9j\u00e0 dans une situation financi\u00e8re critique.<\/p>\n<p>                                    <a class=\"fig-a11y-skip a11y-hidden\" href=\"#fig-a11y-skip-main-inarticle_mtf\"><br \/>\n        Passer la publicit\u00e9<br \/>\n    <\/a><\/p>\n<p class=\"fig-paragraph\">\u00abLe projet p\u00e8sera significativement et durablement sur les finances de la f\u00e9d\u00e9ration\u00bb a estim\u00e9 la Cour des comptes dans un rapport pr\u00e9liminaire critique sur la gestion financi\u00e8re de la FFR, cit\u00e9 par le Canard encha\u00een\u00e9.<\/p>\n","protected":false},"excerpt":{"rendered":"La F\u00e9d\u00e9ration fran\u00e7aise de rugby a signal\u00e9 \u00e0 la justice les conditions de l\u2019attribution de son projet de&hellip;\n","protected":false},"author":2,"featured_media":496359,"comment_status":"","ping_status":"","sticky":false,"template":"","format":"standard","meta":{"footnotes":""},"categories":[1416],"tags":[61874,1011,27,479,1468,60],"class_list":{"0":"post-496358","1":"post","2":"type-post","3":"status-publish","4":"format-standard","5":"has-post-thumbnail","7":"category-rugby","8":"tag-bernard-laporte","9":"tag-fr","10":"tag-france","11":"tag-rugby","12":"tag-rugby-football","13":"tag-sports"},"share_on_mastodon":{"url":"https:\/\/pubeurope.com\/@fr\/115454140018538546","error":""},"_links":{"self":[{"href":"https:\/\/www.europesays.com\/fr\/wp-json\/wp\/v2\/posts\/496358","targetHints":{"allow":["GET"]}}],"collection":[{"href":"https:\/\/www.europesays.com\/fr\/wp-json\/wp\/v2\/posts"}],"about":[{"href":"https:\/\/www.europesays.com\/fr\/wp-json\/wp\/v2\/types\/post"}],"author":[{"embeddable":true,"href":"https:\/\/www.europesays.com\/fr\/wp-json\/wp\/v2\/users\/2"}],"replies":[{"embeddable":true,"href":"https:\/\/www.europesays.com\/fr\/wp-json\/wp\/v2\/comments?post=496358"}],"version-history":[{"count":0,"href":"https:\/\/www.europesays.com\/fr\/wp-json\/wp\/v2\/posts\/496358\/revisions"}],"wp:featuredmedia":[{"embeddable":true,"href":"https:\/\/www.europesays.com\/fr\/wp-json\/wp\/v2\/media\/496359"}],"wp:attachment":[{"href":"https:\/\/www.europesays.com\/fr\/wp-json\/wp\/v2\/media?parent=496358"}],"wp:term":[{"taxonomy":"category","embeddable":true,"href":"https:\/\/www.europesays.com\/fr\/wp-json\/wp\/v2\/categories?post=496358"},{"taxonomy":"post_tag","embeddable":true,"href":"https:\/\/www.europesays.com\/fr\/wp-json\/wp\/v2\/tags?post=496358"}],"curies":[{"name":"wp","href":"https:\/\/api.w.org\/{rel}","templated":true}]}}