{"id":49636,"date":"2025-04-24T16:56:11","date_gmt":"2025-04-24T16:56:11","guid":{"rendered":"https:\/\/www.europesays.com\/fr\/49636\/"},"modified":"2025-04-24T16:56:11","modified_gmt":"2025-04-24T16:56:11","slug":"girondins-limpression-de-voir-une-equipe-de-bordeaux-completement-cramee","status":"publish","type":"post","link":"https:\/\/www.europesays.com\/fr\/49636\/","title":{"rendered":"Girondins : \u00ab\u00a0L&rsquo;impression de voir une \u00e9quipe de Bordeaux compl\u00e8tement cram\u00e9e\u00a0\u00bb"},"content":{"rendered":"<p><img decoding=\"async\" src=\"https:\/\/www.europesays.com\/fr\/wp-content\/uploads\/2025\/04\/671_77687adf366b9acbdc55a6a965548482.jpg\" alt=\"Girondins : &quot;L'impression de voir une \u00e9quipe de Bordeaux compl\u00e8tement cram\u00e9e&quot;\" class=\"img-responsive mt-3\"\/><\/p>\n<p class=\"text-center mb-3\" style=\"font-size: 14px\">\u00a9 Iconsport<\/p>\n<p style=\"text-align: justify;\">\u00c9coutez les propos ou lisez-les :<\/p>\n<p>\u00a0<\/p>\n<p><strong>\u00ab\u00a0Quand tu perds 6 matchs sur les 8 derniers, il est difficile d&rsquo;aller chercher quelque chose\u00a0\u00bb<\/strong><\/p>\n<p style=\"text-align: justify;\">Jonathan d&rsquo;Agostino dans le <a href=\"https:\/\/www.youtube.com\/watch?v=ZXF-YajvlQE&amp;t=6348s\" target=\"_blank\" rel=\"noopener\">Talk sur WebGirondins<\/a> : \u00ab\u00a0J&rsquo;ai l&rsquo;impression d&rsquo;avoir une \u00e9quipe bordelaise qui est cram\u00e9e. Je ne sentais ni fra\u00eecheur physique ni fra\u00eecheur mentale. Ils ont essay\u00e9, mais il n&rsquo;y a rien de propos\u00e9 et on ne comprend pas ce qui doit \u00eatre fait, la compo n&rsquo;est pas illisible. Tu as l&rsquo;impression que les joueurs sur le terrain n&rsquo;ont pas plus de pr\u00e9cision que nous. C&rsquo;est assez inqui\u00e9tant. D&rsquo;autant que le Stade Briochin n&rsquo;est pas flamboyant, mais ils font la diff\u00e9rence avec leurs entrants dans le dernier quart d&rsquo;heure.<\/p>\n<p style=\"text-align: justify;\">Mon deuxi\u00e8me point c&rsquo;est le syst\u00e8me tactique et l&rsquo;id\u00e9e de jeu qui ne fonctionnent plus, notamment depuis l&rsquo;arriv\u00e9e de Beugre. Le milieu de terrain ne sert strictement \u00e0 rien depuis d\u00e9but de la saison.<\/p>\n<p style=\"text-align: justify;\">Le duo Beugre-Carroll, et le foot en kick and rush, \u00e7a me saoule. On doit \u00eatre capable de faire autre chose dans cette N2 et d&rsquo;\u00eatre plus coh\u00e9rent. L&rsquo;int\u00e9gration de Beugre a plomb\u00e9 nos bases de jeu. L\u2019absence de Bahassa a accentu\u00e9 ce ph\u00e9nom\u00e8ne. Il ne nous restait plus qu&rsquo;\u00e0 allonger. On a essay\u00e9 de passer sur les c\u00f4t\u00e9s en deuxi\u00e8me mi-temps. Mais notre faiblesse technique ajout\u00e9e \u00e0 un Carroll loin du but, je ne vois pas comment nous pouvions marquer un but dans cette configuration.\u00a0\u00bb<\/p>\n<p><strong>\u00ab\u00a0On ne sait m\u00eame pas si on sera vivant \u00e0 la fin de la saison, comment voulez-vous pr\u00e9parer la saison prochaine\u00a0\u00bb<\/strong><\/p>\n<p style=\"text-align: justify;\">\u00a0<\/p>\n<p style=\"text-align: justify;\">\u00ab\u00a0Le dernier point est que c&rsquo;est termin\u00e9 pour esp\u00e9rer monter en N1. Quand tu perds 6 matchs sur les 8 derniers, il est difficile d&rsquo;aller chercher quelque chose cette saison. Quand j&rsquo;entends qu&rsquo;on r\u00e9pare d\u00e9j\u00e0 la saison prochaine alors qu&rsquo;il reste 4 matchs \u00e0 jouer. Finissons d\u00e9j\u00e0 cette saison, et faisons un vrai bilan pour ne pas refaire les m\u00eames erreurs que nous renouvelons depuis 4 ans. Cet \u00e9t\u00e9 sera marqu\u00e9 par un rendez-vous devant le tribunal de commerce. On ne sait m\u00eame pas si on sera vivant \u00e0 la fin de la saison, comment voulez-vous pr\u00e9parer la saison prochaine.\u00a0\u00bb<\/p>\n<p>\u00c0 lire &gt;&gt;\u00a0<strong><a href=\"https:\/\/www.webgirondins.com\/actualite-girondins-girondins-de-bordeaux-comment-peut-on-faire-confiance-a-ces-personnes-qui-ont-detruit-ce-club-proteste-alain-giresse-128826\" target=\"_blank\" rel=\"noopener\">Girondins de Bordeaux : \u00ab\u00a0Comment peut-on faire confiance \u00e0 ces personnes qui ont d\u00e9truit ce club ?\u00a0\u00bb proteste Alain Giresse<\/a><\/strong><\/p>\n","protected":false},"excerpt":{"rendered":"\u00a9 Iconsport \u00c9coutez les propos ou lisez-les : \u00a0 \u00ab\u00a0Quand tu perds 6 matchs sur les 8 derniers,&hellip;\n","protected":false},"author":2,"featured_media":11363,"comment_status":"","ping_status":"","sticky":false,"template":"","format":"standard","meta":{"footnotes":""},"categories":[2817],"tags":[1111,11,14172,1997,10431,3721,14169,14170,8484,2263,1777,674,2823,1011,27,1987,12328,14171,12,2219,25,14173,2858,5234,3840],"class_list":{"0":"post-49636","1":"post","2":"type-post","3":"status-publish","4":"format-standard","5":"has-post-thumbnail","7":"category-bordeaux","8":"tag-actu","9":"tag-actualites","10":"tag-agostino","11":"tag-bordeaux","12":"tag-briochin","13":"tag-chroniqueur","14":"tag-completement","15":"tag-cramee","16":"tag-defaite","17":"tag-equipe","18":"tag-eu","19":"tag-europe","20":"tag-face","21":"tag-fr","22":"tag-france","23":"tag-girondins","24":"tag-impression","25":"tag-jonathan","26":"tag-news","27":"tag-nouvelle-aquitaine","28":"tag-republique-francaise","29":"tag-revient","30":"tag-stade","31":"tag-talk","32":"tag-voir"},"share_on_mastodon":{"url":"https:\/\/pubeurope.com\/@fr\/114393997977718357","error":""},"_links":{"self":[{"href":"https:\/\/www.europesays.com\/fr\/wp-json\/wp\/v2\/posts\/49636","targetHints":{"allow":["GET"]}}],"collection":[{"href":"https:\/\/www.europesays.com\/fr\/wp-json\/wp\/v2\/posts"}],"about":[{"href":"https:\/\/www.europesays.com\/fr\/wp-json\/wp\/v2\/types\/post"}],"author":[{"embeddable":true,"href":"https:\/\/www.europesays.com\/fr\/wp-json\/wp\/v2\/users\/2"}],"replies":[{"embeddable":true,"href":"https:\/\/www.europesays.com\/fr\/wp-json\/wp\/v2\/comments?post=49636"}],"version-history":[{"count":0,"href":"https:\/\/www.europesays.com\/fr\/wp-json\/wp\/v2\/posts\/49636\/revisions"}],"wp:featuredmedia":[{"embeddable":true,"href":"https:\/\/www.europesays.com\/fr\/wp-json\/wp\/v2\/media\/11363"}],"wp:attachment":[{"href":"https:\/\/www.europesays.com\/fr\/wp-json\/wp\/v2\/media?parent=49636"}],"wp:term":[{"taxonomy":"category","embeddable":true,"href":"https:\/\/www.europesays.com\/fr\/wp-json\/wp\/v2\/categories?post=49636"},{"taxonomy":"post_tag","embeddable":true,"href":"https:\/\/www.europesays.com\/fr\/wp-json\/wp\/v2\/tags?post=49636"}],"curies":[{"name":"wp","href":"https:\/\/api.w.org\/{rel}","templated":true}]}}