{"id":496362,"date":"2025-10-28T22:29:12","date_gmt":"2025-10-28T22:29:12","guid":{"rendered":"https:\/\/www.europesays.com\/fr\/496362\/"},"modified":"2025-10-28T22:29:12","modified_gmt":"2025-10-28T22:29:12","slug":"helene-clauzel-tout-est-nouveau-pour-moi-actualite","status":"publish","type":"post","link":"https:\/\/www.europesays.com\/fr\/496362\/","title":{"rendered":"H\u00e9l\u00e8ne Clauzel : \u00ab Tout est nouveau pour moi \u00bb &#8211; Actualit\u00e9"},"content":{"rendered":"<p style=\"text-align: justify;\"><strong>Comme la Championne nationale de cyclo-cross en titre, Amandine Fouquenet, l\u2019Alsacienne\u00a0<a href=\"https:\/\/www.directvelo.com\/coureur\/18316\/helene-clauzel\" target=\"_blank\" rel=\"noopener\">H\u00e9l\u00e8ne Clauzel<\/a> \u00e9tait en lice ce dimanche non pas sur la Coupe de France d\u2019Albi mais sur la deuxi\u00e8me manche du Super Prestige \u00e0 Overijse, \u00e0 proximit\u00e9 de Bruxelles. Contrairement \u00e0 son homologue bretonne mais aussi \u00e0 son actuelle apparence en maillot tout sombre, l\u2019avenir de la double Championne de France 2023 et 2024 s\u2019est r\u00e9cemment \u00e9clairci. Apr\u00e8s trois hivers pass\u00e9s sous les couleurs de l\u2019AS Bike Racing puis la saison derni\u00e8re disput\u00e9e pour le compte du Van Rysel CX Racing Team, elle vient de mettre le cap vers la Belgique, royaume de la discipline hivernale. L\u2019occasion pour DirectVelo d\u2019aller \u00e0 sa rencontre \u00e0 l\u2019issue de sa quatri\u00e8me comp\u00e9tition de la saison.<\/strong><\/p>\n<p><strong>DirectVelo : Pourquoi te voir pour ce deuxi\u00e8me week-end de suite en maillot noir neutre ?<\/strong><br \/>H\u00e9l\u00e8ne Clauzel : Je cours en noir et c\u2019est un peu particulier car mes tenues ne sont pas encore arriv\u00e9es. Normalement, apr\u00e8s le Koppenberg, je les aurai. Je cours en individuel comme Ryan Kamp mais soutenue par les fr\u00e8res Roodhooft (Philip et Christoph pr\u00e9sents en Worldteam avec Alpecin-Deceuninck et Fenix-Deceuninck, et en cyclo-cross avec Crelan-Corendon, NDLR). C\u2019est une nouvelle exp\u00e9rience pour cette nouvelle saison, c\u2019est assez fou. Je suis beaucoup encourag\u00e9e avec ce maillot noir, les gens me reconnaissent presque plus que les saisons pr\u00e9c\u00e9dentes. Il y a m\u00eame des gens qui viennent me voir pour me dire qu\u2019ils pouvaient me sponsoriser.<\/p>\n<p><strong>\u00ab UN \u00c9NORME SOULAGEMENT \u00bb<\/strong><\/p>\n<p><strong>\u00c0 quand remontent les premiers contacts avec les fr\u00e8res Roodhooft ?<\/strong><br \/>J\u2019avais essay\u00e9 de prolonger ma saison derni\u00e8re en Belgique (5e de la finale du Super Prestige \u00e0 Middelkerke et 3e du Prix de cl\u00f4ture \u00e0 Oostmalle, NDLR) pour prouver que j\u2019\u00e9tais capable de faire une saison compl\u00e8te en Belgique. J\u2019ai discut\u00e9 avec eux courant de l\u2019\u00e9t\u00e9 et nous avons sign\u00e9 fin de l\u2019\u00e9t\u00e9.<\/p>\n<p><strong>Cette signature a donc \u00e9t\u00e9 une vraie d\u00e9livrance ?<\/strong><br \/>C\u2019est vraiment compliqu\u00e9 de trouver des \u00e9quipes dans le contexte actuel. J\u2019ai eu un \u00e9t\u00e9 sans savoir ce que j\u2019allais faire de ma saison de cyclo-cross : comment j\u2019allais \u00eatre, o\u00f9 j\u2019allais courir et pour qui j\u2019allais courir. Quand j\u2019ai sign\u00e9, cela a \u00e9t\u00e9 \u00e9videmment un \u00e9norme soulagement. Tout est nouveau pour moi : vivre en Belgique, nouvel entra\u00eeneur, nouveau m\u00e9canicien, tout en anglais. Il faut que je m\u2019adapte. Il va me falloir un peu de temps et c\u2019est normal.<\/p>\n<p><strong>Tu viens donc de poser durablement tes valises en Belgique, apr\u00e8s y avoir d\u00e9j\u00e0 s\u00e9journ\u00e9 par s\u00e9quence avec l\u2019AS Bike Racing voil\u00e0 quelques saisons ?<\/strong><br \/>Je suis soutenue par une \u00e9quipe belge et je vais beaucoup courir en Belgique, donc les trajets n\u2019\u00e9taient pas possibles. Je vis en Belgique pour cet hiver. J\u2019ai un appartement vers Gand, et je vais rentrer de temps en temps chez moi en Alsace, ou mon copain ou mes parents vont venir : c\u2019est aussi important. Nous aurons \u00e9galement des stages en Espagne.<\/p>\n<p><strong>\u00ab J\u2019AI PU PRENDRE MON GO\u00dbTER CHEZ MOI \u00bb<\/strong><\/p>\n<p><strong>La nouvelle proximit\u00e9 fait que tu peux t\u2019entra\u00eener avec d\u2019autres membres de Crelan-Corendon ?<\/strong><br \/>Marion (Norbert-Riberolle, l\u2019actuelle Championne de Belgique et ancienne Championne de France de la discipline) n\u2019est pas tr\u00e8s loin et nous avons roul\u00e9 ensemble mercredi dernier. Nous avons des entra\u00eenements collectifs, donc beaucoup de choses changent pour moi et c\u2019est chouette. Quand on court tous les week-ends, la semaine c\u2019est plus de l\u2019entretien que de l\u2019entra\u00eenement.<\/p>\n<p><strong>Ton calendrier va donc \u00eatre encore plus \u00e9toff\u00e9 que d\u2019habitude ?<\/strong><br \/>L\u2019an dernier, j\u2019avais d\u00e9j\u00e0 beaucoup couru (avec 27 dossards accroch\u00e9s car elle avait commenc\u00e9 sa saison aux USA mi-septembre en gagnant les huit \u00e9preuves auxquelles elle avait particip\u00e9 l\u00e0-bas, NDLR). La saison va \u00eatre bien bien dense et encore plus que l\u2019hiver pass\u00e9 avec une bonne trentaine de courses. Je me consid\u00e8re comme cross-woman ! Il va y avoir la grosse p\u00e9riode des comp\u00e9titions pendant les f\u00eates : je n\u2019ai jamais couru autant ; cela va \u00eatre une nouvelle exp\u00e9rience o\u00f9 il va falloir g\u00e9rer l\u2019entre-courses mais en vivant en Belgique je vais avoir le m\u00eame rythme que les autres. La semaine derni\u00e8re, je suis rentr\u00e9e de la course \u00e0 16h30 et j\u2019ai pu prendre mon go\u00fbter chez moi donc c\u2019\u00e9tait assez fou. En fait je me rends compte de ce que peuvent vivre les Belges et les N\u00e9erlandais au quotidien durant tout l\u2019hiver et au final \u00e7a fait vraiment une grosse diff\u00e9rence : je vais vivre cela.<\/p>\n<p><strong>Le parcours du Championnat d\u2019Europe est donc \u00e0 proximit\u00e9 de chez toi ?<\/strong><br \/>Je ne suis pas tr\u00e8s loin, \u00e0 une demi heure trois quarts d\u2019heure du circuit de Middelkerke, mais il est dans une base militaire, donc on ne pourra pas y aller super t\u00f4t. Je vais me renseigner et on ira peut-\u00eatre y faire un tour avec Marion. En tant que Championne de Belgique, on va peut-\u00eatre r\u00e9ussir \u00e0 rentrer plus facilement (rires).<\/p>\n","protected":false},"excerpt":{"rendered":"Comme la Championne nationale de cyclo-cross en titre, Amandine Fouquenet, l\u2019Alsacienne\u00a0H\u00e9l\u00e8ne Clauzel \u00e9tait en lice ce dimanche non&hellip;\n","protected":false},"author":2,"featured_media":496363,"comment_status":"","ping_status":"","sticky":false,"template":"","format":"standard","meta":{"footnotes":""},"categories":[1411],"tags":[834,828,836,829,837,827,83,826,824,823,1154,207,814,817,815,816,822,821,832,211,839,1011,27,820,818,819,835,831,830,833,838,60,212,208,825],"class_list":{"0":"post-496362","1":"post","2":"type-post","3":"status-publish","4":"format-standard","5":"has-post-thumbnail","7":"category-cyclisme","8":"tag-attaque","9":"tag-belgique","10":"tag-braquet","11":"tag-bretagne","12":"tag-chute","13":"tag-competition","14":"tag-coupe-de-france","15":"tag-coureur","16":"tag-course-cyclisme","17":"tag-course-cycliste","18":"tag-cycling","19":"tag-cyclisme","20":"tag-direct","21":"tag-direct-velo","22":"tag-directvelo","23":"tag-directvelo-com","24":"tag-epreuve","25":"tag-epreuve-cycliste","26":"tag-federation-francaise-de-cyclisme","27":"tag-ffc","28":"tag-flandres","29":"tag-fr","30":"tag-france","31":"tag-live","32":"tag-live-course","33":"tag-live-epreuve","34":"tag-peloton","35":"tag-radio-peloton","36":"tag-radio-tour","37":"tag-ravitaillement","38":"tag-relance","39":"tag-sports","40":"tag-uci","41":"tag-velo","42":"tag-velos"},"share_on_mastodon":{"url":"https:\/\/pubeurope.com\/@fr\/115454159473843281","error":""},"_links":{"self":[{"href":"https:\/\/www.europesays.com\/fr\/wp-json\/wp\/v2\/posts\/496362","targetHints":{"allow":["GET"]}}],"collection":[{"href":"https:\/\/www.europesays.com\/fr\/wp-json\/wp\/v2\/posts"}],"about":[{"href":"https:\/\/www.europesays.com\/fr\/wp-json\/wp\/v2\/types\/post"}],"author":[{"embeddable":true,"href":"https:\/\/www.europesays.com\/fr\/wp-json\/wp\/v2\/users\/2"}],"replies":[{"embeddable":true,"href":"https:\/\/www.europesays.com\/fr\/wp-json\/wp\/v2\/comments?post=496362"}],"version-history":[{"count":0,"href":"https:\/\/www.europesays.com\/fr\/wp-json\/wp\/v2\/posts\/496362\/revisions"}],"wp:featuredmedia":[{"embeddable":true,"href":"https:\/\/www.europesays.com\/fr\/wp-json\/wp\/v2\/media\/496363"}],"wp:attachment":[{"href":"https:\/\/www.europesays.com\/fr\/wp-json\/wp\/v2\/media?parent=496362"}],"wp:term":[{"taxonomy":"category","embeddable":true,"href":"https:\/\/www.europesays.com\/fr\/wp-json\/wp\/v2\/categories?post=496362"},{"taxonomy":"post_tag","embeddable":true,"href":"https:\/\/www.europesays.com\/fr\/wp-json\/wp\/v2\/tags?post=496362"}],"curies":[{"name":"wp","href":"https:\/\/api.w.org\/{rel}","templated":true}]}}