{"id":49637,"date":"2025-04-24T16:57:10","date_gmt":"2025-04-24T16:57:10","guid":{"rendered":"https:\/\/www.europesays.com\/fr\/49637\/"},"modified":"2025-04-24T16:57:10","modified_gmt":"2025-04-24T16:57:10","slug":"un-accident-provoque-un-gros-bouchon-sur-le-peripherique-de-toulouse","status":"publish","type":"post","link":"https:\/\/www.europesays.com\/fr\/49637\/","title":{"rendered":"Un accident provoque un gros bouchon sur le p\u00e9riph\u00e9rique de Toulouse"},"content":{"rendered":"<p>            Par<br \/>\n        <strong><br \/>\n            <a href=\"https:\/\/actu.fr\/auteur\/david-saint-sernin\" title=\"Consulter tous les articles de David Saint-Sernin\" target=\"_blank\" rel=\"noopener\">David Saint-Sernin<\/a><br \/>\n        <\/strong><\/p>\n<p>        Publi\u00e9 le<\/p>\n<p>            24 avr. 2025 \u00e0 17h58        <\/p>\n<p>M\u00eame pendant les vacances, circuler sur <a href=\"https:\/\/actu.fr\/occitanie\/toulouse_31555\/peripherique-de-toulouse-une-portion-sera-fermee-a-la-circulation-tout-le-week-end_62550115.html\" target=\"_blank\" rel=\"noopener\">le p\u00e9riph\u00e9rique de Toulouse<\/a> peut rapidement devenir une<strong> grosse gal\u00e8re.<\/strong> C\u2019est le cas jeudi 24\u00a0avril 2025 suite \u00e0 un accident \u00e0 l\u2019ouest de <strong>Toulouse.<\/strong><\/p>\n<p class=\" wall-content\">Cet <strong>accident<\/strong> s\u2019est produit sur le p\u00e9riph\u00e9rique int\u00e9rieur, au niveau de l\u2019\u00e9changeur des Sept-Deniers en direction du nord, en direction du nord de la ville.<\/p>\n<p>Un accident, et plus de 7km de bouchon<\/p>\n<p class=\" wall-content\">Il implique deux v\u00e9hicules, dont un poids lourd, selon Bison Fut\u00e9. La cons\u00e9quence a \u00e9t\u00e9 imm\u00e9diate. Vers 17h30, plus de 7 kilom\u00e8tres de bouchon \u00e9taient enregistr\u00e9s sur le p\u00e9riph\u00e9rique.<\/p>\n<p>      <img   decoding=\"async\" loading=\"lazy\" src=\"https:\/\/www.europesays.com\/fr\/wp-content\/uploads\/2025\/04\/capture-decran-2025-04-24-174416-960x640.png\" alt=\"Un accident provoque de gros bouchons, jeudi 24 avril 2025, sur le p\u00e9riph\u00e9rique de Toulouse.\" width=\"960\" height=\"640\"\/><br \/>\n    Un accident provoque de gros bouchons, jeudi 24\u00a0avril 2025, sur le p\u00e9riph\u00e9rique de Toulouse. (\u00a9Capture d\u2019\u00e9cran Bison Fut\u00e9)<\/p>\n<p class=\" wall-content\">\n<p class=\" wall-content\">Un bouchon qui remonte \u00e9galement lorsqu\u2019on arrive de l\u2019a\u00e9roport et de Colomiers. C\u2019est tout l\u2019ouest de la ville qui voit rouge au niveau de la circulation.<\/p>\n<p>Vid\u00e9os : en ce moment sur Actu<\/p>\n<p class=\" wall-content\">\u00c0 noter que dans l\u2019autre sens, mais plus au sud de la ville, un bouchon de plus de quasiment 5 kilom\u00e8tres s\u2019est form\u00e9 entre les \u00e9changeurs de Langlade et la bifurcation de l\u2019A620.<\/p>\n<p class=\" wall-content\">Suivez toute l\u2019actualit\u00e9 de vos villes et m\u00e9dias favoris en vous inscrivant \u00e0 <a href=\"https:\/\/moncompte.actu.fr\" title=\"D\u00e9couvez Mon Actu\" rel=\"nofollow noopener\" data-trk=\"{&quot;cta&quot;:{&quot;action&quot;:&quot;https:\\\/\\\/moncompte.actu.fr&quot;,&quot;category&quot;:&quot;mon compte&quot;,&quot;from&quot;:&quot;article footer&quot;,&quot;name&quot;:&quot;Mon actu&quot;,&quot;type&quot;:&quot;cta&quot;}}\" target=\"_blank\">Mon Actu<\/a>.<\/p>\n<ul class=\"ac-article-tag wall-content\">\n<li><a href=\"https:\/\/actu.fr\/tag\/accident\" data-trk=\"{&quot;cta&quot;:{&quot;action&quot;:&quot;Accident&quot;,&quot;category&quot;:&quot;tag&quot;,&quot;from&quot;:&quot;article footer&quot;,&quot;name&quot;:&quot;Accident&quot;,&quot;type&quot;:&quot;cta&quot;}}\" target=\"_blank\" rel=\"noopener\">#Accident<\/a><\/li>\n<li><a href=\"https:\/\/actu.fr\/tag\/peripherique-de-toulouse\" data-trk=\"{&quot;cta&quot;:{&quot;action&quot;:&quot;P\\u00e9riph\\u00e9rique de Toulouse&quot;,&quot;category&quot;:&quot;tag&quot;,&quot;from&quot;:&quot;article footer&quot;,&quot;name&quot;:&quot;P\\u00e9riph\\u00e9rique de Toulouse&quot;,&quot;type&quot;:&quot;cta&quot;}}\" target=\"_blank\" rel=\"noopener\">#P\u00e9riph\u00e9rique de Toulouse<\/a><\/li>\n<\/ul>\n","protected":false},"excerpt":{"rendered":"Par David Saint-Sernin Publi\u00e9 le 24 avr. 2025 \u00e0 17h58 M\u00eame pendant les vacances, circuler sur le p\u00e9riph\u00e9rique&hellip;\n","protected":false},"author":2,"featured_media":49638,"comment_status":"","ping_status":"","sticky":false,"template":"","format":"standard","meta":{"footnotes":""},"categories":[2816],"tags":[119,1111,11,1777,674,1011,27,12,2680,4800,25,104,2312],"class_list":{"0":"post-49637","1":"post","2":"type-post","3":"status-publish","4":"format-standard","5":"has-post-thumbnail","7":"category-toulouse","8":"tag-accident","9":"tag-actu","10":"tag-actualites","11":"tag-eu","12":"tag-europe","13":"tag-fr","14":"tag-france","15":"tag-news","16":"tag-occitanie","17":"tag-peripherique-de-toulouse","18":"tag-republique-francaise","19":"tag-societe","20":"tag-toulouse"},"share_on_mastodon":{"url":"https:\/\/pubeurope.com\/@fr\/114394001817380023","error":""},"_links":{"self":[{"href":"https:\/\/www.europesays.com\/fr\/wp-json\/wp\/v2\/posts\/49637","targetHints":{"allow":["GET"]}}],"collection":[{"href":"https:\/\/www.europesays.com\/fr\/wp-json\/wp\/v2\/posts"}],"about":[{"href":"https:\/\/www.europesays.com\/fr\/wp-json\/wp\/v2\/types\/post"}],"author":[{"embeddable":true,"href":"https:\/\/www.europesays.com\/fr\/wp-json\/wp\/v2\/users\/2"}],"replies":[{"embeddable":true,"href":"https:\/\/www.europesays.com\/fr\/wp-json\/wp\/v2\/comments?post=49637"}],"version-history":[{"count":0,"href":"https:\/\/www.europesays.com\/fr\/wp-json\/wp\/v2\/posts\/49637\/revisions"}],"wp:featuredmedia":[{"embeddable":true,"href":"https:\/\/www.europesays.com\/fr\/wp-json\/wp\/v2\/media\/49638"}],"wp:attachment":[{"href":"https:\/\/www.europesays.com\/fr\/wp-json\/wp\/v2\/media?parent=49637"}],"wp:term":[{"taxonomy":"category","embeddable":true,"href":"https:\/\/www.europesays.com\/fr\/wp-json\/wp\/v2\/categories?post=49637"},{"taxonomy":"post_tag","embeddable":true,"href":"https:\/\/www.europesays.com\/fr\/wp-json\/wp\/v2\/tags?post=49637"}],"curies":[{"name":"wp","href":"https:\/\/api.w.org\/{rel}","templated":true}]}}