{"id":496370,"date":"2025-10-28T22:35:10","date_gmt":"2025-10-28T22:35:10","guid":{"rendered":"https:\/\/www.europesays.com\/fr\/496370\/"},"modified":"2025-10-28T22:35:10","modified_gmt":"2025-10-28T22:35:10","slug":"avec-yoroi-orelsan-en-nigaud-trip-liberation","status":"publish","type":"post","link":"https:\/\/www.europesays.com\/fr\/496370\/","title":{"rendered":"Avec \u00abYoro\u00ef\u00bb, Orelsan en nigaud trip \u2013 Lib\u00e9ration"},"content":{"rendered":"<p class=\"sc-cPiKLX AiZTS text-element\">Au bout de <a href=\"https:\/\/www.liberation.fr\/culture\/musique\/civilisation-le-gland-soir-dorelsan-20211119_ZWBOFJ3NX5B3JKBEBQR7QYUCTE\/\" target=\"_blank\" rel=\"noreferrer nofollow noopener\" title=\"https:\/\/www.liberation.fr\/culture\/musique\/civilisation-le-gland-soir-dorelsan-20211119_ZWBOFJ3NX5B3JKBEBQR7QYUCTE\/\">trois ans d\u2019absence<\/a>, Orelsan est de retour dans Yoro\u00ef, l\u2019armure en japonais, et dans <a href=\"https:\/\/www.liberation.fr\/culture\/musique\/orelsan-gagne-davance-20211118_YQAXOQ57QVAWNMIVLW7ASMTDFM\/\" target=\"_blank\" rel=\"noreferrer nofollow noopener\" title=\"https:\/\/www.liberation.fr\/culture\/musique\/orelsan-gagne-davance-20211118_YQAXOQ57QVAWNMIVLW7ASMTDFM\/\">son propre r\u00f4le de rappeur normand<\/a> devenu superstar des 18-34 ans, lessiv\u00e9 par la tourn\u00e9e, les selfies, les satan\u00e9es notifications sur le t\u00e9l\u00e9phone. Pour fuir les gal\u00e8res, Aur\u00e9lien s\u2019installe dans un Japon de carte postale avec sa compagne d\u2019origine nipponne\u2026 mais quand il tombe sur une vieille armure qui lui colle \u00e0 la peau, ses d\u00e9mons le rattrapent. Chaque nuit, ils prennent la forme de yoka\u00ef, des cr\u00e9atures un peu laides en effets sp\u00e9ciaux qui viennent le hanter dans des sc\u00e8nes de bagarre interminables. Avec la subtilit\u00e9 m\u00e9taphorique d\u2019un jeu de cartes Pok\u00e9mon : il y a le monstre de la c\u00e9l\u00e9brit\u00e9 avec ses flashs qui cr\u00e9pitent, celui de la tentation \u2013 une danseuse dont le cou s\u2019\u00e9tire comme celui d\u2019un serpent \u2013 ou un genre de monstre politicien \u00e0 trois faces qui appara\u00eet quand Orelsan tombe sur les visages du trio M\u00e9lenchon-Macron-Barde <\/p>\n","protected":false},"excerpt":{"rendered":"Au bout de trois ans d\u2019absence, Orelsan est de retour dans Yoro\u00ef, l\u2019armure en japonais, et dans son&hellip;\n","protected":false},"author":2,"featured_media":496371,"comment_status":"","ping_status":"","sticky":false,"template":"","format":"standard","meta":{"footnotes":""},"categories":[1355],"tags":[58,59,1011,27,1361,873,21953],"class_list":{"0":"post-496370","1":"post","2":"type-post","3":"status-publish","4":"format-standard","5":"has-post-thumbnail","7":"category-musique","8":"tag-divertissement","9":"tag-entertainment","10":"tag-fr","11":"tag-france","12":"tag-music","13":"tag-musique","14":"tag-orelsan"},"share_on_mastodon":{"url":"https:\/\/pubeurope.com\/@fr\/115454183058777575","error":""},"_links":{"self":[{"href":"https:\/\/www.europesays.com\/fr\/wp-json\/wp\/v2\/posts\/496370","targetHints":{"allow":["GET"]}}],"collection":[{"href":"https:\/\/www.europesays.com\/fr\/wp-json\/wp\/v2\/posts"}],"about":[{"href":"https:\/\/www.europesays.com\/fr\/wp-json\/wp\/v2\/types\/post"}],"author":[{"embeddable":true,"href":"https:\/\/www.europesays.com\/fr\/wp-json\/wp\/v2\/users\/2"}],"replies":[{"embeddable":true,"href":"https:\/\/www.europesays.com\/fr\/wp-json\/wp\/v2\/comments?post=496370"}],"version-history":[{"count":0,"href":"https:\/\/www.europesays.com\/fr\/wp-json\/wp\/v2\/posts\/496370\/revisions"}],"wp:featuredmedia":[{"embeddable":true,"href":"https:\/\/www.europesays.com\/fr\/wp-json\/wp\/v2\/media\/496371"}],"wp:attachment":[{"href":"https:\/\/www.europesays.com\/fr\/wp-json\/wp\/v2\/media?parent=496370"}],"wp:term":[{"taxonomy":"category","embeddable":true,"href":"https:\/\/www.europesays.com\/fr\/wp-json\/wp\/v2\/categories?post=496370"},{"taxonomy":"post_tag","embeddable":true,"href":"https:\/\/www.europesays.com\/fr\/wp-json\/wp\/v2\/tags?post=496370"}],"curies":[{"name":"wp","href":"https:\/\/api.w.org\/{rel}","templated":true}]}}