{"id":496383,"date":"2025-10-28T22:42:13","date_gmt":"2025-10-28T22:42:13","guid":{"rendered":"https:\/\/www.europesays.com\/fr\/496383\/"},"modified":"2025-10-28T22:42:13","modified_gmt":"2025-10-28T22:42:13","slug":"bresil-a-rio-au-moins-64-morts-dans-loperation-de-police-anti-drogue-la-plus-meurtriere-de-lhistoire-de-la-ville","status":"publish","type":"post","link":"https:\/\/www.europesays.com\/fr\/496383\/","title":{"rendered":"Br\u00e9sil. A Rio, au moins 64 morts dans l&rsquo;op\u00e9ration de police anti-drogue la plus meurtri\u00e8re de l&rsquo;histoire de la ville"},"content":{"rendered":"<p>Une op\u00e9ration polici\u00e8re d&rsquo;ampleur a \u00e9t\u00e9 lanc\u00e9e aux premi\u00e8res heures du jour, mardi, \u00e0 Rio, contre l&rsquo;un des principaux gangs de narcotrafiquants du Br\u00e9sil. Avec au moins 64 personnes mortes, il s&rsquo;agit de l&rsquo;op\u00e9ration la plus meurtri\u00e8re de l&rsquo;histoire de la ville.<\/p>\n<p>Les op\u00e9rations polici\u00e8res muscl\u00e9es sont, malgr\u00e9 leur efficacit\u00e9 contest\u00e9e, fr\u00e9quentes \u00e0 Rio. Elles visent notamment les favelas, quartiers pauvres et dens\u00e9ment peupl\u00e9s vivant souvent sous le joug de trafiquants de drogue. Tirs intenses, barricades, incendies : l&rsquo;op\u00e9ration de mardi, qui a mobilis\u00e9 2 500 agents, s&rsquo;est concentr\u00e9e sur deux ensembles de favelas du nord de Rio, Complexo da Penha et Complexo do Alemao, situ\u00e9es \u00e0 proximit\u00e9 de l&rsquo;a\u00e9roport international.<\/p>\n<p>Le bilan s&rsquo;est alourdi \u00e0 64 morts, dont quatre policiers, a indiqu\u00e9 \u00e0 l&rsquo;AFP une source des services de s\u00e9curit\u00e9 de l&rsquo;Etat de Rio, sans pouvoir dire si les autres victimes \u00e9taient toutes des suspects. Le premier bilan officiel faisait \u00e9tat de 18 suspects tu\u00e9s.<\/p>\n<p>Le Haut-Commissariat des Nations Unies aux droits de l&rsquo;homme (HCDH) s&rsquo;est dit mardi \u00ab horrifi\u00e9 \u00bb par le bilan humain de cette op\u00e9ration.<\/p>\n<p>Des dizaines de fusils d&rsquo;assaut saisis<\/p>\n<p>Les autorit\u00e9s ont aussi annonc\u00e9 l&rsquo;arrestation mardi de \u00ab 81 criminels \u00bb et la saisie de 42 fusils d&rsquo;assaut. Un photographe de l&rsquo;AFP a vu des dizaines de policiers lourdement arm\u00e9s emmenant des groupes de jeunes hommes interpell\u00e9s, pour la plupart pieds et torse nus, \u00e0 Vila Cruzeiro, une favela du Complexo da Penha. La vie \u00e9tait presque \u00e0 l&rsquo;arr\u00eat dans cette favela, o\u00f9 r\u00e9sonnaient de nombreux tirs, a-t-il constat\u00e9. \u00ab Plus de 200 000 r\u00e9sidents demeurent affect\u00e9s par la fermeture des \u00e9coles et les unit\u00e9s de sant\u00e9 aux services suspendus \u00bb, a indiqu\u00e9 l&rsquo;Assembl\u00e9e l\u00e9gislative de l&rsquo;Etat de Rio.<\/p>\n<p>L&rsquo;op\u00e9ration vise \u00e0 \u00ab combattre l&rsquo;expansion territoriale du Comando Vermelho (Commando rouge) \u00bb, l&rsquo;une des principales factions criminelles du Br\u00e9sil, implant\u00e9e dans plusieurs Etats du pays, a pr\u00e9cis\u00e9 le gouvernement de l&rsquo;Etat de Rio sur le r\u00e9seau social X.<\/p>\n<p>Fid\u00e8le de l&rsquo;ancien pr\u00e9sident d&rsquo;extr\u00eame droite Jair Bolsonaro, le gouverneur Claudio Castro a \u00e9voqu\u00e9 la saisie d&rsquo;\u00ab une grande quantit\u00e9 de drogue \u00bb, sans donner davantage de pr\u00e9cision. Les policiers ont mobilis\u00e9 deux h\u00e9licopt\u00e8res, 32 v\u00e9hicules blind\u00e9s et \u00ab douze v\u00e9hicules de d\u00e9molition \u00bb utilis\u00e9s pour d\u00e9truire des barricades dress\u00e9es par les narcotrafiquants pour emp\u00eacher le passage de la police dans les ruelles des favelas.<\/p>\n<p>Claudio Castro a publi\u00e9 sur X une vid\u00e9o d&rsquo;un drone lan\u00e7ant un projectile depuis le ciel nuageux. \u00ab C&rsquo;est comme \u00e7a que la police de Rio est re\u00e7ue par les criminels: avec des bombes lanc\u00e9es par des drones. C&rsquo;est l&rsquo;ampleur du d\u00e9fi auquel nous faisons face. Il ne s&rsquo;agit pas de crime ordinaire, mais de narcoterrorisme \u00bb, a-t-il comment\u00e9.<\/p>\n<p>Des images circulant sur les r\u00e9seaux sociaux montrent aussi de longues colonnes de fum\u00e9e s&rsquo;\u00e9chappant d&rsquo;une favela, tandis que retentissent des rafales de tirs.<\/p>\n<p>700 morts par an<\/p>\n<p>Des sp\u00e9cialistes et organisations de d\u00e9fense des droits humains critiquent cette strat\u00e9gie des forces de s\u00e9curit\u00e9, la jugeant peu efficace contre les organisations criminelles.<\/p>\n<p>La commission des droits de l&rsquo;homme de l&rsquo;Assembl\u00e9e l\u00e9gislative de Rio a annonc\u00e9 qu&rsquo;elle exigerait \u00ab des explications sur les circonstances de l&rsquo;action, qui a de nouveau transform\u00e9 les favelas de Rio en un th\u00e9\u00e2tre de guerre et de barbarie \u00bb, selon la d\u00e9put\u00e9e Dani Monteiro, pr\u00e9sidente de la commission. En 2024, environ 700 personnes sont mortes lors d&rsquo;interventions des forces de l&rsquo;ordre \u00e0 Rio de Janeiro, soit presque deux par jour.<\/p>\n","protected":false},"excerpt":{"rendered":"Une op\u00e9ration polici\u00e8re d&rsquo;ampleur a \u00e9t\u00e9 lanc\u00e9e aux premi\u00e8res heures du jour, mardi, \u00e0 Rio, contre l&rsquo;un des&hellip;\n","protected":false},"author":2,"featured_media":496384,"comment_status":"","ping_status":"","sticky":false,"template":"","format":"standard","meta":{"footnotes":""},"categories":[5],"tags":[11,271,272,274,107,1011,27,329,14,12,28],"class_list":{"0":"post-496383","1":"post","2":"type-post","3":"status-publish","4":"format-standard","5":"has-post-thumbnail","7":"category-international","8":"tag-actualites","9":"tag-crime","10":"tag-delit-et-contravention","11":"tag-faits-divers-justice","12":"tag-fil-info","13":"tag-fr","14":"tag-france","15":"tag-france-monde","16":"tag-international","17":"tag-news","18":"tag-world"},"share_on_mastodon":{"url":"https:\/\/pubeurope.com\/@fr\/115454210550731333","error":""},"_links":{"self":[{"href":"https:\/\/www.europesays.com\/fr\/wp-json\/wp\/v2\/posts\/496383","targetHints":{"allow":["GET"]}}],"collection":[{"href":"https:\/\/www.europesays.com\/fr\/wp-json\/wp\/v2\/posts"}],"about":[{"href":"https:\/\/www.europesays.com\/fr\/wp-json\/wp\/v2\/types\/post"}],"author":[{"embeddable":true,"href":"https:\/\/www.europesays.com\/fr\/wp-json\/wp\/v2\/users\/2"}],"replies":[{"embeddable":true,"href":"https:\/\/www.europesays.com\/fr\/wp-json\/wp\/v2\/comments?post=496383"}],"version-history":[{"count":0,"href":"https:\/\/www.europesays.com\/fr\/wp-json\/wp\/v2\/posts\/496383\/revisions"}],"wp:featuredmedia":[{"embeddable":true,"href":"https:\/\/www.europesays.com\/fr\/wp-json\/wp\/v2\/media\/496384"}],"wp:attachment":[{"href":"https:\/\/www.europesays.com\/fr\/wp-json\/wp\/v2\/media?parent=496383"}],"wp:term":[{"taxonomy":"category","embeddable":true,"href":"https:\/\/www.europesays.com\/fr\/wp-json\/wp\/v2\/categories?post=496383"},{"taxonomy":"post_tag","embeddable":true,"href":"https:\/\/www.europesays.com\/fr\/wp-json\/wp\/v2\/tags?post=496383"}],"curies":[{"name":"wp","href":"https:\/\/api.w.org\/{rel}","templated":true}]}}