{"id":496385,"date":"2025-10-28T22:43:11","date_gmt":"2025-10-28T22:43:11","guid":{"rendered":"https:\/\/www.europesays.com\/fr\/496385\/"},"modified":"2025-10-28T22:43:11","modified_gmt":"2025-10-28T22:43:11","slug":"le-coup-de-com-de-lfi-a-la-prison-de-la-sante-passe-mal","status":"publish","type":"post","link":"https:\/\/www.europesays.com\/fr\/496385\/","title":{"rendered":"Le \u00abcoup de com\u00bb de LFI \u00e0 la prison de la Sant\u00e9 passe mal"},"content":{"rendered":"<p>\n    <strong>D\u00c9CRYPTAGE <\/strong>&#8211; Deux d\u00e9put\u00e9s Insoumis ont visit\u00e9 lundi la maison d\u2019arr\u00eat o\u00f9 est incarc\u00e9r\u00e9 Nicolas Sarkozy, suscitant une pol\u00e9mique compl\u00e8tement assum\u00e9e.<\/p>\n<p class=\"fig-paragraph\">Il s\u2019agissait bien d\u2019un \u00ab\u00a0coup de com\u00a0\u00bb. Le d\u00e9put\u00e9 Insoumis\u00a0<a href=\"https:\/\/video.lefigaro.fr\/figaro\/politique\/loi-immigration-le-depute-lfi-ugo-bernalicis-provoque-un-important-incident-de-seance-20231201\" target=\"_blank\" data-fig-type=\"Video\" rel=\"noopener\" data-gtm-custom-categorie=\"navigation\" data-gtm-custom-action=\"crossclick\" data-gtm-custom-label=\"Contextuel\" data-gtm-event=\"customEventSPE\" data-fig-domain=\"LEFIGARO\">Ugo Bernalicis<\/a>\u00a0l\u2019a assum\u00e9 sur RMC mardi, au lendemain de sa visite controvers\u00e9e de la\u00a0prison de la Sant\u00e9, \u00e0 Paris, o\u00f9\u00a0<a href=\"http:\/\/www.lefigaro.fr\/vox\/medias\/la-semaine-du-figarovox-l-incarceration-de-nicolas-sarkozy-ou-la-defaite-de-la-politique-20251024\" target=\"_blank\" data-fig-type=\"Article\" rel=\"noopener\" data-gtm-custom-categorie=\"navigation\" data-gtm-custom-action=\"crossclick\" data-gtm-custom-label=\"Contextuel\" data-gtm-event=\"customEventSPE\" data-fig-domain=\"LEFIGARO\">Nicolas Sarkozy<\/a>\u00a0est incarc\u00e9r\u00e9 depuis une semaine. \u00ab\u00a0J\u2019assume \u00e0 100\u00a0% si le coup de com me permet de faire avancer la compr\u00e9hension du mode de fonctionnement de la prison, de l\u2019enfer que repr\u00e9sente la surpopulation carc\u00e9rale\u00a0\u00bb, s\u2019est justifi\u00e9 l\u2019\u00e9lu d\u2019extr\u00eame gauche, engag\u00e9 de longue date sur les conditions de d\u00e9tention. \u00ab\u00a0Personne n\u2019est fait pour la prison. Et \u00e7a vaut pour Sarkozy. Et si \u00e7a vaut pour Sarkozy, \u00e7a vaut pour tous les autres. Je serai particuli\u00e8rement attentif au sort r\u00e9serv\u00e9 \u00e0 ce monsieur de 75\u00a0ans, crois\u00e9 dans une cellule du Q5, en d\u00e9tention provisoire pour association de malfaiteurs, et qui a lui aussi fait une demande de mise en libert\u00e9\u00a0\u00bb, a-t-il ajout\u00e9 sur ses r\u00e9seaux sociaux.<\/p>\n<p class=\"fig-paragraph\">Accompagn\u00e9 de sa coll\u00e8gue\u00a0<a href=\"http:\/\/www.lefigaro.fr\/politique\/la-deputee-lfi-daniele-obono-regrette-que-son-mouvement-soit-reste-celui-de-la-gauche-blanche-20250213\" data-fig-type=\"NewsFlash\" data-gtm-custom-categorie=\"navigation\" data-gtm-custom-action=\"crossclick\" data-gtm-custom-label=\"Contextuel\" data-gtm-event=\"customEventSPE\" data-fig-domain=\"LEFIGARO\" target=\"_blank\" rel=\"noopener\">Dani\u00e8le Obono<\/a>\u00a0ainsi que de journalistes du Monde et de Politis, Ugo Bernalicis a\u2026<\/p>\n<p class=\"fig-premium-paywall__infos\">\n        Cet article est r\u00e9serv\u00e9 aux abonn\u00e9s.        Il vous reste 83% \u00e0 d\u00e9couvrir.\n    <\/p>\n<p>                <img  data- alt=\"Le Figaro\" class=\"fig-img--complete fig-img\"\/><\/p>\n<p class=\"fig-premium-paywall__title\">Vous avez envie de lire la suite ?<\/p>\n<p class=\"fig-premium-paywall__subtitle\">D\u00e9bloquez tous les articles imm\u00e9diatement.<\/p>\n<p class=\"fig-premium-paywall__connect\">\n                D\u00e9j\u00e0 abonn\u00e9\u00a0?                <a class=\"fig-premium-paywall__connect-link\" href=\"https:\/\/connect.lefigaro.fr\/login?client=horizon_web&amp;type=main&amp;redirect_uri=https%3A%2F%2Fwww.lefigaro.fr%2Fpolitique%2Fle-coup-de-com-de-lfi-a-la-prison-de-la-sante-passe-mal-20251028\" data-js-gtm=\"{&quot;customCategorie&quot;: &quot;conversion&quot;, &quot;customAction&quot;: &quot;before_Landing_Connexion_paywall_auto&quot;, &quot;customLabel&quot;: &quot;bGVmaWdhcm8uZnJfXzFmMGIzZTkxLWEyZjktNjcxYy1iZDkzLWQ5ZTBiOTg0NGVhYV9fQXJ0aWNsZQ==_Le \u00abcoup de com\u00bb de LFI \u00e0 la prison de la Sant\u00e9 passe mal_105&quot;, &quot;customIDSPE&quot;: &quot;bGVmaWdhcm8uZnJfXzFmMGIzZTkxLWEyZjktNjcxYy1iZDkzLWQ5ZTBiOTg0NGVhYV9fQXJ0aWNsZQ==&quot;, &quot;event&quot;: &quot;customEventSPE&quot;}\" target=\"_blank\" rel=\"noopener\"><br \/>\n                    Connectez-vous<br \/>\n                <\/a>\n            <\/p>\n","protected":false},"excerpt":{"rendered":"D\u00c9CRYPTAGE &#8211; Deux d\u00e9put\u00e9s Insoumis ont visit\u00e9 lundi la maison d\u2019arr\u00eat o\u00f9 est incarc\u00e9r\u00e9 Nicolas Sarkozy, suscitant une&hellip;\n","protected":false},"author":2,"featured_media":496386,"comment_status":"","ping_status":"","sticky":false,"template":"","format":"standard","meta":{"footnotes":""},"categories":[4],"tags":[11,1011,27,2338,12,3091,45344,25],"class_list":{"0":"post-496385","1":"post","2":"type-post","3":"status-publish","4":"format-standard","5":"has-post-thumbnail","7":"category-france","8":"tag-actualites","9":"tag-fr","10":"tag-france","11":"tag-la-france-insoumise","12":"tag-news","13":"tag-nicolas-sarkozy","14":"tag-prison-de-la-sante","15":"tag-republique-francaise"},"share_on_mastodon":{"url":"https:\/\/pubeurope.com\/@fr\/115454214530010179","error":""},"_links":{"self":[{"href":"https:\/\/www.europesays.com\/fr\/wp-json\/wp\/v2\/posts\/496385","targetHints":{"allow":["GET"]}}],"collection":[{"href":"https:\/\/www.europesays.com\/fr\/wp-json\/wp\/v2\/posts"}],"about":[{"href":"https:\/\/www.europesays.com\/fr\/wp-json\/wp\/v2\/types\/post"}],"author":[{"embeddable":true,"href":"https:\/\/www.europesays.com\/fr\/wp-json\/wp\/v2\/users\/2"}],"replies":[{"embeddable":true,"href":"https:\/\/www.europesays.com\/fr\/wp-json\/wp\/v2\/comments?post=496385"}],"version-history":[{"count":0,"href":"https:\/\/www.europesays.com\/fr\/wp-json\/wp\/v2\/posts\/496385\/revisions"}],"wp:featuredmedia":[{"embeddable":true,"href":"https:\/\/www.europesays.com\/fr\/wp-json\/wp\/v2\/media\/496386"}],"wp:attachment":[{"href":"https:\/\/www.europesays.com\/fr\/wp-json\/wp\/v2\/media?parent=496385"}],"wp:term":[{"taxonomy":"category","embeddable":true,"href":"https:\/\/www.europesays.com\/fr\/wp-json\/wp\/v2\/categories?post=496385"},{"taxonomy":"post_tag","embeddable":true,"href":"https:\/\/www.europesays.com\/fr\/wp-json\/wp\/v2\/tags?post=496385"}],"curies":[{"name":"wp","href":"https:\/\/api.w.org\/{rel}","templated":true}]}}