{"id":496387,"date":"2025-10-28T22:44:12","date_gmt":"2025-10-28T22:44:12","guid":{"rendered":"https:\/\/www.europesays.com\/fr\/496387\/"},"modified":"2025-10-28T22:44:12","modified_gmt":"2025-10-28T22:44:12","slug":"64-personnes-tuees-dans-loperation-antidrogue-la-plus-meurtriere-de-lhistoire-de-letat-de-rio-liberation","status":"publish","type":"post","link":"https:\/\/www.europesays.com\/fr\/496387\/","title":{"rendered":"64 personnes tu\u00e9es dans l\u2019op\u00e9ration antidrogue la plus meurtri\u00e8re de l\u2019histoire de l\u2019Etat de Rio \u2013 Lib\u00e9ration"},"content":{"rendered":"<p class=\"sc-cPiKLX AiZTS text-element\">Un \u00abth\u00e9\u00e2tre de guerre et de barbarie\u00bb en pleine journ\u00e9e \u00e0 Rio de Janeiro. Ce mardi 28 octobre, une vaste op\u00e9ration polici\u00e8re contre l\u2019un des principaux gangs de narcotrafiquants s\u2019est sold\u00e9e \u00e0 Rio de Janeiro par la mort d\u2019au moins 64 personnes, dont quatre agents des forces de l\u2019ordre, selon un bilan des services de s\u00e9curit\u00e9 locaux. Le gouverneur de Rio s\u2019est f\u00e9licit\u00e9 d\u2019avoir men\u00e9 la \u00abplus grande op\u00e9ration de l\u2019histoire\u00bb de son Etat. C\u2019est d\u00e9sormais aussi la plus meurtri\u00e8re. Au total, 2 500 agents \u00e9taient mobilis\u00e9s. <\/p>\n<p class=\"sc-cPiKLX AiZTS text-element\">L\u2019op\u00e9ration s\u2019est concentr\u00e9e sur deux ensembles de favelas du nord de Rio de Janeiro, situ\u00e9es \u00e0 proximit\u00e9 de l\u2019a\u00e9roport international : Complexo da Penha et Complexo do Alemao. Un photographe de l\u2019AFP a vu des policiers lourdement arm\u00e9s emmenant plusieurs hommes d\u00e9tenus, pour la plupart pieds et torse nus, \u00e0 Vila Cruzeiro, une favela du Complexo da Penha. Si quelques habitants circulaient, la vie \u00e9tait presque \u00e0 l\u2019arr\u00eat dans cette favela o\u00f9 r\u00e9sonnaient de nombreux tirs.<\/p>\n<p class=\"sc-cPiKLX AiZTS text-element\">Cette exp\u00e9dition visait \u00e0 \u00abcombattre l\u2019expansion territoriale du Comando Vermelho (Commando rouge)\u00bb, l\u2019une des principales factions criminelles du Br\u00e9sil, implant\u00e9e dans plusieurs Etats du pays, a pr\u00e9cis\u00e9 le gouvernement de l\u2019Etat de Rio sur X. Les autorit\u00e9s ont par ailleurs annonc\u00e9 l\u2019arrestation de \u00ab81 criminels\u00bb et la saisie de 42 fusils. Le gouverneur a pr\u00e9cis\u00e9 qu\u2019au moins trente mandats d\u2019arr\u00eat concernaient des suspects venus d\u2019autres Etats br\u00e9siliens, et \u00e9voqu\u00e9 la saisie d\u2019\u00abune grande quantit\u00e9 de drogue\u00bb, sans donner davantage de pr\u00e9cision. <\/p>\n<p class=\"sc-cPiKLX AiZTS text-element\">Les policiers ont mobilis\u00e9 deux h\u00e9licopt\u00e8res, 32 v\u00e9hicules blind\u00e9s et \u00abdouze v\u00e9hicules de d\u00e9molition\u00bb utilis\u00e9s pour d\u00e9truire des barricades dress\u00e9es par les narcotrafiquants pour emp\u00eacher le passage de la police dans les ruelles des favelas. Claudio Castro a publi\u00e9 sur X une vid\u00e9o d\u2019un drone lan\u00e7ant un projectile depuis le ciel nuageux. \u00abC\u2019est comme \u00e7a que la police de Rio est re\u00e7ue par les criminels : avec des bombes lanc\u00e9es par des drones. C\u2019est l\u2019ampleur du d\u00e9fi auquel nous faisons face. Il ne s\u2019agit pas de crime ordinaire, mais de narcoterrorisme\u00bb, a-t-il comment\u00e9. Des images circulant sur les r\u00e9seaux sociaux montrent aussi de longues colonnes de fum\u00e9e s\u2019\u00e9chappant d\u2019une favela, tandis que retentissent des rafales de tirs. <\/p>\n<p class=\"sc-cPiKLX AiZTS text-element\">Les <a href=\"https:\/\/www.liberation.fr\/international\/amerique\/bresil-une-nouvelle-bataille-dans-une-favela-de-rio-fait-18-morts-20220722_ZX34UR3GSRHWRL7C2EYFJYZX7U\/\" target=\"_blank\" rel=\"noreferrer noopener\" title=\"https:\/\/www.liberation.fr\/international\/amerique\/bresil-une-nouvelle-bataille-dans-une-favela-de-rio-fait-18-morts-20220722_ZX34UR3GSRHWRL7C2EYFJYZX7U\/\">op\u00e9rations polici\u00e8res sanglantes sont fr\u00e9quentes \u00e0 Rio<\/a>, principal p\u00f4le touristique du Br\u00e9sil, malgr\u00e9 leur efficacit\u00e9 contest\u00e9e. Elles visent notamment les favelas, <a href=\"https:\/\/www.liberation.fr\/international\/amerique\/bresil-une-descente-musclee-dans-une-favela-de-rio-fait-22-morts-20220525_W2SII6A555FW7CCZU2XNRJK7VA\/\" target=\"_blank\" rel=\"noreferrer noopener\" title=\"https:\/\/www.liberation.fr\/international\/amerique\/bresil-une-descente-musclee-dans-une-favela-de-rio-fait-22-morts-20220525_W2SII6A555FW7CCZU2XNRJK7VA\/\">quartiers pauvres et dens\u00e9ment peupl\u00e9s<\/a> vivant souvent sous le joug de trafiquants de drogue. La Cour supr\u00eame du Br\u00e9sil a impos\u00e9 en 2020 certaines restrictions \u00e0 ces op\u00e9rations, comme la limitation de l\u2019utilisation des h\u00e9licopt\u00e8res et des actions dans les zones proches des \u00e9coles ou des centres de sant\u00e9. Ces deux restrictions ont cependant \u00e9t\u00e9 lev\u00e9es cette ann\u00e9e par la m\u00eame juridiction. <\/p>\n<p class=\"sc-cPiKLX AiZTS text-element\">Des sp\u00e9cialistes et des organisations de d\u00e9fense des droits humains critiquent cette strat\u00e9gie des forces de s\u00e9curit\u00e9, la jugeant peu efficace contre les organisations criminelles. La commission des droits de l\u2019homme de l\u2019Assembl\u00e9e l\u00e9gislative de l\u2019\u00c9tat de Rio a annonc\u00e9 qu\u2019elle exigerait \u00abdes explications sur les circonstances de l\u2019action, qui a de nouveau transform\u00e9 les favelas de Rio en un th\u00e9\u00e2tre de guerre et de barbarie\u00bb. En 2024, environ 700 personnes sont mortes lors d\u2019interventions des forces de l\u2019ordre \u00e0 Rio de Janeiro, soit presque deux par jour. <\/p>\n","protected":false},"excerpt":{"rendered":"Un \u00abth\u00e9\u00e2tre de guerre et de barbarie\u00bb en pleine journ\u00e9e \u00e0 Rio de Janeiro. Ce mardi 28 octobre,&hellip;\n","protected":false},"author":2,"featured_media":496388,"comment_status":"","ping_status":"","sticky":false,"template":"","format":"standard","meta":{"footnotes":""},"categories":[2],"tags":[11,2548,1011,27,19363,8721,12],"class_list":{"0":"post-496387","1":"post","2":"type-post","3":"status-publish","4":"format-standard","5":"has-post-thumbnail","7":"category-actualites","8":"tag-actualites","9":"tag-bresil","10":"tag-fr","11":"tag-france","12":"tag-lula","13":"tag-narcotrafic","14":"tag-news"},"share_on_mastodon":{"url":"https:\/\/pubeurope.com\/@fr\/115454218243336032","error":""},"_links":{"self":[{"href":"https:\/\/www.europesays.com\/fr\/wp-json\/wp\/v2\/posts\/496387","targetHints":{"allow":["GET"]}}],"collection":[{"href":"https:\/\/www.europesays.com\/fr\/wp-json\/wp\/v2\/posts"}],"about":[{"href":"https:\/\/www.europesays.com\/fr\/wp-json\/wp\/v2\/types\/post"}],"author":[{"embeddable":true,"href":"https:\/\/www.europesays.com\/fr\/wp-json\/wp\/v2\/users\/2"}],"replies":[{"embeddable":true,"href":"https:\/\/www.europesays.com\/fr\/wp-json\/wp\/v2\/comments?post=496387"}],"version-history":[{"count":0,"href":"https:\/\/www.europesays.com\/fr\/wp-json\/wp\/v2\/posts\/496387\/revisions"}],"wp:featuredmedia":[{"embeddable":true,"href":"https:\/\/www.europesays.com\/fr\/wp-json\/wp\/v2\/media\/496388"}],"wp:attachment":[{"href":"https:\/\/www.europesays.com\/fr\/wp-json\/wp\/v2\/media?parent=496387"}],"wp:term":[{"taxonomy":"category","embeddable":true,"href":"https:\/\/www.europesays.com\/fr\/wp-json\/wp\/v2\/categories?post=496387"},{"taxonomy":"post_tag","embeddable":true,"href":"https:\/\/www.europesays.com\/fr\/wp-json\/wp\/v2\/tags?post=496387"}],"curies":[{"name":"wp","href":"https:\/\/api.w.org\/{rel}","templated":true}]}}