{"id":496389,"date":"2025-10-28T22:47:11","date_gmt":"2025-10-28T22:47:11","guid":{"rendered":"https:\/\/www.europesays.com\/fr\/496389\/"},"modified":"2025-10-28T22:47:11","modified_gmt":"2025-10-28T22:47:11","slug":"saint-etienne-rebondit-troyes-confirme-le-red-star-sombre-a-dunkerque","status":"publish","type":"post","link":"https:\/\/www.europesays.com\/fr\/496389\/","title":{"rendered":"Saint-Etienne rebondit, Troyes confirme, le Red Star sombre \u00e0 Dunkerque"},"content":{"rendered":"<p>\n    Pour le compte de la 12e journ\u00e9e de Ligue 2 ce mardi, l\u2019ASSE a bien rebondi face \u00e0 Pau, Troyes a confirm\u00e9 son statut contre Amiens, alors que le Red Star s\u2019est lourdement inclin\u00e9 \u00e0 Dunkerque.<\/p>\n<p class=\"fig-paragraph\"><a href=\"http:\/\/www.lefigaro.fr\/sports\/football\/ligue-2-saint-etienne-gifle-a-annecy-20251025\" target=\"_blank\" data-fig-type=\"NewsFlash\" rel=\"noopener\" data-gtm-custom-categorie=\"navigation\" data-gtm-custom-action=\"crossclick\" data-gtm-custom-label=\"Contextuel\" data-gtm-event=\"customEventSPE\" data-fig-domain=\"LEFIGARO\">Saint-Etienne<\/a>, qui restait sur deux d\u00e9faites de rang, a bien rebondi en atomisant 6 \u00e0 0 Pau dans le choc de\u00a0<a href=\"https:\/\/www.lefigaro.fr\/sports\/football\/ligue-2\/calendrier-resultats?journee=12\" target=\"_blank\" rel=\"nofollow noopener\" data-gtm-custom-categorie=\"navigation\" data-gtm-custom-action=\"crossclick\" data-gtm-custom-label=\"Contextuel\" data-gtm-event=\"customEventSPE\">la 12e journ\u00e9e de L2\u00a0<\/a>mardi soir, marqu\u00e9e par le succ\u00e8s laborieux du leader Troyes contre Amiens (3-1) et la d\u00e9route du Red Star \u00e0 Dunkerque (3-0).<\/p>\n<p class=\"fig-paragraph\">Les St\u00e9phanois occupent d\u00e9sormais la deuxi\u00e8me place (23 points), \u00e0 quatre longueurs des Troyens, alors que le Red Star qui a sombr\u00e9 \u00e0 Dunkerque r\u00e9trograde au troisi\u00e8me rang avec toutefois le m\u00eame nombre de points que les Verts. Pour la r\u00e9ception du dauphin avant le coup d&rsquo;envoi, l&rsquo;entra\u00eeneur st\u00e9phanois Eirik Horneland avait fait des choix forts en se privant de ses buteurs habituels Lucas Stassin et Zuriko Davitashvili, laiss\u00e9s sur le banc. Choix payants puisque les Verts, transfigur\u00e9s, menaient 4-0 \u00e0 la mi-temps face \u00e0 des Palois m\u00e9connaissables.<\/p>\n<p>                                    <a class=\"fig-a11y-skip a11y-hidden\" href=\"#fig-a11y-skip-main-inarticle\"><br \/>\n        Passer la publicit\u00e9<br \/>\n    <\/a><\/p>\n<p class=\"fig-paragraph\">Ils se sont rendu le match facile gr\u00e2ce \u00e0 un but pr\u00e9coce du lat\u00e9ral Juan Ferreira (2e). Ensuite sur une r\u00e9cup\u00e9ration haute, Irvin Cardona de retour dans le onze de d\u00e9part a marqu\u00e9 le but du break (11e). Puis, ils ont mis fin aux illusions de Pau gr\u00e2ce \u00e0 deux buts en trois minutes sign\u00e9s Florian Tardieu sur p\u00e9nalty (41e) et Joshua Duffus (44e). Le second acte a \u00e9t\u00e9 du m\u00eame acabit. Joshua Duffus, encore lui, et le rentrant Davitashvili ont ajout\u00e9 deux autres r\u00e9alisations (48e, 79e).<\/p>\n<p>8e match d\u2019invincibilit\u00e9 pour Troyes<\/p>\n<p class=\"fig-paragraph\">Le leader Troyes s&rsquo;est offert un 8e match d&rsquo;invincibilit\u00e9 en venant \u00e0 bout d&rsquo;Ami\u00e9nois accrocheurs qui ont fini par craquer (3-1) sur les 7e et 8e buts de la saison de Tawfik Bentayeb et un dernier sign\u00e9 Mouana\u00efm El Idrissy.<\/p>\n<p class=\"fig-paragraph\">Dans l&rsquo;autre match spectaculaire de la soir\u00e9e, Reims a fait parler la poudre \u00e0 Boulogne-sur-Mer en infligeant un score de tennis 6-2 gr\u00e2ce notamment \u00e0 un doubl\u00e9 du Japonais Keito Nakamura. Gr\u00e2ce \u00e0 ce large succ\u00e8s, l&rsquo;\u00e9quipe de la Cit\u00e9 des Rois pointe \u00e0 la cinqui\u00e8me place (19 pts). Le Red Star a subi sa premi\u00e8re d\u00e9faite \u00e0 l&rsquo;ext\u00e9rieur cette saison en s&rsquo;inclinant logiquement 3-0 \u00e0 Dunkerque qui encha\u00eene un deuxi\u00e8me succ\u00e8s sur le m\u00eame score et accroche la premi\u00e8re moiti\u00e9 de tableau (8e, 16 pts).<\/p>\n<p class=\"fig-paragraph\">Dans un duel d&rsquo;ex-pensionnaires de l&rsquo;\u00e9lite, Montpellier (6e,18 pts) a ramen\u00e9 un pr\u00e9cieux point du nul de Clermont qui a du mal \u00e0 d\u00e9coller (14e, 14 pts). Nancy (13e, 15 pts) s&rsquo;est donn\u00e9 de l&rsquo;air en battant (2-0) Bastia, lanterne rouge (4 pts).<\/p>\n","protected":false},"excerpt":{"rendered":"Pour le compte de la 12e journ\u00e9e de Ligue 2 ce mardi, l\u2019ASSE a bien rebondi face \u00e0&hellip;\n","protected":false},"author":2,"featured_media":496390,"comment_status":"","ping_status":"","sticky":false,"template":"","format":"standard","meta":{"footnotes":""},"categories":[9653],"tags":[1111,11,461,2430,1777,674,1011,27,446,12,5416,25,4001],"class_list":{"0":"post-496389","1":"post","2":"type-post","3":"status-publish","4":"format-standard","5":"has-post-thumbnail","7":"category-saint-etienne","8":"tag-actu","9":"tag-actualites","10":"tag-asse","11":"tag-auvergne-rhone-alpes","12":"tag-eu","13":"tag-europe","14":"tag-fr","15":"tag-france","16":"tag-ligue-2","17":"tag-news","18":"tag-red-star","19":"tag-republique-francaise","20":"tag-saint-etienne"},"share_on_mastodon":{"url":"https:\/\/pubeurope.com\/@fr\/115454230175013767","error":""},"_links":{"self":[{"href":"https:\/\/www.europesays.com\/fr\/wp-json\/wp\/v2\/posts\/496389","targetHints":{"allow":["GET"]}}],"collection":[{"href":"https:\/\/www.europesays.com\/fr\/wp-json\/wp\/v2\/posts"}],"about":[{"href":"https:\/\/www.europesays.com\/fr\/wp-json\/wp\/v2\/types\/post"}],"author":[{"embeddable":true,"href":"https:\/\/www.europesays.com\/fr\/wp-json\/wp\/v2\/users\/2"}],"replies":[{"embeddable":true,"href":"https:\/\/www.europesays.com\/fr\/wp-json\/wp\/v2\/comments?post=496389"}],"version-history":[{"count":0,"href":"https:\/\/www.europesays.com\/fr\/wp-json\/wp\/v2\/posts\/496389\/revisions"}],"wp:featuredmedia":[{"embeddable":true,"href":"https:\/\/www.europesays.com\/fr\/wp-json\/wp\/v2\/media\/496390"}],"wp:attachment":[{"href":"https:\/\/www.europesays.com\/fr\/wp-json\/wp\/v2\/media?parent=496389"}],"wp:term":[{"taxonomy":"category","embeddable":true,"href":"https:\/\/www.europesays.com\/fr\/wp-json\/wp\/v2\/categories?post=496389"},{"taxonomy":"post_tag","embeddable":true,"href":"https:\/\/www.europesays.com\/fr\/wp-json\/wp\/v2\/tags?post=496389"}],"curies":[{"name":"wp","href":"https:\/\/api.w.org\/{rel}","templated":true}]}}