{"id":496411,"date":"2025-10-28T22:58:11","date_gmt":"2025-10-28T22:58:11","guid":{"rendered":"https:\/\/www.europesays.com\/fr\/496411\/"},"modified":"2025-10-28T22:58:11","modified_gmt":"2025-10-28T22:58:11","slug":"une-nouvelle-adresse-de-cuisine-thai-a-ouvert-dans-le-quartier-baud-chardonnet-a-rennes","status":"publish","type":"post","link":"https:\/\/www.europesays.com\/fr\/496411\/","title":{"rendered":"Une nouvelle adresse de cuisine tha\u00ef a ouvert dans le quartier Baud-Chardonnet \u00e0 Rennes"},"content":{"rendered":"<p><a href=\"https:\/\/rennes.maville.com\/actu\/actudet_--on-se-sent-un-peu-preserves-le-developpement-reussi-du-quartier-plaine-de-baud-a-rennes-_7-6800050_actu.Htm\" rel=\"nofollow noopener\" target=\"_blank\">Au c\u0153ur du quartier Baud-Chardonnet<\/a>, un nouveau commerce vient enrichir l\u2019offre locale avec l\u2019ouverture de Khao San, un restaurant sp\u00e9cialis\u00e9 dans la cuisine tha\u00eflandaise.<\/p>\n<p>\u00ab\u00a0Chaque repas est pens\u00e9 comme un voyage\u00a0\u00bb<\/p>\n<p>N\u00e9 \u00e0 Bangkok, le chef Krit Snitwongse Na Ayuttaya met un point d\u2019honneur \u00e0 \u00a0cr\u00e9er une exp\u00e9rience unique, alliant tradition, convivialit\u00e9 et savoir-faire. Je puise mon inspiration dans les recettes familiales transmises depuis plusieurs g\u00e9n\u00e9rations pour que mon restaurant soit un lieu de partage, o\u00f9 chaque repas est pens\u00e9 comme un voyage\u00a0.<\/p>\n<p>Les plats faits maison \u00e0 savourer sur place ou \u00e0 emporter sont pr\u00e9par\u00e9s avec des produits de qualit\u00e9 pour garantir \u00a0go\u00fbt, fra\u00eecheur et authenticit\u00e9 et sublimer nos recettes tha\u00eflandaises\u00a0. Au menu, des classiques\u00a0: nems, rouleaux de printemps, pad tha\u00ef, bo bun, tigre qui pleure, poulet au curry vert\u2026<\/p>\n<blockquote class=\"instagram-media\" data-instgrm-captioned=\"\" data-instgrm-permalink=\"https:\/\/www.instagram.com\/reel\/DPoBypbjG-M\/?utm_source=ig_embed&amp;utm_campaign=loading\" data-instgrm-version=\"14\" style=\" background:#FFF; border:0; border-radius:3px; box-shadow:0 0 1px 0 rgba(0,0,0,0.5),0 1px 10px 0 rgba(0,0,0,0.15); margin: 1px; max-width:540px; min-width:326px; padding:0; width:99.375%; width:-webkit-calc(100% - 2px); width:calc(100% - 2px);\" wp_automatic_readability=\"-0.21875\"\/>\n<p>\u00a0Notre priorit\u00e9 est de s\u00e9lectionner des ingr\u00e9dients et des \u00e9pices afin de garantir une cuisine traditionnelle\u00a0: l\u00e9gumes croquants, herbes aromatiques, viandes tendres, poissons frais.\u00a0<\/p>\n<p><strong>Khao San, <\/strong>ouvert du lundi au mercredi\u00a012 h \u2013 19\u00a0h et du jeudi au samedi\u00a012 h \u2013 22\u00a0h. Formule du midi\u00a0: deux\u00a0plats\u00a0: 17,90\u00a0\u20ac, trois plats\u00a0; 19,90\u00a0\u20ac. 6,\u00a0place Assia-Djebar. T\u00e9l.\u00a002\u00a023\u00a006\u00a029\u00a080.<\/p>\n<p>\u00a0<\/p>\n<p>\t\t<script async src=\"\/\/www.instagram.com\/embed.js\"><\/script><\/p>\n","protected":false},"excerpt":{"rendered":"Au c\u0153ur du quartier Baud-Chardonnet, un nouveau commerce vient enrichir l\u2019offre locale avec l\u2019ouverture de Khao San, un&hellip;\n","protected":false},"author":2,"featured_media":496412,"comment_status":"","ping_status":"","sticky":false,"template":"","format":"standard","meta":{"footnotes":""},"categories":[2821],"tags":[1111,11,30992,61880,829,902,1777,674,1011,27,12,2043,15316,5775,584,25,61879],"class_list":{"0":"post-496411","1":"post","2":"type-post","3":"status-publish","4":"format-standard","5":"has-post-thumbnail","7":"category-rennes","8":"tag-actu","9":"tag-actualites","10":"tag-adresse","11":"tag-baud-chardonnet","12":"tag-bretagne","13":"tag-cuisine","14":"tag-eu","15":"tag-europe","16":"tag-fr","17":"tag-france","18":"tag-news","19":"tag-nouvelle","20":"tag-ouvert","21":"tag-quartier","22":"tag-rennes","23":"tag-republique-francaise","24":"tag-thai"},"share_on_mastodon":{"url":"https:\/\/pubeurope.com\/@fr\/115454273424028325","error":""},"_links":{"self":[{"href":"https:\/\/www.europesays.com\/fr\/wp-json\/wp\/v2\/posts\/496411","targetHints":{"allow":["GET"]}}],"collection":[{"href":"https:\/\/www.europesays.com\/fr\/wp-json\/wp\/v2\/posts"}],"about":[{"href":"https:\/\/www.europesays.com\/fr\/wp-json\/wp\/v2\/types\/post"}],"author":[{"embeddable":true,"href":"https:\/\/www.europesays.com\/fr\/wp-json\/wp\/v2\/users\/2"}],"replies":[{"embeddable":true,"href":"https:\/\/www.europesays.com\/fr\/wp-json\/wp\/v2\/comments?post=496411"}],"version-history":[{"count":0,"href":"https:\/\/www.europesays.com\/fr\/wp-json\/wp\/v2\/posts\/496411\/revisions"}],"wp:featuredmedia":[{"embeddable":true,"href":"https:\/\/www.europesays.com\/fr\/wp-json\/wp\/v2\/media\/496412"}],"wp:attachment":[{"href":"https:\/\/www.europesays.com\/fr\/wp-json\/wp\/v2\/media?parent=496411"}],"wp:term":[{"taxonomy":"category","embeddable":true,"href":"https:\/\/www.europesays.com\/fr\/wp-json\/wp\/v2\/categories?post=496411"},{"taxonomy":"post_tag","embeddable":true,"href":"https:\/\/www.europesays.com\/fr\/wp-json\/wp\/v2\/tags?post=496411"}],"curies":[{"name":"wp","href":"https:\/\/api.w.org\/{rel}","templated":true}]}}