{"id":496415,"date":"2025-10-28T23:00:12","date_gmt":"2025-10-28T23:00:12","guid":{"rendered":"https:\/\/www.europesays.com\/fr\/496415\/"},"modified":"2025-10-28T23:00:12","modified_gmt":"2025-10-28T23:00:12","slug":"strasbourg-les-acteurs-de-la-recherche-medicale-elaborent-un-plan-daction-pour-les-cinq-annees-a-venir-2","status":"publish","type":"post","link":"https:\/\/www.europesays.com\/fr\/496415\/","title":{"rendered":"Strasbourg. Les acteurs de la recherche m\u00e9dicale \u00e9laborent un plan d\u2019action pour les cinq ann\u00e9es \u00e0 venir"},"content":{"rendered":"<p>\u00c0 force de chercher, ils ont fini par se trouver. Apr\u00e8s un travail pr\u00e9paratoire qui a demand\u00e9 du temps, l\u2019Universit\u00e9 de Strasbourg (Unistra), les H\u00f4pitaux universitaires de Strasbourg (HUS) et les organismes nationaux de recherche (Inserm, CNRS, Inria) ont abouti \u00e0 une strat\u00e9gie commune de recherche en sant\u00e9 pour les cinq ann\u00e9es \u00e0 venir. Ce tournant vise \u00e0 \u00ab\u00a0valoriser la qualit\u00e9 de l\u2019\u00e9cosyst\u00e8me strasbourgeois et alsacien dans un secteur concurrentiel et un contexte difficile\u00a0\u00bb, explique le Pr Jean Sibilia, doyen de la facult\u00e9 de m\u00e9decine et vice-pr\u00e9sident Sant\u00e9 et territoire de&#8230;<\/p>\n","protected":false},"excerpt":{"rendered":"\u00c0 force de chercher, ils ont fini par se trouver. Apr\u00e8s un travail pr\u00e9paratoire qui a demand\u00e9 du&hellip;\n","protected":false},"author":2,"featured_media":496067,"comment_status":"","ping_status":"","sticky":false,"template":"","format":"standard","meta":{"footnotes":""},"categories":[2820],"tags":[1111,11,2389,2649,33,1777,674,107,1011,27,775,12,25,71,801,104,640],"class_list":{"0":"post-496415","1":"post","2":"type-post","3":"status-publish","4":"format-standard","5":"has-post-thumbnail","7":"category-strasbourg","8":"tag-actu","9":"tag-actualites","10":"tag-alsace","11":"tag-bas-rhin","12":"tag-economie","13":"tag-eu","14":"tag-europe","15":"tag-fil-info","16":"tag-fr","17":"tag-france","18":"tag-grand-est","19":"tag-news","20":"tag-republique-francaise","21":"tag-sante","22":"tag-social","23":"tag-societe","24":"tag-strasbourg"},"share_on_mastodon":{"url":"https:\/\/pubeurope.com\/@fr\/115454281273298720","error":""},"_links":{"self":[{"href":"https:\/\/www.europesays.com\/fr\/wp-json\/wp\/v2\/posts\/496415","targetHints":{"allow":["GET"]}}],"collection":[{"href":"https:\/\/www.europesays.com\/fr\/wp-json\/wp\/v2\/posts"}],"about":[{"href":"https:\/\/www.europesays.com\/fr\/wp-json\/wp\/v2\/types\/post"}],"author":[{"embeddable":true,"href":"https:\/\/www.europesays.com\/fr\/wp-json\/wp\/v2\/users\/2"}],"replies":[{"embeddable":true,"href":"https:\/\/www.europesays.com\/fr\/wp-json\/wp\/v2\/comments?post=496415"}],"version-history":[{"count":0,"href":"https:\/\/www.europesays.com\/fr\/wp-json\/wp\/v2\/posts\/496415\/revisions"}],"wp:featuredmedia":[{"embeddable":true,"href":"https:\/\/www.europesays.com\/fr\/wp-json\/wp\/v2\/media\/496067"}],"wp:attachment":[{"href":"https:\/\/www.europesays.com\/fr\/wp-json\/wp\/v2\/media?parent=496415"}],"wp:term":[{"taxonomy":"category","embeddable":true,"href":"https:\/\/www.europesays.com\/fr\/wp-json\/wp\/v2\/categories?post=496415"},{"taxonomy":"post_tag","embeddable":true,"href":"https:\/\/www.europesays.com\/fr\/wp-json\/wp\/v2\/tags?post=496415"}],"curies":[{"name":"wp","href":"https:\/\/api.w.org\/{rel}","templated":true}]}}