{"id":496426,"date":"2025-10-28T23:08:21","date_gmt":"2025-10-28T23:08:21","guid":{"rendered":"https:\/\/www.europesays.com\/fr\/496426\/"},"modified":"2025-10-28T23:08:21","modified_gmt":"2025-10-28T23:08:21","slug":"gsef-2025-a-bordeaux-les-collectivites-defendent-une-economie-sociale-et-solidaire-delaissee-par-letat","status":"publish","type":"post","link":"https:\/\/www.europesays.com\/fr\/496426\/","title":{"rendered":"GSEF 2025 \u00e0 Bordeaux : les collectivit\u00e9s d\u00e9fendent une \u00e9conomie sociale et solidaire \u00ab\u00a0d\u00e9laiss\u00e9e par l\u2019\u00c9tat\u00a0\u00bb"},"content":{"rendered":"<p class=\"wp-block-post-excerpt__excerpt\">Le GSEF 2025 fait de Bordeaux la capitale mondiale de l\u2019\u00e9conomie sociale et solidaire avec plus de 8 000 participants venus de 70 pays. Mais l\u2019absence de l\u2019\u00c9tat et la baisse des moyens consacr\u00e9s \u00e0 ce secteur suscitent l\u2019inqui\u00e9tude des collectivit\u00e9s, qui en d\u00e9fendent la port\u00e9e sociale et territoriale. <\/p>\n<p><a href=\"https:\/\/rue89bordeaux.com\/category\/analyse\/\" rel=\"tag noopener\" target=\"_blank\">Analyse<\/a>, <a href=\"https:\/\/rue89bordeaux.com\/category\/kiosque-abonne\/\" rel=\"tag noopener\" target=\"_blank\">\u00c9dition abonn\u00e9s<\/a><\/p>\n<p>Walid Salem<\/p>\n<p>Publi\u00e9 le 28 octobre 2025\u00a0\u00a0\u00b7\u00a0\u00a0<\/p>\n<p>Imprim\u00e9 le 29 octobre 2025 \u00e0 00h08\u00a0\u00a0\u00b7\u00a0\u00a0<\/p>\n<p>\t\t\t\t\t4\u00a0minutes\n<\/p>\n<p>Ils ont eu les oreilles qui sifflent \u00e0 l\u2019\u00c9lys\u00e9e et \u00e0 Matignon ce mardi 28 octobre, lors d\u2019une conf\u00e9rence de presse organis\u00e9e pour le <a href=\"https:\/\/rue89bordeaux.com\/2025\/10\/bordeaux-2025-capitale-mondiale-de-leconomie-qui-nous-veut-du-bien\/\" target=\"_blank\" rel=\"noreferrer noopener\">Forum mondial de l\u2019\u00e9conomie sociale et solidaire<\/a> (GSEF), qui s\u2019ouvre ce mercredi 28 octobre au Palais 2 l\u2019Atlantique. Cet \u00e9v\u00e9nement, qui fait de Bordeaux la \u00ab\u00a0capitale mondiale de l\u2019ESS\u00a0\u00bb, risque d\u2019\u00eatre marqu\u00e9 par l\u2019absence de l\u2019\u00c9tat.<\/p>\n<blockquote class=\"wp-block-quote is-layout-flow wp-block-quote-is-layout-flow\">\n<p>\u00ab\u00a0La France est confront\u00e9e \u00e0 un \u00c9tat scl\u00e9ros\u00e9, asphyxi\u00e9, d\u00e9grad\u00e9. Ce sont des territoires, et notamment des villes, que viennent les innovations. Ce qui me fait dire que l\u2019\u00e9conomie sociale et solidaire, souvent qualifi\u00e9e d\u2019\u00e9conomie des territoires, a le vent en poupe. Le GSEF 2025 peut \u00eatre le moment cl\u00e9 d\u2019une bascule historique. Nous sommes ici pour pr\u00e9parer ensemble cet avenir-l\u00e0. Bordeaux n\u2019est pas un anti-Davos, c\u2019est d\u00e9j\u00e0 l\u2019apr\u00e8s-Davos\u00a0\u00bb, tacle Pierre Hurmic.<\/p>\n<\/blockquote>\n<p>\t\tUn sommet mondial\u2026 sans visas pour tous<\/p>\n<p>La pique est claire et le constat fait est cinglant : aucun repr\u00e9sentant de premier plan du gouvernement n\u2019a fait le d\u00e9placement. M\u00eame la vid\u00e9o du pr\u00e9sident Emmanuel Macron, promise pour une diffusion \u00e0 l\u2019ouverture du forum, n\u2019a pas \u00e9t\u00e9 re\u00e7ue.<\/p>\n<blockquote class=\"wp-block-quote is-layout-flow wp-block-quote-is-layout-flow\">\n<p>\u00ab\u00a0Dans le gouvernement Lecornu 2, l\u2019ESS n\u2019appara\u00eet dans l\u2019intitul\u00e9 d\u2019aucun portefeuille minist\u00e9riel. [\u2026] Et tout aussi grave et pr\u00e9occupant, le budget de l\u2019\u00e9conomie sociale et solidaire, d\u00e9risoire en 2025 avec 19 millions d\u2019euros, d\u00e9gringole jusqu\u2019\u00e0 11 millions d\u2019euros dans le projet de loi de finances 2026. Alors qu\u2019elle concentre 14 % des emplois priv\u00e9s, l\u2019\u00e9conomie sociale et solidaire ne re\u00e7oit que 7 % des aides publiques aux entreprises\u00a0\u00bb, poursuit le maire \u00e9cologiste, chiffres de la Cour des comptes \u00e0 l\u2019appui.<\/p>\n<\/blockquote>\n<p>\u00c0 la veille de l\u2019ouverture du forum, l\u2019organisation a d\u00fb faire face \u00e0 un autre symbole de ce d\u00e9sengagement : pr\u00e8s d\u2019une centaine de participants \u00e9trangers, notamment d\u2019Afrique, <a href=\"https:\/\/rue89bordeaux.com\/2025\/10\/forum-mondial-de-less-a-bordeaux-une-centaine-de-visas-refuses-a-des-delegations-africaines\/\" target=\"_blank\" rel=\"noreferrer noopener\">n\u2019ont pas obtenu leur visa<\/a>. Parmi eux, des maires, des responsables de r\u00e9seaux ou de jeunes engag\u00e9s dans des programmes de coop\u00e9ration.<\/p>\n<p><img loading=\"lazy\" decoding=\"async\" width=\"480\" height=\"480\" src=\"https:\/\/www.europesays.com\/fr\/wp-content\/uploads\/2025\/04\/23-paywall.png\" alt=\"Abonnez-vous\" class=\"wp-image-128439\" style=\"aspect-ratio:1;width:210px;height:auto\"  \/><\/p>\n<p>Cet article fait partie de l\u2019\u00e9dition abonn\u00e9s. Pour lire la suite, profitez d\u2019une offre d\u00e9couverte \u00e0 1\u20ac.<\/p>\n<p class=\"has-gray-700-color has-text-color has-medium-font-size\">Contribuez \u00e0 consolider un m\u00e9dia ind\u00e9pendant \u00e0 Bordeaux, en capacit\u00e9 d\u2019enqu\u00eater sur les enjeux locaux.<\/p>\n<p>\t\t\t<a href=\"https:\/\/rue89bordeaux.com\/\" class=\"custom-logo-link\" rel=\"home noopener\" target=\"_blank\"><img loading=\"lazy\" decoding=\"async\" width=\"290\" height=\"49\" src=\"https:\/\/www.europesays.com\/fr\/wp-content\/uploads\/2025\/04\/logo.png\" class=\"custom-logo\" alt=\"Rue89Bordeaux Enqu\u00eates et informations de proximit\u00e9\"  \/><\/a><\/p>\n<p>\n\t\t\t\tAbonnez-vous maintenant pour suivre l\u2019actualit\u00e9 locale.\t\t\t<\/p>\n<p class=\"font-bold font-serif-heading mb-2 text-4xl\">\n\t\t\t\t\t\tL\u2019investigation locale \u00e0 port\u00e9e de main.\n\t\t\t\t\t<\/p>\n<p>\n\t\t\t\t\t\tAbonnez-vous et profitez d\u2019un acc\u00e8s illimit\u00e9 \u00e0 Rue89Bordeaux. Annulez quand vous voulez.\n\t\t\t\t\t<\/p>\n<p class=\"xl:text-sm\">\n\t\t\t\t\tD\u00e9j\u00e0 abonn\u00e9\u00a0?<br \/>\n\t\t\t\t\t<a class=\"border border-transparent text-center transition-colors duration-instant focus:border-info focus:rounded focus:shadow-focus cursor-pointer text-black hover:text-gray-700 active:bg-black-700 font-semibold inline-block\" href=\"https:\/\/rue89bordeaux.com\/user\/login\/?redirect=\/2025\/10\/gsef-2025-a-bordeaux-les-collectivites-defendent-une-economie-sociale-et-solidaire-delaissee-par-letat\/\" target=\"_blank\" rel=\"noopener\">Connectez-vous<\/a>\t\t\t\t<\/p>\n<p>\n\t\t\t\tChoisissez votre formule\u00a0:\n\t\t\t<\/p>\n<p>\t\t\t\tFermer<\/p>\n","protected":false},"excerpt":{"rendered":"Le GSEF 2025 fait de Bordeaux la capitale mondiale de l\u2019\u00e9conomie sociale et solidaire avec plus de 8&hellip;\n","protected":false},"author":2,"featured_media":496427,"comment_status":"","ping_status":"","sticky":false,"template":"","format":"standard","meta":{"footnotes":""},"categories":[2817],"tags":[1111,11,1997,37063,1777,674,1011,27,60559,12,2219,25],"class_list":{"0":"post-496426","1":"post","2":"type-post","3":"status-publish","4":"format-standard","5":"has-post-thumbnail","7":"category-bordeaux","8":"tag-actu","9":"tag-actualites","10":"tag-bordeaux","11":"tag-economie-sociale-et-solidaire","12":"tag-eu","13":"tag-europe","14":"tag-fr","15":"tag-france","16":"tag-gsef","17":"tag-news","18":"tag-nouvelle-aquitaine","19":"tag-republique-francaise"},"share_on_mastodon":{"url":"https:\/\/pubeurope.com\/@fr\/115454313806093070","error":""},"_links":{"self":[{"href":"https:\/\/www.europesays.com\/fr\/wp-json\/wp\/v2\/posts\/496426","targetHints":{"allow":["GET"]}}],"collection":[{"href":"https:\/\/www.europesays.com\/fr\/wp-json\/wp\/v2\/posts"}],"about":[{"href":"https:\/\/www.europesays.com\/fr\/wp-json\/wp\/v2\/types\/post"}],"author":[{"embeddable":true,"href":"https:\/\/www.europesays.com\/fr\/wp-json\/wp\/v2\/users\/2"}],"replies":[{"embeddable":true,"href":"https:\/\/www.europesays.com\/fr\/wp-json\/wp\/v2\/comments?post=496426"}],"version-history":[{"count":0,"href":"https:\/\/www.europesays.com\/fr\/wp-json\/wp\/v2\/posts\/496426\/revisions"}],"wp:featuredmedia":[{"embeddable":true,"href":"https:\/\/www.europesays.com\/fr\/wp-json\/wp\/v2\/media\/496427"}],"wp:attachment":[{"href":"https:\/\/www.europesays.com\/fr\/wp-json\/wp\/v2\/media?parent=496426"}],"wp:term":[{"taxonomy":"category","embeddable":true,"href":"https:\/\/www.europesays.com\/fr\/wp-json\/wp\/v2\/categories?post=496426"},{"taxonomy":"post_tag","embeddable":true,"href":"https:\/\/www.europesays.com\/fr\/wp-json\/wp\/v2\/tags?post=496426"}],"curies":[{"name":"wp","href":"https:\/\/api.w.org\/{rel}","templated":true}]}}