{"id":496432,"date":"2025-10-28T23:11:54","date_gmt":"2025-10-28T23:11:54","guid":{"rendered":"https:\/\/www.europesays.com\/fr\/496432\/"},"modified":"2025-10-28T23:11:54","modified_gmt":"2025-10-28T23:11:54","slug":"pres-de-lille-un-festival-sur-les-cultures-japonaise-et-coreenne-de-retour-ce-week-end","status":"publish","type":"post","link":"https:\/\/www.europesays.com\/fr\/496432\/","title":{"rendered":"Pr\u00e8s de Lille, un festival sur les cultures japonaise et cor\u00e9enne de retour ce week-end"},"content":{"rendered":"<p>            Par<br \/>\n        <strong><br \/>\n            <a href=\"https:\/\/actu.fr\/auteur\/amandine-vachez\" title=\"Consulter tous les articles de Amandine Vachez\" target=\"_blank\" rel=\"noopener\">Amandine Vachez<\/a><br \/>\n        <\/strong><\/p>\n<p>        Publi\u00e9 le<\/p>\n<p>            28 oct. 2025 \u00e0 11h00        <\/p>\n<p>Les aficionados de ce rendez-vous, et plus g\u00e9n\u00e9ralement de la <b>culture asiatique<\/b>, seront ravis d\u2019apprendre que l\u2019\u00e9v\u00e9nement <b>La Grande Vague<\/b> revient pour une <b>nouvelle \u00e9dition.<\/b> Ce qui vous attend, les<b> samedi\u00a01er et dimanche 2\u00a0novembre 2025 <\/b>au<b> Grand Playground<\/b>, dans la m\u00e9tropole de <a href=\"https:\/\/actu.fr\/lille\/\" target=\"_blank\" rel=\"noopener\">Lille<\/a> (Nord).<\/p>\n<p>Cr\u00e9ateurs, food, accessoires, pop culture\u2026<\/p>\n<p class=\" wall-content\">Cette 3e \u00e9dition s\u2019annonce \u00ab\u2009encore plus vibrante\u2009\u00bb, pour reprendre les mots de l\u2019organisation. \u00ab\u2009Pendant tout un week-end, le Grand Playground se transforme en un v\u00e9ritable temple de la culture japonaise et cor\u00e9enne\u2009: cr\u00e9ateurs, food, accessoires, pop culture et d\u00e9couvertes insolites vous attendent.\u2009\u00bb Que vous soyez<b> fan de mangas, amateur de K-pop, passionn\u00e9 par l\u2019art de vivre asiatique<\/b> ou simplement curieux, pr\u00e9parez-vous \u00e0 \u00ab\u2009un voyage sensoriel inoubliable\u2009\u00bb.<\/p>\n<p class=\" wall-content\">De quoi attiser la curiosit\u00e9 de bon nombre d\u2019habitants de la m\u00e9tropole lilloise\u2009!<\/p>\n<p class=\" wall-content\"><a href=\"https:\/\/www.instagram.com\/p\/DPjbXO0CNI5\/embed\" title=\"Ouvrir le lien sur Instagram\" target=\"_blank\" rel=\"noopener\">Visualiser le contenu sur Instagram<\/a><\/p>\n<p data-end=\"1124\" class=\" wall-content\">Le festival La Grande Vague, d\u00e9di\u00e9 aux cultures japonaise et cor\u00e9enne au Grand Playground (La Maillerie \u00e0 Villeneuve-d\u2019Ascq), le samedi de 11\u2009h \u00e0 19\u2009h et le dimanche jusqu\u2019\u00e0 18\u2009h. L\u2019entr\u00e9e est libre.<\/p>\n<p class=\" wall-content\">Personnalisez votre actualit\u00e9 en ajoutant vos villes et m\u00e9dias en favori avec <a href=\"https:\/\/moncompte.actu.fr\" title=\"D\u00e9couvez Mon Actu\" rel=\"nofollow noopener\" data-trk=\"{&quot;cta&quot;:{&quot;action&quot;:&quot;https:\\\/\\\/moncompte.actu.fr&quot;,&quot;category&quot;:&quot;mon compte&quot;,&quot;from&quot;:&quot;article footer&quot;,&quot;name&quot;:&quot;Mon actu&quot;,&quot;type&quot;:&quot;cta&quot;}}\" target=\"_blank\">Mon Actu<\/a>.<\/p>\n<p>                    <script async src=\"\/\/www.instagram.com\/embed.js\"><\/script><\/p>\n","protected":false},"excerpt":{"rendered":"Par Amandine Vachez Publi\u00e9 le 28 oct. 2025 \u00e0 11h00 Les aficionados de ce rendez-vous, et plus g\u00e9n\u00e9ralement&hellip;\n","protected":false},"author":2,"featured_media":496433,"comment_status":"","ping_status":"","sticky":false,"template":"","format":"standard","meta":{"footnotes":""},"categories":[2815],"tags":[1111,11,1777,674,1011,27,811,2070,1307,1652,12,25],"class_list":{"0":"post-496432","1":"post","2":"type-post","3":"status-publish","4":"format-standard","5":"has-post-thumbnail","7":"category-lille","8":"tag-actu","9":"tag-actualites","10":"tag-eu","11":"tag-europe","12":"tag-fr","13":"tag-france","14":"tag-hauts-de-france","15":"tag-japon","16":"tag-lille","17":"tag-loisirs-culture","18":"tag-news","19":"tag-republique-francaise"},"share_on_mastodon":{"url":"https:\/\/pubeurope.com\/@fr\/115454328418779587","error":""},"_links":{"self":[{"href":"https:\/\/www.europesays.com\/fr\/wp-json\/wp\/v2\/posts\/496432","targetHints":{"allow":["GET"]}}],"collection":[{"href":"https:\/\/www.europesays.com\/fr\/wp-json\/wp\/v2\/posts"}],"about":[{"href":"https:\/\/www.europesays.com\/fr\/wp-json\/wp\/v2\/types\/post"}],"author":[{"embeddable":true,"href":"https:\/\/www.europesays.com\/fr\/wp-json\/wp\/v2\/users\/2"}],"replies":[{"embeddable":true,"href":"https:\/\/www.europesays.com\/fr\/wp-json\/wp\/v2\/comments?post=496432"}],"version-history":[{"count":0,"href":"https:\/\/www.europesays.com\/fr\/wp-json\/wp\/v2\/posts\/496432\/revisions"}],"wp:featuredmedia":[{"embeddable":true,"href":"https:\/\/www.europesays.com\/fr\/wp-json\/wp\/v2\/media\/496433"}],"wp:attachment":[{"href":"https:\/\/www.europesays.com\/fr\/wp-json\/wp\/v2\/media?parent=496432"}],"wp:term":[{"taxonomy":"category","embeddable":true,"href":"https:\/\/www.europesays.com\/fr\/wp-json\/wp\/v2\/categories?post=496432"},{"taxonomy":"post_tag","embeddable":true,"href":"https:\/\/www.europesays.com\/fr\/wp-json\/wp\/v2\/tags?post=496432"}],"curies":[{"name":"wp","href":"https:\/\/api.w.org\/{rel}","templated":true}]}}