{"id":496436,"date":"2025-10-28T23:18:23","date_gmt":"2025-10-28T23:18:23","guid":{"rendered":"https:\/\/www.europesays.com\/fr\/496436\/"},"modified":"2025-10-28T23:18:23","modified_gmt":"2025-10-28T23:18:23","slug":"a-marseille-un-prevenu-se-defend-detre-a-la-tete-dun-clan-maghrebin-en-corse","status":"publish","type":"post","link":"https:\/\/www.europesays.com\/fr\/496436\/","title":{"rendered":"A Marseille, un pr\u00e9venu se d\u00e9fend d&rsquo;\u00eatre \u00e0 la t\u00eate d&rsquo;un clan maghr\u00e9bin en Corse"},"content":{"rendered":"<p>\n\t\t\t\t\t \u00ab\u00a0J&rsquo;ai pas d&rsquo;\u00e9quipe, c&rsquo;est une invention\u00a0\u00bb: Yassine Akhazzane s&rsquo;est d\u00e9fendu mardi d&rsquo;\u00eatre \u00e0 la t\u00eate d&rsquo;une structure criminelle en Corse, la premi\u00e8re construite autour d&rsquo;un clan maghr\u00e9bin alors que le tribunal correctionnel de Marseille le juge depuis lundi pour association de malfaiteurs en vue de commettre un assassinat. <br \/>\u00a0 <br \/>Cet homme de 39 ans condamn\u00e9 une vingtaine de fois avait \u00e9t\u00e9 interpell\u00e9 \u00e0 Afa (Corse-du-Sud), le 4 janvier 2021, avec deux jeunes hommes originaires de Propriano comme lui, une Kalachnikov entre les jambes, des gants en latex aux mains et des cagoules dans leurs poches. Selon l&rsquo;accusation, \u00ab\u00a0ils \u00e9taient pr\u00eats \u00e0 passer \u00e0 l\u2019action\u00a0\u00bb. <br \/>\u00a0 <br \/>Yassine Akhazzane a contest\u00e9 avec vigueur tout projet d\u2019assassinat. Les policiers \u00e9voquent un contrat pass\u00e9 avec Louis Carboni, pr\u00e9sent\u00e9 comme le patron d&rsquo;une bande criminelle de Carg\u00e8se, destin\u00e9 \u00e0 venger l&rsquo;un des fils, assassin\u00e9 le 12 ao\u00fbt 2020. Il a expliqu\u00e9 au tribunal qu&rsquo;au moment de son interpellation, il s&rsquo;appr\u00eatait \u00e0 vendre le v\u00e9hicule et une moto vol\u00e9e, ainsi qu\u2019une Kalachnikov acquise en 2018 et stock\u00e9e chez une amie \u00e0 Porto-Vecchio. \u00ab\u00a0J\u2019\u00e9tais un voleur de voitures et lorsque je suis sorti de prison le 1er septembre 2020, j&rsquo;ai repris mon activit\u00e9 de voleur\u00a0\u00bb, a-t-il expliqu\u00e9. Questionn\u00e9 sur les gilets pare-balles port\u00e9s, le mis en cause a confi\u00e9 qu&rsquo;\u00e0 16 ans, lors d\u2019un rendez-vous d&rsquo;achat d\u2019armes, on lui a \u00ab\u00a0tir\u00e9 dessus\u00a0\u00bb.\u00a0\u00ab\u00a0On ne sait jamais, un accident est vite arriv\u00e9.\u00a0\u00bb <br \/>\u00a0 <br \/>Face au tribunal, il a affirm\u00e9 vouloir \u00ab\u00a0prendre (s)es responsabilit\u00e9s\u00a0\u00bb en d\u00e9douanant ses cinq copr\u00e9venus, consid\u00e9r\u00e9s comme les petits soldats de son \u00e9quipe. Il se pr\u00e9sente comme \u00ab\u00a0l\u2019unique fautif dans l&rsquo;histoire\u00a0\u00bb. Commentant une vid\u00e9o d&rsquo;un violent passage \u00e0 tabac retrouv\u00e9 dans le t\u00e9l\u00e9phone d&rsquo;un de ses copr\u00e9venus, Yassine Akhazzane a revendiqu\u00e9 avoir commandit\u00e9 cette agression. \u00ab\u00a0J&rsquo;ai envoy\u00e9 quelqu\u2019un le frapper et filmer.\u00a0\u00bb Il\u00a0ajoute que dans un autre dossier, dix-huit vid\u00e9os de ce type ont \u00e9t\u00e9 retrouv\u00e9es dans son t\u00e9l\u00e9phone : \u00ab\u00a0Oui je fais frapper des gens, c&rsquo;est mes habitudes\u00a0\u00bb. <br \/>\u00a0 <br \/>Ce dernier est mis en examen \u00e0 Ajaccio pour l\u2019agression d&rsquo;un de ses copr\u00e9venus qui, dans cette affaire, a b\u00e9n\u00e9fici\u00e9 d&rsquo;une comparution sur reconnaissance pr\u00e9alable de culpabilit\u00e9. La victime avait \u00e9t\u00e9 laiss\u00e9e pour morte \u00e0 la veille d&rsquo;une audition chez le juge d\u2019instruction. L\u00e0 encore, Yassine Akhazzane revendique haut et fort. \u00ab\u00a0Il m&rsquo;a mal parl\u00e9, m&rsquo;a menac\u00e9 de me faire \u00e9clater en prison, il a eu ce qu&rsquo;il m\u00e9rite. Heureusement que c&rsquo;\u00e9tait pas moi, je lui aurais fait pire.\u00a0\u00bb La pr\u00e9sidente le reprend : \u00ab\u00a0Pire,\u00a0c\u2019est la mort\u00a0\u00bb. <br \/>\u00a0 <br \/>Les deux jeunes gar\u00e7ons interpell\u00e9s \u00e0 ses c\u00f4t\u00e9s se sont \u00e9galement d\u00e9fendus de tout projet criminel, livrant eux aussi la version d\u2019une vente de v\u00e9hicule vol\u00e9. \u00ab\u00a0On n\u2019est pas une bande, on est des amis\u00a0\u00bb, a expliqu\u00e9 l&rsquo;un d\u2019eux qui a r\u00e9p\u00e9t\u00e9 au tribunal : \u00ab\u00a0On\u00a0voulait tuer personne, on voulait venger personne\u00a0\u00bb. <br \/>\u00a0 <br \/>Les r\u00e9quisitions du procureur sont attendues mercredi matin. <br \/>\u00a0\n\t\t\t\t <\/p>\n","protected":false},"excerpt":{"rendered":"\u00ab\u00a0J&rsquo;ai pas d&rsquo;\u00e9quipe, c&rsquo;est une invention\u00a0\u00bb: Yassine Akhazzane s&rsquo;est d\u00e9fendu mardi d&rsquo;\u00eatre \u00e0 la t\u00eate d&rsquo;une structure criminelle&hellip;\n","protected":false},"author":2,"featured_media":496437,"comment_status":"","ping_status":"","sticky":false,"template":"","format":"standard","meta":{"footnotes":""},"categories":[2814],"tags":[1111,11,5622,61881,5815,11049,2517,11050,11051,11052,1777,674,118,1011,27,884,12,2694,882,25],"class_list":{"0":"post-496436","1":"post","2":"type-post","3":"status-publish","4":"format-standard","5":"has-post-thumbnail","7":"category-marseille","8":"tag-actu","9":"tag-actualites","10":"tag-ajaccio","11":"tag-assassinat-propriano","12":"tag-association-de-malfaiteurs","13":"tag-cni","14":"tag-corse","15":"tag-corse-net-infos","16":"tag-corsenetinfos","17":"tag-corsica","18":"tag-eu","19":"tag-europe","20":"tag-faits-divers","21":"tag-fr","22":"tag-france","23":"tag-marseille","24":"tag-news","25":"tag-proces","26":"tag-provence-alpes-cote-dazur","27":"tag-republique-francaise"},"share_on_mastodon":{"url":"https:\/\/pubeurope.com\/@fr\/115454352000984989","error":""},"_links":{"self":[{"href":"https:\/\/www.europesays.com\/fr\/wp-json\/wp\/v2\/posts\/496436","targetHints":{"allow":["GET"]}}],"collection":[{"href":"https:\/\/www.europesays.com\/fr\/wp-json\/wp\/v2\/posts"}],"about":[{"href":"https:\/\/www.europesays.com\/fr\/wp-json\/wp\/v2\/types\/post"}],"author":[{"embeddable":true,"href":"https:\/\/www.europesays.com\/fr\/wp-json\/wp\/v2\/users\/2"}],"replies":[{"embeddable":true,"href":"https:\/\/www.europesays.com\/fr\/wp-json\/wp\/v2\/comments?post=496436"}],"version-history":[{"count":0,"href":"https:\/\/www.europesays.com\/fr\/wp-json\/wp\/v2\/posts\/496436\/revisions"}],"wp:featuredmedia":[{"embeddable":true,"href":"https:\/\/www.europesays.com\/fr\/wp-json\/wp\/v2\/media\/496437"}],"wp:attachment":[{"href":"https:\/\/www.europesays.com\/fr\/wp-json\/wp\/v2\/media?parent=496436"}],"wp:term":[{"taxonomy":"category","embeddable":true,"href":"https:\/\/www.europesays.com\/fr\/wp-json\/wp\/v2\/categories?post=496436"},{"taxonomy":"post_tag","embeddable":true,"href":"https:\/\/www.europesays.com\/fr\/wp-json\/wp\/v2\/tags?post=496436"}],"curies":[{"name":"wp","href":"https:\/\/api.w.org\/{rel}","templated":true}]}}