{"id":496440,"date":"2025-10-28T23:22:24","date_gmt":"2025-10-28T23:22:24","guid":{"rendered":"https:\/\/www.europesays.com\/fr\/496440\/"},"modified":"2025-10-28T23:22:24","modified_gmt":"2025-10-28T23:22:24","slug":"le-suspect-algerien-remis-a-la-france-et-mis-en-examen-pour-assassinat-terroriste","status":"publish","type":"post","link":"https:\/\/www.europesays.com\/fr\/496440\/","title":{"rendered":"Le suspect alg\u00e9rien remis \u00e0 la France et mis en examen pour assassinat terroriste"},"content":{"rendered":"<p>Les autorit\u00e9s ont confirm\u00e9 que <a href=\"https:\/\/www.20minutes.fr\/faits_divers\/faits-divers-lyon\/4176957-20251003-mois-apres-meurtre-chretien-irakien-lyon-suspect-interpelle-italie\" target=\"_blank\" class=\"c-link c-link--is-underlined\" rel=\"nofollow noopener\">le ressortissant alg\u00e9rien suspect\u00e9 du meurtre d\u2019un chr\u00e9tien iraquien<\/a>, survenu le 10\u00a0septembre dans le 8e\u00a0arrondissement de Lyon, a \u00e9t\u00e9 remis \u00e0 la France par l\u2019Italie en vertu d\u2019un mandat d\u2019arr\u00eat europ\u00e9en. Plac\u00e9 en garde \u00e0 vue \u00e0 son arriv\u00e9e, il a \u00e9t\u00e9 <a href=\"https:\/\/www.20minutes.fr\/dossier\/mis_en_examen\" target=\"_blank\" class=\"c-link c-link--is-underlined\" rel=\"nofollow noopener\">mis en examen<\/a> pour \u00ab\u00a0<a href=\"https:\/\/www.20minutes.fr\/dossier\/assassinat\" target=\"_blank\" class=\"c-link c-link--is-underlined\" rel=\"nofollow noopener\">assassinat<\/a> en relation avec une entreprise <a href=\"https:\/\/www.20minutes.fr\/dossier\/terroriste\" target=\"_blank\" class=\"c-link c-link--is-underlined\" rel=\"nofollow noopener\">terroriste<\/a>\u00a0\u00bb ainsi que pour \u00ab\u00a0association de malfaiteurs terroriste criminelle\u00a0\u00bb, avant d\u2019\u00eatre incarc\u00e9r\u00e9, conform\u00e9ment aux r\u00e9quisitions du Parquet national antiterroriste (Pnat).<\/p>\n<p>La victime, un Assyro-Chald\u00e9en de 45 ans <a href=\"https:\/\/www.20minutes.fr\/monde\/refugies\/\" target=\"_blank\" class=\"c-link c-link--is-underlined\" rel=\"nofollow noopener\">r\u00e9fugi\u00e9 politique<\/a> et en situation de <a href=\"https:\/\/www.20minutes.fr\/dossier\/handicap\" target=\"_blank\" class=\"c-link c-link--is-underlined\" rel=\"nofollow noopener\">handicap<\/a>, avait b\u00e2ti une forte audience sur <a href=\"https:\/\/www.20minutes.fr\/high-tech\/tiktok\/\" target=\"_blank\" class=\"c-link c-link--is-underlined\" rel=\"nofollow noopener\">TikTok<\/a>, o\u00f9 il parlait r\u00e9guli\u00e8rement de sa foi. Il a \u00e9t\u00e9 surpris sous son immeuble alors qu\u2019il r\u00e9alisait un direct de plus de cinq heures, avant d\u2019\u00eatre frapp\u00e9 d\u2019un <a href=\"https:\/\/www.20minutes.fr\/dossier\/coup_de_couteau\" target=\"_blank\" class=\"c-link c-link--is-underlined\" rel=\"nofollow noopener\">coup de couteau<\/a> particuli\u00e8rement violent au niveau du cou. Son agresseur avait ensuite pris la fuite \u00e0 pied.<\/p>\n<\/p>\n<p>T\u00e9l\u00e9phonie et t\u00e9moignages des riverains<\/p>\n<p>L\u2019enqu\u00eate ouverte d\u00e8s la soir\u00e9e du meurtre avait d\u2019abord cibl\u00e9 la t\u00e9l\u00e9phonie du suspect pr\u00e9sum\u00e9. Les investigations avaient mis en \u00e9vidence que son t\u00e9l\u00e9phone avait \u00ab\u00a0born\u00e9\u00a0\u00bb \u00e0 proximit\u00e9 du domicile de la <a href=\"https:\/\/www.20minutes.fr\/dossier\/victime\" target=\"_blank\" class=\"c-link c-link--is-underlined\" rel=\"nofollow noopener\">victime<\/a> entre 21h15 et 22h50, avec plusieurs d\u00e9placements qui ont retenu l\u2019attention des enqu\u00eateurs. Le Figaro a r\u00e9v\u00e9l\u00e9 ces informations, confirm\u00e9es mardi par une source proche de l\u2019affaire.<\/p>\n<p><a href=\"https:\/\/www.20minutes.fr\/dossier\/terrorisme\" target=\"_blank\" class=\"c-link c-btn c-btn--primary\" rel=\"nofollow noopener\">Notre dossier sur le terrorisme<\/a><\/p>\n<p>Les enqu\u00eateurs avaient \u00e9galement recueilli les t\u00e9moignages de riverains \u00e9voquant les all\u00e9es et venues d\u2019un homme semblant \u00ab\u00a0roder\u00a0\u00bb aux abords de l\u2019immeuble peu avant le drame. Ce m\u00eame individu aurait quitt\u00e9 les lieux en courant imm\u00e9diatement apr\u00e8s l\u2019agression.<\/p>\n","protected":false},"excerpt":{"rendered":"Les autorit\u00e9s ont confirm\u00e9 que le ressortissant alg\u00e9rien suspect\u00e9 du meurtre d\u2019un chr\u00e9tien iraquien, survenu le 10\u00a0septembre dans&hellip;\n","protected":false},"author":2,"featured_media":496441,"comment_status":"","ping_status":"","sticky":false,"template":"","format":"standard","meta":{"footnotes":""},"categories":[1889],"tags":[1111,47,11,6744,2430,16951,7623,1777,674,32714,1011,27,4366,303,2428,5117,12,2495,25,2429,2431,1254],"class_list":{"0":"post-496440","1":"post","2":"type-post","3":"status-publish","4":"format-standard","5":"has-post-thumbnail","7":"category-lyon","8":"tag-actu","9":"tag-actualite","10":"tag-actualites","11":"tag-assassinat","12":"tag-auvergne-rhone-alpes","13":"tag-chretien","14":"tag-coup-de-couteau","15":"tag-eu","16":"tag-europe","17":"tag-extradition","18":"tag-fr","19":"tag-france","20":"tag-irak","21":"tag-justice","22":"tag-lyon","23":"tag-mise-en-examen","24":"tag-news","25":"tag-refugies","26":"tag-republique-francaise","27":"tag-rhone","28":"tag-rhone-alpes","29":"tag-terrorisme"},"share_on_mastodon":{"url":"https:\/\/pubeurope.com\/@fr\/115454367697108524","error":""},"_links":{"self":[{"href":"https:\/\/www.europesays.com\/fr\/wp-json\/wp\/v2\/posts\/496440","targetHints":{"allow":["GET"]}}],"collection":[{"href":"https:\/\/www.europesays.com\/fr\/wp-json\/wp\/v2\/posts"}],"about":[{"href":"https:\/\/www.europesays.com\/fr\/wp-json\/wp\/v2\/types\/post"}],"author":[{"embeddable":true,"href":"https:\/\/www.europesays.com\/fr\/wp-json\/wp\/v2\/users\/2"}],"replies":[{"embeddable":true,"href":"https:\/\/www.europesays.com\/fr\/wp-json\/wp\/v2\/comments?post=496440"}],"version-history":[{"count":0,"href":"https:\/\/www.europesays.com\/fr\/wp-json\/wp\/v2\/posts\/496440\/revisions"}],"wp:featuredmedia":[{"embeddable":true,"href":"https:\/\/www.europesays.com\/fr\/wp-json\/wp\/v2\/media\/496441"}],"wp:attachment":[{"href":"https:\/\/www.europesays.com\/fr\/wp-json\/wp\/v2\/media?parent=496440"}],"wp:term":[{"taxonomy":"category","embeddable":true,"href":"https:\/\/www.europesays.com\/fr\/wp-json\/wp\/v2\/categories?post=496440"},{"taxonomy":"post_tag","embeddable":true,"href":"https:\/\/www.europesays.com\/fr\/wp-json\/wp\/v2\/tags?post=496440"}],"curies":[{"name":"wp","href":"https:\/\/api.w.org\/{rel}","templated":true}]}}