{"id":496446,"date":"2025-10-28T23:27:10","date_gmt":"2025-10-28T23:27:10","guid":{"rendered":"https:\/\/www.europesays.com\/fr\/496446\/"},"modified":"2025-10-28T23:27:10","modified_gmt":"2025-10-28T23:27:10","slug":"alcaraz-est-il-parti-pour-ne-jamais-gagner-en-indoor-a-paname-comme-rafa","status":"publish","type":"post","link":"https:\/\/www.europesays.com\/fr\/496446\/","title":{"rendered":"Alcaraz est-il parti pour ne jamais gagner en indoor \u00e0 Paname comme Rafa ?"},"content":{"rendered":"<p class=\"mb-4 text-lg md:leading-8 break-words\"><strong>out &#8211; Battu par Cameron Norrie (6-4, 3-6, 4-6), Carlos Alcaraz \u00e9choue une nouvelle fois pr\u00e9matur\u00e9ment au Rolex Paris Masters. Une mal\u00e9diction sans fin\u00a0?<\/strong><\/p>\n<p class=\"mb-4 text-lg md:leading-8 break-words\">Quand \u00e7a veut pas, \u00e7a veut pas. Et dans le cas de Carlos Alcaraz, il semblerait que \u00e7a ne veuille vraiiiiiment pas. Battu en trois manches par le Britannique Cameron Norrie <a href=\"https:\/\/www.20minutes.fr\/sport\/tennis\/4181172-20251027-masters-1000-paris-dernier-frisson-francais-annee-2025-inaugurer-tournoi-defense?at_medium=RSS%20feed&amp;at_campaign=ynews&amp;utm_source=yahoo&amp;utm_medium=rss&amp;utm_campaign=news_feed&amp;utm_content=in_article_link\" rel=\"nofollow noopener\" target=\"_blank\" data-ylk=\"slk:au 2e tour du Masters 1000 de Paris;elm:context_link;itc:0;sec:content-canvas\" class=\"link \">au 2e tour du Masters 1000 de Paris<\/a> (6-4, 3-6, 4-6), <a href=\"https:\/\/www.20minutes.fr\/sport\/carlos-alcaraz\/?at_medium=RSS%20feed&amp;at_campaign=ynews&amp;utm_source=yahoo&amp;utm_medium=rss&amp;utm_campaign=news_feed&amp;utm_content=in_article_link\" rel=\"nofollow noopener\" target=\"_blank\" data-ylk=\"slk:l&#039;Espagnol a \u00e9t\u00e9 l\u00e2ch\u00e9 par la magie;elm:context_link;itc:0;sec:content-canvas\" class=\"link \">l&rsquo;Espagnol a \u00e9t\u00e9 l\u00e2ch\u00e9 par la magie<\/a> qui l\u2019habite en temps normal. \u00ab\u00a0Je n\u2019ai pas bien jou\u00e9, j\u2019ai commis beaucoup d\u2019erreurs et je n\u2019avais pas de sensations, diagnostique le num\u00e9ro\u00a01 mondial en conf\u00e9rence de presse. M\u00eame si j\u2019ai gagn\u00e9 le premier set, je sentais que j\u2019aurais d\u00fb mieux faire. Dans le 2e set j\u2019ai essay\u00e9 de faire mieux mais c\u2019\u00e9tait pire. Le m\u00e9rite revient \u00e0 Cameron parce qu\u2019il ne m\u2019a pas laiss\u00e9 faire.\u00a0\u00bb<\/p>\n<p class=\"mb-4 text-lg md:leading-8 break-words\">Les m\u00e9disants diront que le cosplay Neymar &#8211; chevelure peroxyd\u00e9e et tenue aux couleurs du Br\u00e9sil &#8211; lui a port\u00e9 pr\u00e9judice dans sa qu\u00eate d\u2019un premier titre. En r\u00e9alit\u00e9, le costume est tout \u00e0 fait appropri\u00e9\u00a0: comme pour le Br\u00e9silien, l\u2019histoire se termine toujours mal pour Carlitos \u00e0 Paris.<\/p>\n<p>Aucune explication rationnelle \u00e0 l\u2019\u00e9chec d\u2019Alcaraz<\/p>\n<p class=\"mb-4 text-lg md:leading-8 break-words\">Alcaraz avait pourtant mis toute la bonne volont\u00e9 du monde en prenant le temps d\u2019arriver le week-end dans la capitale pour apprivoiser une surface dont il a fait l\u2019\u00e9loge de la lenteur. \u00ab\u00a0Je trouve que la vitesse du court est assez lente, ce qui, comme je l\u2019ai dit, me convient bien, car cela correspond \u00e0 ce que j\u2019ai ressenti \u00e0 l\u2019entra\u00eenement, a-t-il confirm\u00e9 apr\u00e8s la d\u00e9faite. Aujourd\u2019hui, je n\u2019ai pas r\u00e9ussi \u00e0 trouver de solution, je me suis bloqu\u00e9 et c\u2019est ce qui arrive quand on affronte quelqu\u2019un qui a bien jou(&#8230;)<\/p>\n<p class=\"mb-4 text-lg md:leading-8 break-words\"><a href=\"https:\/\/www.20minutes.fr\/sport\/tennis\/4182172-20251028-masters-1000-paris-alcaraz-parti-jamais-gagner-indoor-paname-comme-rafa?at_medium=RSS%20feed&amp;at_campaign=ynews&amp;utm_source=yahoo&amp;utm_medium=rss&amp;utm_campaign=news_feed&amp;utm_content=read_more_link&quot;\" rel=\"nofollow noopener\" target=\"_blank\" data-ylk=\"slk:Lire la suite sur 20minutes;elm:context_link;itc:0;sec:content-canvas\" class=\"link \">Lire la suite sur 20minutes<\/a><\/p>\n<p>\u00c0 lire aussi :<br \/><a href=\"https:\/\/www.20minutes.fr\/sport\/tennis\/4182051-20251028-masters-1000-paris-grace-moutet-dimitrov-surface-ralentie-tennis-plus-fort-servebots?at_medium=RSS%20feed&amp;at_campaign=ynews&amp;utm_source=yahoo&amp;utm_medium=rss&amp;utm_campaign=news_feed&amp;utm_content=related_content_link\" rel=\"nofollow noopener\" target=\"_blank\" data-ylk=\"slk:Masters 1000 de Paris\u00a0: Gr\u00e2ce \u00e0 Moutet, Dimitrov et la surface ralentie, le tennis plus fort que les \u00ab\u00a0servebots\u00a0\u00bb;elm:context_link;itc:0;sec:content-canvas\" class=\"link \">Masters 1000 de Paris\u00a0: Gr\u00e2ce \u00e0 Moutet, Dimitrov et la surface ralentie, le tennis plus fort que les \u00ab\u00a0servebots\u00a0\u00bb<\/a><br \/><a href=\"https:\/\/www.20minutes.fr\/sport\/tennis\/4181797-20251028-masters-1000-paris-bruit-travers-rideaux-central-frisquet-demenagement-reussi-defense?at_medium=RSS%20feed&amp;at_campaign=ynews&amp;utm_source=yahoo&amp;utm_medium=rss&amp;utm_campaign=news_feed&amp;utm_content=related_content_link\" rel=\"nofollow noopener\" target=\"_blank\" data-ylk=\"slk:Masters 1000 de Paris\u00a0: Du bruit \u00e0 travers les rideaux, un central frisquet, mais un d\u00e9m\u00e9nagement r\u00e9ussi \u00e0 La D\u00e9fense;elm:context_link;itc:0;sec:content-canvas\" class=\"link \">Masters 1000 de Paris\u00a0: Du bruit \u00e0 travers les rideaux, un central frisquet, mais un d\u00e9m\u00e9nagement r\u00e9ussi \u00e0 La D\u00e9fense<\/a><\/p>\n","protected":false},"excerpt":{"rendered":"out &#8211; Battu par Cameron Norrie (6-4, 3-6, 4-6), Carlos Alcaraz \u00e9choue une nouvelle fois pr\u00e9matur\u00e9ment au Rolex&hellip;\n","protected":false},"author":2,"featured_media":496447,"comment_status":"","ping_status":"","sticky":false,"template":"","format":"standard","meta":{"footnotes":""},"categories":[1888],"tags":[1111,1928,11,1927,15405,7779,1153,1777,674,1011,27,4177,12,1926,626,1925,25],"class_list":{"0":"post-496446","1":"post","2":"type-post","3":"status-publish","4":"format-standard","5":"has-post-thumbnail","7":"category-paris","8":"tag-actu","9":"tag-actu-paris","10":"tag-actualites","11":"tag-actualites-paris","12":"tag-cameron-norrie","13":"tag-carlos-alcaraz","14":"tag-conference-de-presse","15":"tag-eu","16":"tag-europe","17":"tag-fr","18":"tag-france","19":"tag-masters-1000","20":"tag-news","21":"tag-news-paris","22":"tag-paris","23":"tag-paris-news","24":"tag-republique-francaise"},"share_on_mastodon":{"url":"https:\/\/pubeurope.com\/@fr\/115454387376186300","error":""},"_links":{"self":[{"href":"https:\/\/www.europesays.com\/fr\/wp-json\/wp\/v2\/posts\/496446","targetHints":{"allow":["GET"]}}],"collection":[{"href":"https:\/\/www.europesays.com\/fr\/wp-json\/wp\/v2\/posts"}],"about":[{"href":"https:\/\/www.europesays.com\/fr\/wp-json\/wp\/v2\/types\/post"}],"author":[{"embeddable":true,"href":"https:\/\/www.europesays.com\/fr\/wp-json\/wp\/v2\/users\/2"}],"replies":[{"embeddable":true,"href":"https:\/\/www.europesays.com\/fr\/wp-json\/wp\/v2\/comments?post=496446"}],"version-history":[{"count":0,"href":"https:\/\/www.europesays.com\/fr\/wp-json\/wp\/v2\/posts\/496446\/revisions"}],"wp:featuredmedia":[{"embeddable":true,"href":"https:\/\/www.europesays.com\/fr\/wp-json\/wp\/v2\/media\/496447"}],"wp:attachment":[{"href":"https:\/\/www.europesays.com\/fr\/wp-json\/wp\/v2\/media?parent=496446"}],"wp:term":[{"taxonomy":"category","embeddable":true,"href":"https:\/\/www.europesays.com\/fr\/wp-json\/wp\/v2\/categories?post=496446"},{"taxonomy":"post_tag","embeddable":true,"href":"https:\/\/www.europesays.com\/fr\/wp-json\/wp\/v2\/tags?post=496446"}],"curies":[{"name":"wp","href":"https:\/\/api.w.org\/{rel}","templated":true}]}}