{"id":496448,"date":"2025-10-28T23:28:13","date_gmt":"2025-10-28T23:28:13","guid":{"rendered":"https:\/\/www.europesays.com\/fr\/496448\/"},"modified":"2025-10-28T23:28:13","modified_gmt":"2025-10-28T23:28:13","slug":"jai-tout-fait-pour-la-sauver-juge-pour-avoir-brule-sa-compagne-a-stains-laccuse-plaide-laccident","status":"publish","type":"post","link":"https:\/\/www.europesays.com\/fr\/496448\/","title":{"rendered":"\u00ab\u00a0J\u2019ai tout fait pour la sauver\u00a0\u00bb\u00a0: jug\u00e9 pour avoir br\u00fbl\u00e9 sa compagne \u00e0 Stains, l\u2019accus\u00e9 plaide l\u2019accident"},"content":{"rendered":"<p class=\"paragraph text_align_left lp-f-body-02\">Dans le box des accus\u00e9s de la cour d\u2019assises de Seine-Saint-Denis, \u00e0 <a href=\"https:\/\/www.leparisien.fr\/seine-saint-denis-93\/bobigny-93000\/\" target=\"_self\" rel=\"nofollow noopener\">Bobigny<\/a>, Yann L. l\u2019affirme : il n\u2019a pas tu\u00e9 sa compagne en la faisant br\u00fbler. Au contraire, il voulait la secourir mais a \u00e9chou\u00e9. \u00ab J\u2019ai tout fait pour la sauver \u00bb, jure-t-il. Cet homme de 25 ans dispose de quatre jours pour convaincre la cour et les jur\u00e9s. Car c\u2019est bien pour meurtre par conjoint qu\u2019il est jug\u00e9, depuis ce mardi et jusqu\u2019\u00e0 vendredi. Un drame \u00e9pouvantable qui a emport\u00e9 la vie de Johanna \u00e0 l\u2019\u00e2ge de 28 ans.<\/p>\n<p class=\"paragraph text_align_left lp-f-body-02\">C\u2019\u00e9tait <a href=\"https:\/\/www.leparisien.fr\/seine-saint-denis-93\/seine-saint-denis-une-femme-retrouvee-nue-et-brulee-a-stains-son-compagnon-interpelle-18-10-2022-UIXBL6KBIFDYJPFXUO7BQR2QUQ.php\" target=\"_blank\" rel=\"noreferrer nofollow noopener\">un soir d\u2019octobre, il y a trois ans \u00e0 Stains<\/a>, juste devant le cimeti\u00e8re de la ville. De retour d\u2019une escapade \u00e0 Soissons (Aisne), o\u00f9 il a fait le plein de bidons d\u2019essence en cette p\u00e9riode de gr\u00e8ve des raffineries, le couple rejoint l\u2019appartement de la m\u00e8re de Yann, qui l\u2019h\u00e9berge. Comme il a oubli\u00e9 la cl\u00e9, il faut attendre. La Peugeot 307 de la jeune femme est gar\u00e9e devant le cimeti\u00e8re pour promener le chien.<\/p>\n","protected":false},"excerpt":{"rendered":"Dans le box des accus\u00e9s de la cour d\u2019assises de Seine-Saint-Denis, \u00e0 Bobigny, Yann L. l\u2019affirme : il&hellip;\n","protected":false},"author":2,"featured_media":496449,"comment_status":"","ping_status":"","sticky":false,"template":"","format":"standard","meta":{"footnotes":""},"categories":[1888],"tags":[11,1777,674,118,1011,27,1944,12,626,25,1945],"class_list":{"0":"post-496448","1":"post","2":"type-post","3":"status-publish","4":"format-standard","5":"has-post-thumbnail","7":"category-paris","8":"tag-actualites","9":"tag-eu","10":"tag-europe","11":"tag-faits-divers","12":"tag-fr","13":"tag-france","14":"tag-ma-ville","15":"tag-news","16":"tag-paris","17":"tag-republique-francaise","18":"tag-seine-saint-denis"},"share_on_mastodon":{"url":"https:\/\/pubeurope.com\/@fr\/115454391301600331","error":""},"_links":{"self":[{"href":"https:\/\/www.europesays.com\/fr\/wp-json\/wp\/v2\/posts\/496448","targetHints":{"allow":["GET"]}}],"collection":[{"href":"https:\/\/www.europesays.com\/fr\/wp-json\/wp\/v2\/posts"}],"about":[{"href":"https:\/\/www.europesays.com\/fr\/wp-json\/wp\/v2\/types\/post"}],"author":[{"embeddable":true,"href":"https:\/\/www.europesays.com\/fr\/wp-json\/wp\/v2\/users\/2"}],"replies":[{"embeddable":true,"href":"https:\/\/www.europesays.com\/fr\/wp-json\/wp\/v2\/comments?post=496448"}],"version-history":[{"count":0,"href":"https:\/\/www.europesays.com\/fr\/wp-json\/wp\/v2\/posts\/496448\/revisions"}],"wp:featuredmedia":[{"embeddable":true,"href":"https:\/\/www.europesays.com\/fr\/wp-json\/wp\/v2\/media\/496449"}],"wp:attachment":[{"href":"https:\/\/www.europesays.com\/fr\/wp-json\/wp\/v2\/media?parent=496448"}],"wp:term":[{"taxonomy":"category","embeddable":true,"href":"https:\/\/www.europesays.com\/fr\/wp-json\/wp\/v2\/categories?post=496448"},{"taxonomy":"post_tag","embeddable":true,"href":"https:\/\/www.europesays.com\/fr\/wp-json\/wp\/v2\/tags?post=496448"}],"curies":[{"name":"wp","href":"https:\/\/api.w.org\/{rel}","templated":true}]}}