{"id":496477,"date":"2025-10-28T23:43:09","date_gmt":"2025-10-28T23:43:09","guid":{"rendered":"https:\/\/www.europesays.com\/fr\/496477\/"},"modified":"2025-10-28T23:43:09","modified_gmt":"2025-10-28T23:43:09","slug":"je-ne-me-sentais-pas-bien-aujourdhui-confie-alcaraz-battu-des-son-entree-en-lice","status":"publish","type":"post","link":"https:\/\/www.europesays.com\/fr\/496477\/","title":{"rendered":"\u00abJe ne me sentais pas bien aujourd\u2019hui\u00bb, confie Alcaraz battu d\u00e8s son entr\u00e9e en lice"},"content":{"rendered":"<p>\n    \u00c9norme sensation \u00e0 Paris La D\u00e9fense Arena avec l\u2019\u00e9limination du num\u00e9ro un mondial, sorti par le Britannique Cameron Norrie (4-6, 6-3, 6-4).<\/p>\n<p class=\"fig-paragraph\">Tremblement de terre \u00e0 Nanterre. Dans un jour sans,\u00a0<a href=\"http:\/\/www.lefigaro.fr\/sports\/tennis\/tennis-agrandi-le-rolex-paris-masters-entre-dans-une-nouvelle-ere-20251026\" data-fig-type=\"Article\" data-gtm-custom-categorie=\"navigation\" data-gtm-custom-action=\"crossclick\" data-gtm-custom-label=\"Contextuel\" data-gtm-event=\"customEventSPE\" data-fig-domain=\"LEFIGARO\" target=\"_blank\" rel=\"noopener\">Carlos Alcaraz<\/a>\u00a0a subi la loi du Britannique. Le Murcien de 22 ans n\u2019avait plus jou\u00e9 en comp\u00e9tition depuis fin septembre et\u00a0<a href=\"http:\/\/www.lefigaro.fr\/sports\/tennis\/tennis-carlos-alcaraz-remporte-pour-la-premiere-de-sa-carriere-le-tournoi-de-pekin-20250930\" target=\"_blank\" data-fig-type=\"NewsFlash\" rel=\"noopener\" data-gtm-custom-categorie=\"navigation\" data-gtm-custom-action=\"crossclick\" data-gtm-custom-label=\"Contextuel\" data-gtm-event=\"customEventSPE\" data-fig-domain=\"LEFIGARO\">son sacre \u00e0 l\u2019ATP 500 de Tokyo<\/a>. Il est apparu rouill\u00e9 ce mardi soir. \u00c0 30 ans, Cameron Norrie, 31e mondial, fait tomber un num\u00e9ro 1 mondial pour la premi\u00e8re fois de sa carri\u00e8re. Coupable de 54 fautes, le sextuple laur\u00e9at en Grand Chelem a progressivement perdu le fil apr\u00e8s une entame de match correcte. \u00c0 2-1 contre lui, dans le deuxi\u00e8me set, il a offert le break blanc \u00e0 Norrie sur une vol\u00e9e compl\u00e8tement manqu\u00e9e.<\/p>\n<p class=\"fig-paragraph\">Il n\u2019a jamais pu retrouver ses sensations. \u00abJe ne me sentais pas bien aujourd\u2019hui, a confirm\u00e9 l\u2019Espagnol en conf\u00e9rence de presse. J\u2019ai commis beaucoup d\u2019erreurs. Je n\u2019avais pas de sensation. Et puis Norrie a jou\u00e9 un tr\u00e8s bon tennis aujourd\u2019hui. Je suis vraiment d\u00e9\u00e7u par mon niveau sur ce match. C\u2019\u00e9tait un de mes pires matches de la saison, c\u2019est comme \u00e7a.\u00bb\u00a0<\/p>\n<p>                                    <a class=\"fig-a11y-skip a11y-hidden\" href=\"#fig-a11y-skip-main-inarticle\"><br \/>\n        Passer la publicit\u00e9<br \/>\n    <\/a><\/p>\n<p class=\"fig-paragraph\">Compliqu\u00e9 pour le patron du tennis mondial de trouver les mots pour expliquer ses maux du jour. \u00abJe me suis beaucoup entra\u00een\u00e9 ici. Je me sentais tr\u00e8s bien. Je bougeais bien sur le court. Je sentais la balle. J\u2019avais les id\u00e9es tr\u00e8s claires, mes objectifs l\u2019\u00e9taient \u00e9galement. Mais aujourd\u2019hui, m\u00eame au premier set, bien que je l\u2019aie remport\u00e9, j\u2019avais le sentiment que je pouvais faire beaucoup mieux que \u00e7a. J\u2019ai essay\u00e9 de m\u2019am\u00e9liorer au deuxi\u00e8me set. \u00c7a a \u00e9t\u00e9 l\u2019inverse\u00a0: j\u2019ai jou\u00e9 encore plus mal.\u00bb<\/p>\n<p class=\"fig-paragraph\">Tr\u00e8s, tr\u00e8s loin de son meilleur niveau, l\u2019Espagnol s\u2019est fait pi\u00e9ger par le gaucher britannique, qui remporte son deuxi\u00e8me match en huit confrontations contre le num\u00e9ro un mondial. Il affrontera\u00a0<a href=\"http:\/\/www.lefigaro.fr\/sports\/tennis\/rolex-paris-masters-rinderknech-vacherot-la-cousinade-episode-2-20251028\" data-fig-type=\"NewsFlash\" data-gtm-custom-categorie=\"navigation\" data-gtm-custom-action=\"crossclick\" data-gtm-custom-label=\"Contextuel\" data-gtm-event=\"customEventSPE\" data-fig-domain=\"LEFIGARO\" target=\"_blank\" rel=\"noopener\">Arthur Rinderknech ou Valentin Vacherot au prochain tour.<\/a><\/p>\n<p class=\"fig-paragraph\">D\u00e9cid\u00e9ment, le prodige, d\u00e9j\u00e0 sacr\u00e9 \u00e0 deux reprises \u00e0 Roland-Garros, n\u2019y arrive pas au Rolex Paris Masters o\u00f9 il n\u2019a jamais fait mieux qu\u2019un quart de finale (en 2022). B\u00e9ni \u00e0 sur la terre battue de Paris, maudit sous le toit de Bercy, puis de Paris la D\u00e9fense Arena\u00a0: \u00abJe ne sais pas pourquoi je n\u2019y arrive pas ici. J\u2019avais de l\u2019\u00e9nergie, j\u2019avais l\u2019impression que je pouvais bien jouer. J\u2019ai connu ma plus belle ann\u00e9e sur le circuit et effectivement, ce tournoi arrive en fin d\u2019ann\u00e9e. Mais je me suis super bien senti cette ann\u00e9e, physiquement, mentalement. Il y a d\u2019autres ann\u00e9es o\u00f9 j\u2019\u00e9tais plus fatigu\u00e9. Je ne sais pas ce qu\u2019il s\u2019est pass\u00e9 ici, mais c\u2019est effectivement un tournoi o\u00f9 j\u2019ai du mal \u00e0 bien jouer. Mais j\u2019esp\u00e8re que \u00e7a changera un jour\u00bb.<\/p>\n<p class=\"fig-paragraph\">Coup d\u2019arr\u00eat pour le num\u00e9ro 1 mondial qui restait sur 9 finales cons\u00e9cutives sur le circuit. Et c\u2019est sa 8e d\u00e9faite de l\u2019ann\u00e9e (pour 67 victoires). Sa fabuleuse s\u00e9rie de victoires cons\u00e9cutives en Masters 1000 s\u2019arr\u00eate \u00e0 17 apr\u00e8s ses titres en 2025 \u00e0 Monte-Carlo, Rome et Cincinnati. C\u2019est \u00e9galement la 3e fois seulement en 40 \u00e9ditions, que le num\u00e9ro mondial est \u00e9limin\u00e9 d\u00e8s son entr\u00e9e en lice du Masters 1000 parisien.<\/p>\n","protected":false},"excerpt":{"rendered":"\u00c9norme sensation \u00e0 Paris La D\u00e9fense Arena avec l\u2019\u00e9limination du num\u00e9ro un mondial, sorti par le Britannique Cameron&hellip;\n","protected":false},"author":2,"featured_media":496478,"comment_status":"","ping_status":"","sticky":false,"template":"","format":"standard","meta":{"footnotes":""},"categories":[1415],"tags":[7779,1011,27,60,1467],"class_list":{"0":"post-496477","1":"post","2":"type-post","3":"status-publish","4":"format-standard","5":"has-post-thumbnail","7":"category-tennis","8":"tag-carlos-alcaraz","9":"tag-fr","10":"tag-france","11":"tag-sports","12":"tag-tennis"},"share_on_mastodon":{"url":"https:\/\/pubeurope.com\/@fr\/115454450256246251","error":""},"_links":{"self":[{"href":"https:\/\/www.europesays.com\/fr\/wp-json\/wp\/v2\/posts\/496477","targetHints":{"allow":["GET"]}}],"collection":[{"href":"https:\/\/www.europesays.com\/fr\/wp-json\/wp\/v2\/posts"}],"about":[{"href":"https:\/\/www.europesays.com\/fr\/wp-json\/wp\/v2\/types\/post"}],"author":[{"embeddable":true,"href":"https:\/\/www.europesays.com\/fr\/wp-json\/wp\/v2\/users\/2"}],"replies":[{"embeddable":true,"href":"https:\/\/www.europesays.com\/fr\/wp-json\/wp\/v2\/comments?post=496477"}],"version-history":[{"count":0,"href":"https:\/\/www.europesays.com\/fr\/wp-json\/wp\/v2\/posts\/496477\/revisions"}],"wp:featuredmedia":[{"embeddable":true,"href":"https:\/\/www.europesays.com\/fr\/wp-json\/wp\/v2\/media\/496478"}],"wp:attachment":[{"href":"https:\/\/www.europesays.com\/fr\/wp-json\/wp\/v2\/media?parent=496477"}],"wp:term":[{"taxonomy":"category","embeddable":true,"href":"https:\/\/www.europesays.com\/fr\/wp-json\/wp\/v2\/categories?post=496477"},{"taxonomy":"post_tag","embeddable":true,"href":"https:\/\/www.europesays.com\/fr\/wp-json\/wp\/v2\/tags?post=496477"}],"curies":[{"name":"wp","href":"https:\/\/api.w.org\/{rel}","templated":true}]}}