{"id":496489,"date":"2025-10-28T23:53:13","date_gmt":"2025-10-28T23:53:13","guid":{"rendered":"https:\/\/www.europesays.com\/fr\/496489\/"},"modified":"2025-10-28T23:53:13","modified_gmt":"2025-10-28T23:53:13","slug":"lempire-une-enquete-sur-le-rap-et-les-milieux-criminels","status":"publish","type":"post","link":"https:\/\/www.europesays.com\/fr\/496489\/","title":{"rendered":"L\u2019Empire, une enqu\u00eate sur le rap et les milieux criminels"},"content":{"rendered":"<p>\n    <strong>ENTRETIEN &#8211;<\/strong> Dans L\u2019Empire, les journalistes Paul Deutschmann, Simon Piel et Joan Tilouine diss\u00e8quent les relations entre les mastodontes du rap, le grand banditisme et les milieux \u00e9conomiques et politiques.<\/p>\n<p class=\"fig-paragraph\">Cela fait maintenant dix ans que\u00a0<a href=\"http:\/\/www.lefigaro.fr\/musique\/le-golden-coast-festival-nouvel-eldorado-du-rap-francais-20250907\" target=\"_blank\" data-fig-type=\"NewsFlash\" rel=\"noopener\" data-gtm-custom-categorie=\"navigation\" data-gtm-custom-action=\"crossclick\" data-gtm-custom-label=\"Contextuel\" data-gtm-event=\"customEventSPE\" data-fig-domain=\"LEFIGARO\">le rap est devenu le genre musical le plus \u00e9cout\u00e9<\/a>\u00a0en France. Et le plus rentable. Jul,\u00a0<a href=\"http:\/\/www.lefigaro.fr\/culture\/werenoi-dans-les-secrets-de-l-ascension-fulgurante-du-plus-gros-vendeur-de-musique-de-france-20250411\" target=\"_blank\" data-fig-type=\"Article\" rel=\"noopener\" data-gtm-custom-categorie=\"navigation\" data-gtm-custom-action=\"crossclick\" data-gtm-custom-label=\"Contextuel\" data-gtm-event=\"customEventSPE\" data-fig-domain=\"LEFIGARO\">Werenoi<\/a>, Maes, Gims, SCH\u2026 Ils se sont hiss\u00e9s au sommet de l\u2019industrie, les maisons de disques se les arrachent \u00e0 coups de dizaines de millions d\u2019euros, les cercles de pouvoir leur ouvrent leurs salons. Mais derri\u00e8re cette conqu\u00eate se cachent aussi de puissants criminels pr\u00eats au pire pour prendre part au festin.<\/p>\n<p class=\"fig-paragraph\">Dans L\u2019Empire. Enqu\u00eate au c\u0153ur du rap fran\u00e7ais, qui para\u00eet ce mercredi 29\u00a0octobre aux \u00c9ditions Flammarion, Paul Deutschmann, r\u00e9dacteur en chef d\u2019Africa Intelligence, Simon Piel, du Monde, et Joan Tilouine, directeur du p\u00f4le enqu\u00eate chez Africa Intelligence, nous plongent dans un r\u00e9cit rigoureux sur les liens dangereux entre la musique et le grand banditisme.<\/p>\n<p class=\"fig-paragraph\"><strong>LE FIGARO. &#8211;<\/strong> <strong>Quel est le point de d\u00e9part de cette enqu\u00eate, la premi\u00e8re de cette ampleur sur le rap fran\u00e7ais, entam\u00e9e il y a plus de deux ans\u00a0?<\/strong><\/p>\n<p class=\"fig-paragraph\"><strong>Paul Deutschmann. &#8211;<\/strong> Nous voulions raconter un pouvoir.\u00a0<a href=\"http:\/\/www.lefigaro.fr\/musique\/les-chiffres-sont-enormes-et-ne-redescendent-jamais-la-recette-magique-de-jul-machine-a-cash-du-rap-francais-20240119\" target=\"_blank\" data-fig-type=\"Article\" rel=\"noopener\" data-gtm-custom-categorie=\"navigation\" data-gtm-custom-action=\"crossclick\" data-gtm-custom-label=\"Contextuel\" data-gtm-event=\"customEventSPE\" data-fig-domain=\"LEFIGARO\">Le rap\u2026<\/a><\/p>\n<p class=\"fig-premium-paywall__infos\">\n        Cet article est r\u00e9serv\u00e9 aux abonn\u00e9s.        Il vous reste 89% \u00e0 d\u00e9couvrir.\n    <\/p>\n<p>                <img  data- alt=\"Le Figaro\" class=\"fig-img--complete fig-img\"\/><\/p>\n<p class=\"fig-premium-paywall__title\">Vous avez envie de lire la suite ?<\/p>\n<p class=\"fig-premium-paywall__subtitle\">D\u00e9bloquez tous les articles imm\u00e9diatement.<\/p>\n<p class=\"fig-premium-paywall__connect\">\n                D\u00e9j\u00e0 abonn\u00e9\u00a0?                <a class=\"fig-premium-paywall__connect-link\" href=\"https:\/\/connect.lefigaro.fr\/login?client=horizon_web&amp;type=main&amp;redirect_uri=https%3A%2F%2Fwww.lefigaro.fr%2Factualite-france%2Fles-sommes-ont-reveille-les-appetits-des-narcotrafiquants-l-empire-une-enquete-sur-le-rap-et-les-milieux-criminels-20251028\" data-js-gtm=\"{&quot;customCategorie&quot;: &quot;conversion&quot;, &quot;customAction&quot;: &quot;before_Landing_Connexion_paywall_auto&quot;, &quot;customLabel&quot;: &quot;bGVmaWdhcm8uZnJfXzFmMGIzZWRkLTAzODItNmVkMC04MTczLWI1MjNlZWY1ZTY1OF9fQXJ0aWNsZQ==_\u00abLes sommes ont r\u00e9veill\u00e9 les app\u00e9tits des narcotrafiquants\u00bb\u00a0: &lt;i&gt;L\u2019Empire&lt;\/i&gt;, une enqu\u00eate sur le rap et les milieux criminels_60&quot;, &quot;customIDSPE&quot;: &quot;bGVmaWdhcm8uZnJfXzFmMGIzZWRkLTAzODItNmVkMC04MTczLWI1MjNlZWY1ZTY1OF9fQXJ0aWNsZQ==&quot;, &quot;event&quot;: &quot;customEventSPE&quot;}\" target=\"_blank\" rel=\"noopener\"><br \/>\n                    Connectez-vous<br \/>\n                <\/a>\n            <\/p>\n","protected":false},"excerpt":{"rendered":"ENTRETIEN &#8211; Dans L\u2019Empire, les journalistes Paul Deutschmann, Simon Piel et Joan Tilouine diss\u00e8quent les relations entre les&hellip;\n","protected":false},"author":2,"featured_media":496490,"comment_status":"","ping_status":"","sticky":false,"template":"","format":"standard","meta":{"footnotes":""},"categories":[1355],"tags":[2951,58,59,1011,27,693,1361,873,316,3616],"class_list":{"0":"post-496489","1":"post","2":"type-post","3":"status-publish","4":"format-standard","5":"has-post-thumbnail","7":"category-musique","8":"tag-criminalite","9":"tag-divertissement","10":"tag-entertainment","11":"tag-fr","12":"tag-france","13":"tag-industrie","14":"tag-music","15":"tag-musique","16":"tag-politique","17":"tag-rap"},"share_on_mastodon":{"url":"https:\/\/pubeurope.com\/@fr\/115454489664123381","error":""},"_links":{"self":[{"href":"https:\/\/www.europesays.com\/fr\/wp-json\/wp\/v2\/posts\/496489","targetHints":{"allow":["GET"]}}],"collection":[{"href":"https:\/\/www.europesays.com\/fr\/wp-json\/wp\/v2\/posts"}],"about":[{"href":"https:\/\/www.europesays.com\/fr\/wp-json\/wp\/v2\/types\/post"}],"author":[{"embeddable":true,"href":"https:\/\/www.europesays.com\/fr\/wp-json\/wp\/v2\/users\/2"}],"replies":[{"embeddable":true,"href":"https:\/\/www.europesays.com\/fr\/wp-json\/wp\/v2\/comments?post=496489"}],"version-history":[{"count":0,"href":"https:\/\/www.europesays.com\/fr\/wp-json\/wp\/v2\/posts\/496489\/revisions"}],"wp:featuredmedia":[{"embeddable":true,"href":"https:\/\/www.europesays.com\/fr\/wp-json\/wp\/v2\/media\/496490"}],"wp:attachment":[{"href":"https:\/\/www.europesays.com\/fr\/wp-json\/wp\/v2\/media?parent=496489"}],"wp:term":[{"taxonomy":"category","embeddable":true,"href":"https:\/\/www.europesays.com\/fr\/wp-json\/wp\/v2\/categories?post=496489"},{"taxonomy":"post_tag","embeddable":true,"href":"https:\/\/www.europesays.com\/fr\/wp-json\/wp\/v2\/tags?post=496489"}],"curies":[{"name":"wp","href":"https:\/\/api.w.org\/{rel}","templated":true}]}}