{"id":496497,"date":"2025-10-28T23:57:11","date_gmt":"2025-10-28T23:57:11","guid":{"rendered":"https:\/\/www.europesays.com\/fr\/496497\/"},"modified":"2025-10-28T23:57:11","modified_gmt":"2025-10-28T23:57:11","slug":"une-premiere-a-la-star-academy-qui-est-monsieur-prof-celui-qui-va-donner-des-cours-danglais-aux-eleves","status":"publish","type":"post","link":"https:\/\/www.europesays.com\/fr\/496497\/","title":{"rendered":"Une premi\u00e8re \u00e0 la \u00ab\u00a0Star Academy\u00a0\u00bb\u00a0: qui est Monsieur Prof, celui qui va donner des cours d\u2019anglais aux \u00e9l\u00e8ves\u00a0?"},"content":{"rendered":"<p class=\"paragraph text_align_left lp-f-body-02\">C\u2019est <a href=\"https:\/\/www.leparisien.fr\/culture-loisirs\/tv\/ne-vous-fiez-pas-au-nombre-de-lits-dans-les-coulisses-de-la-star-academy-et-de-son-chateau-14-10-2025-SWBDTKBS7RGABMSLSASYGSPM2M.php\" target=\"_blank\" rel=\"noreferrer nofollow noopener\">l\u2019une des nouveaut\u00e9s de cette 13e saison<\/a> de <a href=\"https:\/\/www.leparisien.fr\/culture-loisirs\/tv\/star-academy\/\" target=\"_blank\" rel=\"noreferrer nofollow noopener\">la \u00ab Star Academy \u00bb<\/a>. En plus du chant, de la danse, du th\u00e9\u00e2tre, de l\u2019expression sc\u00e9nique et du sport, les 16 acad\u00e9miciens restants devront d\u00e9sormais suivre des cours d\u2019anglais. Objectif : perfectionner leur prononciation pour chanter avec des artistes internationaux, notamment <a href=\"https:\/\/www.leparisien.fr\/culture-loisirs\/tv\/charlotte-cardin-et-ed-sheeran-seront-les-parrains-de-la-prochaine-star-academy-05-09-2025-XVB7Z5VS7FAGPCWPBPBIBOYVEU.php\" target=\"_blank\" rel=\"noreferrer nofollow noopener\">Ed Sheeran, parrain de la promotion<\/a>, qui sera pr\u00e9sent ce samedi 1er novembre sur le plateau <a href=\"https:\/\/www.leparisien.fr\/culture-loisirs\/tv\/star-academy-mehdi-premier-elimine-de-la-saison-sarah-immunisee-pour-la-semaine-prochaine-26-10-2025-XBH4IPNBA5APHMJBYWWJERMWNM.php\" target=\"_blank\" rel=\"noreferrer nofollow noopener\">\u00e0 l\u2019occasion du prime<\/a>, tout comme l\u2019autre marraine, Charlotte Cardin.<\/p>\n<p class=\"paragraph text_align_left lp-f-body-02\">Pour la premi\u00e8re fois en 13 saisons les \u00e9l\u00e8ves auront chaque semaine, dans leur planning d\u00e9j\u00e0 tr\u00e8s charg\u00e9, <a href=\"https:\/\/www.leparisien.fr\/culture-loisirs\/tv\/star-academy-2025-profs-decor-cours-danglais-ce-qui-va-changer-dans-cette-nouvelle-saison-29-09-2025-KCHED4OGPVBH7OYCRKNXT2M32U.php\" target=\"_blank\" rel=\"noreferrer nofollow noopener\">un cours d\u2019anglais<\/a>. Une nouvelle mati\u00e8re <a href=\"https:\/\/www.leparisien.fr\/haute-garonne-31\/apres-ses-videos-a-succes-monsieur-prof-sort-un-livre-pour-apprendre-langlais-differemment-PNKL6275SFEJFLO7LM4D5HFFGY.php\" target=\"_blank\" rel=\"noreferrer nofollow noopener\">qui sera dispens\u00e9e par Monsieur Prof<\/a>, dont l\u2019identit\u00e9, rest\u00e9e secr\u00e8te jusqu\u2019ici, a \u00e9t\u00e9 r\u00e9v\u00e9l\u00e9e ce mardi 28 octobre. L\u2019homme de 31 ans, qui fr\u00f4le le million d\u2019abonn\u00e9s sur TikTok, est franco-britannique et s\u2019est fait conna\u00eetre en partageant de nombreuses vid\u00e9os de ses cours sur les r\u00e9seaux sociaux.<\/p>\n<p>Une classe \u00e0 l\u2019effectif tr\u00e8s r\u00e9duit<\/p>\n<p class=\"paragraph text_align_left lp-f-body-02\">Arriv\u00e9 en France \u00e0 l\u2019adolescence apr\u00e8s une enfance \u00e0 Londres (Royaume-Uni), il est ensuite devenu enseignant dans la r\u00e9gion toulousaine en 2022. C\u2019est l\u00e0 que ses \u00e9l\u00e8ves l\u2019ont encourag\u00e9 \u00e0 se lancer sur les r\u00e9seaux sociaux. Le succ\u00e8s a \u00e9t\u00e9 rapide pour le jeune trentenaire : il affiche aujourd\u2019hui 953 000 abonn\u00e9s sur TikTok, 916 000 sur Instagram et 396 000 sur YouTube. Il a par ailleurs sorti sa propre m\u00e9thode d\u2019apprentissage, \u00ab Let\u2019s speak English ! \u00bb, en 2024.<\/p>\n<p class=\"paragraph text_align_left lp-f-body-02\">Sans affectation depuis la rentr\u00e9e scolaire, cet enseignant contractuel va donc d\u00e9couvrir une nouvelle classe, \u00e0 l\u2019effectif qui en ferait baver plus d\u2019un dans l\u2019\u00c9ducation nationale : 16 \u00e9l\u00e8ves au sein du <a href=\"https:\/\/www.leparisien.fr\/culture-loisirs\/tv\/ne-vous-fiez-pas-au-nombre-de-lits-dans-les-coulisses-de-la-star-academy-et-de-son-chateau-14-10-2025-SWBDTKBS7RGABMSLSASYGSPM2M.php\" target=\"_blank\" rel=\"noreferrer nofollow noopener\">c\u00e9l\u00e8bre ch\u00e2teau des Vives Eaux \u00e0 Dammarie-les-Lys<\/a> (Seine-et-Marne), qu\u2019il devra accompagner dans leurs \u00e9changes avec les plus grandes stars. Il sera aussi charg\u00e9 de veiller \u00e0 leur diction sur les interpr\u00e9tations de titres dans la langue de Shakespeare. Le premier cours est pr\u00e9vu ce mercredi matin.<\/p>\n<p class=\"paragraph text_align_left lp-f-body-02\">\u00ab Il me tarde de voir les \u00e9l\u00e8ves, de les rencontrer et surtout de les faire progresser en anglais \u00bb, a-t-il expliqu\u00e9 sur Instagram, <a href=\"https:\/\/www.instagram.com\/p\/DQXMGYvjVBg\/?hl=fr\" target=\"_blank\" rel=\"noreferrer nofollow noopener\">dans une vid\u00e9o publi\u00e9e<\/a> en d\u00e9but de soir\u00e9e, ce mardi<\/p>\n<p class=\"paragraph text_align_left lp-f-body-02\">Attention pour autant \u00e0 <a href=\"https:\/\/www.leparisien.fr\/societe\/william-alias-monsieur-le-prof-sur-les-reseaux-raccroche-le-cartable-apres-douze-ans-dans-lenseignement-12-05-2023-VSTHW77SPVAJ5IR5LFRB6H6HUA.php\" target=\"_blank\" rel=\"noreferrer nofollow noopener\">ne pas le confondre avec Monsieur le Prof<\/a>, ancien enseignant qui a d\u00e9sormais d\u00e9missionn\u00e9 de l\u2019\u00c9ducation nationale, et qui partageait son quotidien sur son blog puis sur les r\u00e9seaux sociaux d\u00e8s le d\u00e9but des ann\u00e9es 2010. William Lafleur, de son vrai nom, a exerc\u00e9 pendant plusieurs ann\u00e9es, lui aussi dans l\u2019acad\u00e9mie de Toulouse, avant de quitter l\u2019enseignement en 2023 apr\u00e8s douze ans de service. Il a notamment publi\u00e9 le livre \u00ab L\u2019ex plus beau m\u00e9tier du monde \u00bb \u00e0 la suite de sa d\u00e9mission et est devenu auteur de plusieurs ouvrages.<\/p>\n<p><script async src=\"\/\/www.instagram.com\/embed.js\"><\/script><\/p>\n","protected":false},"excerpt":{"rendered":"C\u2019est l\u2019une des nouveaut\u00e9s de cette 13e saison de la \u00ab Star Academy \u00bb. En plus du chant,&hellip;\n","protected":false},"author":2,"featured_media":496498,"comment_status":"","ping_status":"","sticky":false,"template":"","format":"standard","meta":{"footnotes":""},"categories":[8],"tags":[872,58,59,1011,27,2205],"class_list":{"0":"post-496497","1":"post","2":"type-post","3":"status-publish","4":"format-standard","5":"has-post-thumbnail","7":"category-divertissement","8":"tag-culture-et-loisirs","9":"tag-divertissement","10":"tag-entertainment","11":"tag-fr","12":"tag-france","13":"tag-television-medias"},"share_on_mastodon":{"url":"https:\/\/pubeurope.com\/@fr\/115454505742634764","error":""},"_links":{"self":[{"href":"https:\/\/www.europesays.com\/fr\/wp-json\/wp\/v2\/posts\/496497","targetHints":{"allow":["GET"]}}],"collection":[{"href":"https:\/\/www.europesays.com\/fr\/wp-json\/wp\/v2\/posts"}],"about":[{"href":"https:\/\/www.europesays.com\/fr\/wp-json\/wp\/v2\/types\/post"}],"author":[{"embeddable":true,"href":"https:\/\/www.europesays.com\/fr\/wp-json\/wp\/v2\/users\/2"}],"replies":[{"embeddable":true,"href":"https:\/\/www.europesays.com\/fr\/wp-json\/wp\/v2\/comments?post=496497"}],"version-history":[{"count":0,"href":"https:\/\/www.europesays.com\/fr\/wp-json\/wp\/v2\/posts\/496497\/revisions"}],"wp:featuredmedia":[{"embeddable":true,"href":"https:\/\/www.europesays.com\/fr\/wp-json\/wp\/v2\/media\/496498"}],"wp:attachment":[{"href":"https:\/\/www.europesays.com\/fr\/wp-json\/wp\/v2\/media?parent=496497"}],"wp:term":[{"taxonomy":"category","embeddable":true,"href":"https:\/\/www.europesays.com\/fr\/wp-json\/wp\/v2\/categories?post=496497"},{"taxonomy":"post_tag","embeddable":true,"href":"https:\/\/www.europesays.com\/fr\/wp-json\/wp\/v2\/tags?post=496497"}],"curies":[{"name":"wp","href":"https:\/\/api.w.org\/{rel}","templated":true}]}}