{"id":496511,"date":"2025-10-29T00:05:18","date_gmt":"2025-10-29T00:05:18","guid":{"rendered":"https:\/\/www.europesays.com\/fr\/496511\/"},"modified":"2025-10-29T00:05:18","modified_gmt":"2025-10-29T00:05:18","slug":"28eme-fete-de-la-truffe-a-pulnoy","status":"publish","type":"post","link":"https:\/\/www.europesays.com\/fr\/496511\/","title":{"rendered":"28\u00e8me\u00a0F\u00eate de la truffe \u00e0 Pulnoy"},"content":{"rendered":"<p>Contenu con\u00e7u et propos\u00e9 par EBRA Inspirations en partenariat avec EBRA Inspirations est une marque qui valorise les contenus r\u00e9dactionnels promotionnels.<br \/>La r\u00e9daction n&rsquo;a pas particip\u00e9 \u00e0 la r\u00e9alisation de cet article.<\/p>\n<p>                                                    <strong>F\u00eate de la Truffe &#8211; Pulnoy<\/strong><\/p>\n<p>    &#13;<br \/>\n    &#13;<br \/>\n    &#13;<br \/>\n    <a href=\"https:\/\/cdn-s-www.estrepublicain.fr\/images\/834b3be0-dffa-42d0-91db-2a9d835b14ce\/NW_raw\/adobestock-1760966346.jpg\" title=\"\u00a9AdobeStock\" class=\"chocolat-image GA-tracking\" data-ga_type=\"click\" data-ga_category=\"D\u00e9tail\" data-ga_action=\"zoomer\" data-ga_label=\"aggrandir image\" target=\"_blank\" rel=\"noopener\">&#13;<br \/>\n        <img src=\"https:\/\/www.europesays.com\/fr\/wp-content\/uploads\/2025\/10\/adobestock-1760966346.jpg\"   alt=\"\u00a9AdobeStock\" fetchpriority=\"high\" decoding=\"async\" data-mobile=\"NW_listA_M|1760966346\" data-base=\"NW_listA|1760966346\"\/>&#13;<br \/>\n    <\/a>&#13;<\/p>\n<p>\u00a9AdobeStock<\/p>\n<p>La F\u00eate de la truffe, c\u2019est un march\u00e9 aux truffes fra\u00eeches, lors duquel trufficulteurs et consommateurs font commerce sans interm\u00e9diaire. Chaque truffe vendue est contr\u00f4l\u00e9e et canif\u00e9e dans les r\u00e8gles de l\u2019art par des commissaires agr\u00e9\u00e9s, 2 h avant l\u2019ouverture.<\/p>\n<p>Labellis\u00e9 ATGE-FFT (Association des Trufficulteurs du Grand Est \u2013 F\u00e9d\u00e9ration Fran\u00e7aise des Trufficulteurs), ce march\u00e9 aux truffes d\u2019automne est le plus important de l\u2019est de la France. Les consommateurs trouvent \u00e9galement aupr\u00e8s des trufficulteurs pr\u00e9sents les conseils pratiques et m\u00eame quelques recettes de cuisine.<\/p>\n<p>    &#13;<br \/>\n    &#13;<br \/>\n    &#13;<br \/>\n    <a href=\"https:\/\/cdn-s-www.estrepublicain.fr\/images\/827f096a-d055-4255-ae0e-eb5b4c7e79e2\/NW_raw\/canifage-truffe-54-lorraine-1760966346.jpg\" title=\"Canifage \u00a9Truffe 54 Lorraine\" class=\"chocolat-image GA-tracking\" data-ga_type=\"click\" data-ga_category=\"D\u00e9tail\" data-ga_action=\"zoomer\" data-ga_label=\"aggrandir image\" target=\"_blank\" rel=\"noopener\">&#13;<br \/>\n        <img src=\"https:\/\/www.europesays.com\/fr\/wp-content\/uploads\/2025\/10\/canifage-truffe-54-lorraine-1760966346.jpg\"   alt=\"Canifage \u00a9Truffe 54 Lorraine\" fetchpriority=\"high\" decoding=\"async\" data-mobile=\"NW_listA_M|1760966346\" data-base=\"NW_listA|1760966346\"\/>&#13;<br \/>\n    <\/a>&#13;<\/p>\n<p>Canifage \u00a9Truffe 54 Lorraine<\/p>\n<p>La F\u00eate de la truffe, ce sont \u00e9galement deux journ\u00e9es d\u00e9di\u00e9es \u00e0 la gastronomie, r\u00e9unissant, dans un \u00ab\u00a0March\u00e9 du terroir\u00a0\u00bb, de nombreux artisans-producteurs. Charcuterie, miel, pains, chocolat, confitures, vins\u2026 des produits gastronomiques du terroir qui se m\u00ealent aux d\u00e9lices truff\u00e9s.<\/p>\n<p>\u00a0<\/p>\n<p>Dans un Espace d\u00e9couverte et dans le Forum \u00ab\u00a0Venez poser vos questions\u00a0\u00bb, les visiteurs peuvent p\u00e9n\u00e9trer les secrets du d\u00e9veloppement de la truffe et trouver des informations ou des r\u00e9ponses pouvant satisfaire leur curiosit\u00e9.<\/p>\n<p>Quant aux enfants, ils peuvent faire preuve d\u2018imagination dans un Concours de dessins propos\u00e9 le samedi et le dimanche.<\/p>\n<p>    &#13;<br \/>\n    &#13;<br \/>\n    &#13;<br \/>\n    <a href=\"https:\/\/cdn-s-www.estrepublicain.fr\/images\/d95b46b1-2c9f-4742-a042-f90d08fdf03b\/NW_raw\/pesee-truffe-54-lorraine-1760966346.jpg\" title=\"Pes\u00e9e \u00a9Truffe 54 Lorraine\" class=\"chocolat-image GA-tracking\" data-ga_type=\"click\" data-ga_category=\"D\u00e9tail\" data-ga_action=\"zoomer\" data-ga_label=\"aggrandir image\" target=\"_blank\" rel=\"noopener\">&#13;<br \/>\n        <img src=\"https:\/\/www.europesays.com\/fr\/wp-content\/uploads\/2025\/10\/pesee-truffe-54-lorraine-1760966346.jpg\"   alt=\"Pes\u00e9e \u00a9Truffe 54 Lorraine\" fetchpriority=\"high\" decoding=\"async\" data-mobile=\"NW_listA_M|1760966346\" data-base=\"NW_listA|1760966346\"\/>&#13;<br \/>\n    <\/a>&#13;<\/p>\n<p>Pes\u00e9e \u00a9Truffe 54 Lorraine<\/p>\n<p>Les plus chanceux des visiteurs repartiront avec un plant d\u2019arbre truffier, de la truffe fra\u00eeche, ou l\u2019un des autres lots mis en jeu lors de la \u00ab\u00a0tombola-truffe\u00a0\u00bb\u00a0!<\/p>\n<p>\u00a0<\/p>\n<p>Un service de restauration sera assur\u00e9 chaque midi\u00a0; il proposera \u00e0 la d\u00e9gustation un plateau gourmand truff\u00e9 in\u00e9dit, au contenu renouvel\u00e9 entre le samedi et le dimanche.<\/p>\n<p>Notez enfin que, le vendredi 7 novembre, lors de la \u00ab\u00a09\u00e8me Nuit de la truffe\u00a0\u00bb d\u00e9sormais rituelle, le chef formateur de l\u2019Association s\u2019emparera des cuisines du restaurant du Golf de Pulnoy pour faire voyager \u00e0 travers les r\u00e9gions dans un menu enti\u00e8rement truff\u00e9. Un repas gastronomique destin\u00e9e aux fins palais\u00a0!<\/p>\n<p>\u00a0<\/p>\n<p>Infos et r\u00e9servations en cliquant <strong><a href=\"https:\/\/my.weezevent.com\/vendredi-7-novembre-2025-9eme-nuit-de-la-truffe?fbclid=IwY2xjawNdmhRleHRuA2FlbQIxMAABHgM8Mtp_vYICwZ7_TJXFXh4SJn8SBM6pVqbPPhjqDkk6Qcp8de8kCWaBbe8H_aem_tmmkKFtJim0uzX1s1mmedg\" target=\"_blank\" rel=\"noopener\">ICI<\/a><\/strong><\/p>\n<p class=\"insetTitle\">Pour en savoir plus<\/p>\n<p>Samedi 8 de 10h \u00e0 18h et dimanche 9 novembre de 9h \u00e0 18h<\/p>\n<p>au centre socioculturel de Pulnoy, <strong>2 rue du Golf (54).<\/strong><\/p>\n<p>Entr\u00e9e libre et gratuite<\/p>\n<p>Infos sur\u00a0<strong><a href=\"https:\/\/www.pulnoy.fr\/\" target=\"_blank\" rel=\"noopener\">pulnoy.fr<\/a><\/strong><\/p>\n<p>&#13;<br \/>\n    &#13;\n                                         <\/p>\n<p>&#13;<br \/>\n                                            Contenu con\u00e7u et propos\u00e9 par EBRA inspirations&#13;<br \/>\n                        avec F\u00eate de la Truffe &#8211; Pulnoy&#13;\n                                    <\/p>\n","protected":false},"excerpt":{"rendered":"Contenu con\u00e7u et propos\u00e9 par EBRA Inspirations en partenariat avec EBRA Inspirations est une marque qui valorise les&hellip;\n","protected":false},"author":2,"featured_media":496512,"comment_status":"","ping_status":"","sticky":false,"template":"","format":"standard","meta":{"footnotes":""},"categories":[9635],"tags":[1111,11,7884,1777,674,1011,27,775,1702,12,25],"class_list":{"0":"post-496511","1":"post","2":"type-post","3":"status-publish","4":"format-standard","5":"has-post-thumbnail","7":"category-nancy","8":"tag-actu","9":"tag-actualites","10":"tag-articles-partenaires","11":"tag-eu","12":"tag-europe","13":"tag-fr","14":"tag-france","15":"tag-grand-est","16":"tag-nancy","17":"tag-news","18":"tag-republique-francaise"},"share_on_mastodon":{"url":"https:\/\/pubeurope.com\/@fr\/115454538055161660","error":""},"_links":{"self":[{"href":"https:\/\/www.europesays.com\/fr\/wp-json\/wp\/v2\/posts\/496511","targetHints":{"allow":["GET"]}}],"collection":[{"href":"https:\/\/www.europesays.com\/fr\/wp-json\/wp\/v2\/posts"}],"about":[{"href":"https:\/\/www.europesays.com\/fr\/wp-json\/wp\/v2\/types\/post"}],"author":[{"embeddable":true,"href":"https:\/\/www.europesays.com\/fr\/wp-json\/wp\/v2\/users\/2"}],"replies":[{"embeddable":true,"href":"https:\/\/www.europesays.com\/fr\/wp-json\/wp\/v2\/comments?post=496511"}],"version-history":[{"count":0,"href":"https:\/\/www.europesays.com\/fr\/wp-json\/wp\/v2\/posts\/496511\/revisions"}],"wp:featuredmedia":[{"embeddable":true,"href":"https:\/\/www.europesays.com\/fr\/wp-json\/wp\/v2\/media\/496512"}],"wp:attachment":[{"href":"https:\/\/www.europesays.com\/fr\/wp-json\/wp\/v2\/media?parent=496511"}],"wp:term":[{"taxonomy":"category","embeddable":true,"href":"https:\/\/www.europesays.com\/fr\/wp-json\/wp\/v2\/categories?post=496511"},{"taxonomy":"post_tag","embeddable":true,"href":"https:\/\/www.europesays.com\/fr\/wp-json\/wp\/v2\/tags?post=496511"}],"curies":[{"name":"wp","href":"https:\/\/api.w.org\/{rel}","templated":true}]}}