{"id":496519,"date":"2025-10-29T00:10:32","date_gmt":"2025-10-29T00:10:32","guid":{"rendered":"https:\/\/www.europesays.com\/fr\/496519\/"},"modified":"2025-10-29T00:10:32","modified_gmt":"2025-10-29T00:10:32","slug":"debuts-faciles-pour-felix-lebrun-a-montpellier","status":"publish","type":"post","link":"https:\/\/www.europesays.com\/fr\/496519\/","title":{"rendered":"d\u00e9buts faciles pour F\u00e9lix Lebrun \u00e0 Montpellier"},"content":{"rendered":"<p>\n    F\u00e9lix Lebrun s\u2019est facilement impos\u00e9 ce mardi pour acc\u00e9der aux huiti\u00e8mes de finale du WTT Champions de Montpellier.<\/p>\n<p class=\"fig-paragraph\">Tenant du titre du WTT Champions de Montpellier,\u00a0<a href=\"http:\/\/www.lefigaro.fr\/sports\/autres-sports\/tennis-de-table-felix-lebrun-le-declic-et-un-titre-de-champion-d-europe-par-equipes-20251011\" target=\"_blank\" data-fig-type=\"NewsFlash\" rel=\"noopener\" data-gtm-custom-categorie=\"navigation\" data-gtm-custom-action=\"crossclick\" data-gtm-custom-label=\"Contextuel\" data-gtm-event=\"customEventSPE\" data-fig-domain=\"LEFIGARO\">F\u00e9lix Lebrun<\/a>\u00a0(7e mondial) s&rsquo;est qualifi\u00e9 sans encombres pour les 8es de finale en s&rsquo;imposant mardi trois manches \u00e0 z\u00e9ro face au Danois Jonathan Groth (27e) 11-7, 11-8, 11-7.<\/p>\n<p class=\"fig-paragraph\">Jamais inqui\u00e9t\u00e9 malgr\u00e9 un peu de d\u00e9chet, le Fran\u00e7ais de 19 ans, m\u00e9daill\u00e9 aux JO de Paris l&rsquo;an dernier, a \u00e9limin\u00e9 en 21 minutes l&rsquo;exp\u00e9riment\u00e9 gaucher de 32 ans pour son entr\u00e9e en lice dans ce WTT Champions, le deuxi\u00e8me niveau du circuit mondial.\u00a0<a href=\"http:\/\/www.lefigaro.fr\/sports\/autres-sports\/tennis-de-table-l-equipe-de-france-des-lebrun-sacree-d-europe-par-equipes-20251019\" target=\"_blank\" data-fig-type=\"NewsFlash\" rel=\"noopener\" data-gtm-custom-categorie=\"navigation\" data-gtm-custom-action=\"crossclick\" data-gtm-custom-label=\"Contextuel\" data-gtm-event=\"customEventSPE\" data-fig-domain=\"LEFIGARO\">Sacr\u00e9 champion d&rsquo;Europe par \u00e9quipes<\/a>\u00a0il y a quelques semaines, le cadet des fr\u00e8res Lebrun a atteint d\u00e9but octobre la finale du Grand Smash de P\u00e9kin, l&rsquo;\u00e9quivalent d&rsquo;un tournoi du Grand chelem en tennis, une premi\u00e8re pour un joueur fran\u00e7ais.<\/p>\n<p>                                    <a class=\"fig-a11y-skip a11y-hidden\" href=\"#fig-a11y-skip-main-inarticle\"><br \/>\n        Passer la publicit\u00e9<br \/>\n    <\/a><\/p>\n<p class=\"fig-paragraph\">Il jouera son 8e de finale contre le vainqueur de la rencontre franco-fran\u00e7aise entre Simon Gauzy et Lilian Bardet, qui s&rsquo;affrontent mercredi. Plus t\u00f4t dans la soir\u00e9e, le jeune espoir fran\u00e7ais de 17 ans Flavien Coton, 47e mondial et b\u00e9n\u00e9ficiaire d&rsquo;une invitation, a fr\u00f4l\u00e9 l&rsquo;exploit contre le Ta\u00efwanais Lin Yun-ju (11e), finalement vainqueur en 11-4, 8-11, 9-11, 11-9, 11-4. Balay\u00e9 dans le premier set, Coton a cru avoir renvers\u00e9 la rencontre: en t\u00eate deux manches \u00e0 une, il a \u00e9t\u00e9 \u00e0 deux balles du match, avant de craquer face au service redoutable de Lin Yun-ju.<\/p>\n","protected":false},"excerpt":{"rendered":"F\u00e9lix Lebrun s\u2019est facilement impos\u00e9 ce mardi pour acc\u00e9der aux huiti\u00e8mes de finale du WTT Champions de Montpellier.&hellip;\n","protected":false},"author":2,"featured_media":496520,"comment_status":"","ping_status":"","sticky":false,"template":"","format":"standard","meta":{"footnotes":""},"categories":[9599],"tags":[1111,11,1777,674,55926,1011,27,2208,12,2680,25,16149],"class_list":{"0":"post-496519","1":"post","2":"type-post","3":"status-publish","4":"format-standard","5":"has-post-thumbnail","7":"category-montpellier","8":"tag-actu","9":"tag-actualites","10":"tag-eu","11":"tag-europe","12":"tag-felix-lebrun","13":"tag-fr","14":"tag-france","15":"tag-montpellier","16":"tag-news","17":"tag-occitanie","18":"tag-republique-francaise","19":"tag-tennis-de-table"},"share_on_mastodon":{"url":"https:\/\/pubeurope.com\/@fr\/115454556415114010","error":""},"_links":{"self":[{"href":"https:\/\/www.europesays.com\/fr\/wp-json\/wp\/v2\/posts\/496519","targetHints":{"allow":["GET"]}}],"collection":[{"href":"https:\/\/www.europesays.com\/fr\/wp-json\/wp\/v2\/posts"}],"about":[{"href":"https:\/\/www.europesays.com\/fr\/wp-json\/wp\/v2\/types\/post"}],"author":[{"embeddable":true,"href":"https:\/\/www.europesays.com\/fr\/wp-json\/wp\/v2\/users\/2"}],"replies":[{"embeddable":true,"href":"https:\/\/www.europesays.com\/fr\/wp-json\/wp\/v2\/comments?post=496519"}],"version-history":[{"count":0,"href":"https:\/\/www.europesays.com\/fr\/wp-json\/wp\/v2\/posts\/496519\/revisions"}],"wp:featuredmedia":[{"embeddable":true,"href":"https:\/\/www.europesays.com\/fr\/wp-json\/wp\/v2\/media\/496520"}],"wp:attachment":[{"href":"https:\/\/www.europesays.com\/fr\/wp-json\/wp\/v2\/media?parent=496519"}],"wp:term":[{"taxonomy":"category","embeddable":true,"href":"https:\/\/www.europesays.com\/fr\/wp-json\/wp\/v2\/categories?post=496519"},{"taxonomy":"post_tag","embeddable":true,"href":"https:\/\/www.europesays.com\/fr\/wp-json\/wp\/v2\/tags?post=496519"}],"curies":[{"name":"wp","href":"https:\/\/api.w.org\/{rel}","templated":true}]}}