{"id":496523,"date":"2025-10-29T00:15:28","date_gmt":"2025-10-29T00:15:28","guid":{"rendered":"https:\/\/www.europesays.com\/fr\/496523\/"},"modified":"2025-10-29T00:15:28","modified_gmt":"2025-10-29T00:15:28","slug":"grenoble-guingamp-les-compositions-probables-de-la-12e-journee-de-ligue-2-sport-2","status":"publish","type":"post","link":"https:\/\/www.europesays.com\/fr\/496523\/","title":{"rendered":"Grenoble &#8211; Guingamp. Les compositions probables de la 12e journ\u00e9e de Ligue 2 . Sport"},"content":{"rendered":"<p>Y aura-t-il du changement dans le onze de d\u00e9part d\u2019En Avant Guingamp\u00a0? Quatre jours apr\u00e8s le revers subi \u00e0 domicile <a href=\"https:\/\/guingamp.maville.com\/sport\/detail_-ligue-2.-guingamp-clermont.-on-est-tombe-dans-le-piege-une-opportunite-de-gachee-pour-l-eag-_5-7035902_actu.Htm\" target=\"_self\" rel=\"nofollow noopener\">contre Clermont (0-1)<\/a>, les Bretons traversent la France direction Grenoble ce mardi 28\u00a0octobre pour le compte de la 12e journ\u00e9e de Ligue 2.<\/p>\n<p>Avec trois rencontres en une semaine, Sylvain Ripoll, le coach Rouge et Noir, pourrait \u00eatre tent\u00e9 de faire du changement. D\u2019abord parce que sa formation a sembl\u00e9 en manque d\u2019id\u00e9es vendredi au Roudourou, ensuite parce que certains de ses joueurs, qui ont beaucoup jou\u00e9 depuis le d\u00e9but de la saison, ont peut-\u00eatre besoin de souffler.<\/p>\n<p>Dylan Ourega retrouve un poste plus haut<\/p>\n<p>Teddy Bartouche-Selbonne devrait poursuivre dans la cage en attendant le retour d\u2019Adrian Ortola (coude), dans plusieurs semaines. Akim Abdallah retrouverait son c\u00f4t\u00e9 gauche dans une d\u00e9fense \u00e0 quatre avec Alpha Sissoko, Donatien Gomis et Erwin Koffi.<\/p>\n<p><strong>Lire aussi\u00a0:<\/strong>\u00a0<a href=\"https:\/\/guingamp.maville.com\/sport\/detail_-ligue-2.-guingamp-clermont-ces-deuxiemes-periodes-qui-coutent-cher-a-en-avant-_5-7036904_actu.Htm\" target=\"_self\" rel=\"nofollow noopener\">Ligue 2. Guingamp &#8211; Clermont\u00a0: ces deuxi\u00e8mes p\u00e9riodes qui co\u00fbtent cher \u00e0 En Avant<\/a><\/p>\n<p>Dylan Ourega remonterait d\u2019un cran pour rel\u00e9guer J\u00e9r\u00e9my Hatchi sur le banc. Darly N\u2019Landu serait align\u00e9 aux c\u00f4t\u00e9s de Mathieu Louiserre pour faire souffler Kalidou Sidib\u00e9. Amadou Sagna encha\u00eenerait \u00e0 droite alors que Gautier Ott est forfait. Enfin, Louis Mafouta et Amine Hemia \u00e9volueraient sur le front de l\u2019attaque.<\/p>\n<p>Les compositions probables de la rencontre<\/p>\n<p><strong>GRENOBLE\u00a0:<\/strong> Diop &#8211; Paquiez, Vidal, Mambo &#8211; Delos, Valls, Benet, Mion- Bangr\u00e9 &#8211; Diaby, Elph\u00e8ge.<\/p>\n<p>Rempla\u00e7ants\u00a0: Allain (g), Mouyokolo, Zahui, Xantippe, H. Mbock, L\u00e9l\u00e9 Diba, Mouazan, Maurin, K\u00e9rou\u00e9dan.\u00a0Absents\u00a0: Djitt\u00e9 (reprise), Pattier (g), Sarikaya, Tchaptchet (choix de l\u2019entra\u00eeneur).<\/p>\n<p>Entra\u00eeneur\u00a0: Franck Rizzetto.<\/p>\n<p><strong>GUINGAMP\u00a0: <\/strong>Bartouche-Selbonne &#8211; Koffi, Gomis, Sissoko, Abdallah &#8211; Sagna, Louiserre (cap), N\u2019Landu, Ourega &#8211; Hemia, Mafouta.<br \/>Rempla\u00e7ants\u00a0: Marec (g), D\u00e9mouchy, Gassama, Kielt, Hatchi, Ahile, Sidib\u00e9. Absents\u00a0: Ortola (coude), Na\u00efr (cheville), Mbemba (p\u00e9ron\u00e9), Ott (cuisse).<br \/>Entra\u00eeneur\u00a0: Sylvain Ripoll.<\/p>\n<p>\u00a0<\/p>\n","protected":false},"excerpt":{"rendered":"Y aura-t-il du changement dans le onze de d\u00e9part d\u2019En Avant Guingamp\u00a0? Quatre jours apr\u00e8s le revers subi&hellip;\n","protected":false},"author":2,"featured_media":495239,"comment_status":"","ping_status":"","sticky":false,"template":"","format":"standard","meta":{"footnotes":""},"categories":[9566],"tags":[1111,11,2430,3809,1465,1777,674,63,1011,27,10623,2731,1792,1922,12,25,479,3213,517,10624,1470],"class_list":{"0":"post-496523","1":"post","2":"type-post","3":"status-publish","4":"format-standard","5":"has-post-thumbnail","7":"category-grenoble","8":"tag-actu","9":"tag-actualites","10":"tag-auvergne-rhone-alpes","11":"tag-ball","12":"tag-basket","13":"tag-eu","14":"tag-europe","15":"tag-football","16":"tag-fr","17":"tag-france","18":"tag-golfe","19":"tag-grenoble","20":"tag-handball","21":"tag-info","22":"tag-news","23":"tag-republique-francaise","24":"tag-rugby","25":"tag-saint","26":"tag-sport","27":"tag-tropez","28":"tag-volley"},"share_on_mastodon":{"url":"https:\/\/pubeurope.com\/@fr\/115454576162386258","error":""},"_links":{"self":[{"href":"https:\/\/www.europesays.com\/fr\/wp-json\/wp\/v2\/posts\/496523","targetHints":{"allow":["GET"]}}],"collection":[{"href":"https:\/\/www.europesays.com\/fr\/wp-json\/wp\/v2\/posts"}],"about":[{"href":"https:\/\/www.europesays.com\/fr\/wp-json\/wp\/v2\/types\/post"}],"author":[{"embeddable":true,"href":"https:\/\/www.europesays.com\/fr\/wp-json\/wp\/v2\/users\/2"}],"replies":[{"embeddable":true,"href":"https:\/\/www.europesays.com\/fr\/wp-json\/wp\/v2\/comments?post=496523"}],"version-history":[{"count":0,"href":"https:\/\/www.europesays.com\/fr\/wp-json\/wp\/v2\/posts\/496523\/revisions"}],"wp:featuredmedia":[{"embeddable":true,"href":"https:\/\/www.europesays.com\/fr\/wp-json\/wp\/v2\/media\/495239"}],"wp:attachment":[{"href":"https:\/\/www.europesays.com\/fr\/wp-json\/wp\/v2\/media?parent=496523"}],"wp:term":[{"taxonomy":"category","embeddable":true,"href":"https:\/\/www.europesays.com\/fr\/wp-json\/wp\/v2\/categories?post=496523"},{"taxonomy":"post_tag","embeddable":true,"href":"https:\/\/www.europesays.com\/fr\/wp-json\/wp\/v2\/tags?post=496523"}],"curies":[{"name":"wp","href":"https:\/\/api.w.org\/{rel}","templated":true}]}}