{"id":496525,"date":"2025-10-29T00:17:16","date_gmt":"2025-10-29T00:17:16","guid":{"rendered":"https:\/\/www.europesays.com\/fr\/496525\/"},"modified":"2025-10-29T00:17:16","modified_gmt":"2025-10-29T00:17:16","slug":"ce-clocher-insolite-pres-de-rennes-a-t-il-servi-pour-le-tournage-dun-film-durant","status":"publish","type":"post","link":"https:\/\/www.europesays.com\/fr\/496525\/","title":{"rendered":"Ce clocher insolite pr\u00e8s de Rennes a-t-il servi pour le tournage d\u2019un film durant"},"content":{"rendered":"<p><strong>\u00ab\u00a0Le clocher caract\u00e9ristique de l\u2019architecture russe suscita d\u2019embl\u00e9e l\u2019hostilit\u00e9 des instances parisiennes,<\/strong> souligne Jean-Paul Kauffmann. <strong>Le ministre des cultes le consid\u00e9rait comme inadmissible. Regnault<\/strong> (l\u2019architecte)<strong> passa outre et r\u00e9ussi \u00e0 imposer un projet qui vit le jour en 1890.\u00a0\u00bb<\/strong><\/p>\n<p> <strong>\u00ab\u00a0Rien n\u2019explique ce clocher \u00e9trange en forme de bulbe qui le fait ressembler \u00e0 une coupole orthodoxe<\/strong>, s\u2019interroge l\u2019auteur de <a href=\"https:\/\/rennes.maville.com\/actu\/actudet_-jean-paul-kauffmann-en-captivite-je-n-ai-fait-que-des-reves-heureux-_7-6713042_actu.Htm\" rel=\"nofollow noopener\" target=\"_blank\"> L\u2019accident, ouvrage autobiographique paru en f\u00e9vrier\u00a02025<\/a>. <strong>Cette \u00e9tranget\u00e9 lui a valu, en 1942, d\u2019\u00eatre utilis\u00e9 pour le tournage d\u2019un film de propagande suppos\u00e9 d\u00e9crire une avanc\u00e9e des troupes de la Wehrmacht en Union sovi\u00e9tique.\u00a0\u00bb<\/strong> Il cite quelques t\u00e9moignages avant de s\u2019exclamer\u00a0: <strong>\u00ab\u00a0Que de l\u00e9gendes autour de cette affaire\u00a0!\u00a0\u00bb<\/strong> <\/p>\n<p><strong>Lire aussi\u00a0<\/strong>: <a href=\"https:\/\/rennes.maville.com\/actu\/actudet_-enquete.-sur-les-traces-du-mysterieux-film-de-propagande-nazie-de-corps-nuds-en-bretagne_7-4340011_actu.Htm\" rel=\"nofollow noopener\" target=\"_blank\">ENQU\u00caTE. Sur les traces du myst\u00e9rieux film de propagande nazie de Corps-Nuds, en Bretagne<\/a><\/p>\n<p> <strong>Intrigue d\u2019une bande dessin\u00e9e en 2020<\/strong> <\/p>\n<p> <strong>\u00ab\u00a0Mon enfance a \u00e9t\u00e9 baign\u00e9e jusqu\u2019\u00e0 l\u2019obsession par l\u2019histoire d\u2019un film allemand tourn\u00e9 pendant l\u2019Occupation, film devenu presque mythique dans l\u2019imaginaire des Cornusiens de ma g\u00e9n\u00e9ration<\/strong>, \u00e9crit-il.  <strong>Un mythe n\u2019est pas une histoire invent\u00e9e. Son but est de sauver de l\u2019oubli ce qui a failli \u00eatre perdu.\u00a0\u00bb<\/strong><\/p>\n<p>L\u2019auteur de L\u2019Accident est convaincu que c\u2019est <strong>\u00ab\u00a0une histoire vraie, transmise par le bouche-\u00e0-oreille, reprise, embellie, puis exag\u00e9r\u00e9e, qui avait pris imm\u00e9diatement un tour l\u00e9gendaire, jusqu\u2019\u00e0 servir d\u2019intrigue \u00e0 une bande dessin\u00e9e\u00a0\u00bb<\/strong>. En 2020, il pr\u00e9face Un Amour de guerre, la bande dessin\u00e9e d\u2019Olivier Keraval et Leyho, fiction tir\u00e9e du tournage historique.<\/p>\n<p>Quid du\u00a0film tourn\u00e9 pendant l\u2019Occupation\u00a0?<\/p>\n<p>Il s\u2019interroge sur le choix du lieu du tournage et sur le t\u00e9moignage de l\u2019\u00e9lectricien, r\u00e9quisitionn\u00e9 les deux jours. Ce dernier mentionne la pr\u00e9sence du com\u00e9dien, Raimu, comme metteur en sc\u00e8ne, ce que confirment d\u2019autres t\u00e9moins qui l\u2019ont vu descendre \u00e0 l\u2019h\u00f4tel Saint-Pierre. Jean-Paul Kauffmann questionne un historien et un sp\u00e9cialiste du cin\u00e9ma de propagande. La nature de l\u2019\u00e9v\u00e9nement et la pr\u00e9sence de Raimu les laissent perplexes.<\/p>\n<p><strong>\u00ab\u00a0Personne n\u2019a vu le film, tourn\u00e9 \u00e0 Beauch\u00eane. On peut penser qu\u2019il dort sur quelque \u00e9tag\u00e8re \u00e0 moins qu\u2019il n\u2019ait \u00e9t\u00e9 d\u00e9truit lors de bombardements\u00a0\u00bb, <\/strong>suppose l\u2019\u00e9crivain. Restent la facture de l\u2019\u00e9lectricien et les t\u00e9moignages, dont celui de Pierre Ridard, le fils du fermier \u00e0 Beauch\u00eane.<\/p>\n<p>Pourtant, il y a bien une copie, confi\u00e9e \u00e0 Berlin, \u00e0 Juliette Soulabaille, maire honoraire. Mais, aucun clocher \u00e0 bulbe n\u2019y figure.<strong> \u00ab\u00a0Le film allemand qui aurait pu int\u00e9grer cette s\u00e9quence s\u2019intitule Guerre \u00e0 l\u2019Est. Mais il n\u2019y a aucune trace de Raimu\u00a0\u00bb<\/strong>, l\u00e2che le sp\u00e9cialiste du cin\u00e9ma de propagande. Peut-\u00eatre y voit-on un clocher \u00e0 bulbe\u00a0?<\/p>\n<p>L\u2019accident, \u00c9ditions des \u00c9quateurs, 336\u00a0p., 22\u00a0\u20ac.<\/p>\n<p>\u00a0<\/p>\n","protected":false},"excerpt":{"rendered":"\u00ab\u00a0Le clocher caract\u00e9ristique de l\u2019architecture russe suscita d\u2019embl\u00e9e l\u2019hostilit\u00e9 des instances parisiennes, souligne Jean-Paul Kauffmann. Le ministre des&hellip;\n","protected":false},"author":2,"featured_media":496526,"comment_status":"","ping_status":"","sticky":false,"template":"","format":"standard","meta":{"footnotes":""},"categories":[2821],"tags":[16736,1111,11,829,61883,1777,674,2081,1011,27,1757,12,1234,3762,584,25,3728,17698,6265],"class_list":{"0":"post-496525","1":"post","2":"type-post","3":"status-publish","4":"format-standard","5":"has-post-thumbnail","7":"category-rennes","8":"tag-a-t-il","9":"tag-actu","10":"tag-actualites","11":"tag-bretagne","12":"tag-clocher","13":"tag-eu","14":"tag-europe","15":"tag-film","16":"tag-fr","17":"tag-france","18":"tag-insolite","19":"tag-news","20":"tag-occupation","21":"tag-pres","22":"tag-rennes","23":"tag-republique-francaise","24":"tag-saint-malo","25":"tag-servi","26":"tag-tournage"},"share_on_mastodon":{"url":"https:\/\/pubeurope.com\/@fr\/115454584153593153","error":""},"_links":{"self":[{"href":"https:\/\/www.europesays.com\/fr\/wp-json\/wp\/v2\/posts\/496525","targetHints":{"allow":["GET"]}}],"collection":[{"href":"https:\/\/www.europesays.com\/fr\/wp-json\/wp\/v2\/posts"}],"about":[{"href":"https:\/\/www.europesays.com\/fr\/wp-json\/wp\/v2\/types\/post"}],"author":[{"embeddable":true,"href":"https:\/\/www.europesays.com\/fr\/wp-json\/wp\/v2\/users\/2"}],"replies":[{"embeddable":true,"href":"https:\/\/www.europesays.com\/fr\/wp-json\/wp\/v2\/comments?post=496525"}],"version-history":[{"count":0,"href":"https:\/\/www.europesays.com\/fr\/wp-json\/wp\/v2\/posts\/496525\/revisions"}],"wp:featuredmedia":[{"embeddable":true,"href":"https:\/\/www.europesays.com\/fr\/wp-json\/wp\/v2\/media\/496526"}],"wp:attachment":[{"href":"https:\/\/www.europesays.com\/fr\/wp-json\/wp\/v2\/media?parent=496525"}],"wp:term":[{"taxonomy":"category","embeddable":true,"href":"https:\/\/www.europesays.com\/fr\/wp-json\/wp\/v2\/categories?post=496525"},{"taxonomy":"post_tag","embeddable":true,"href":"https:\/\/www.europesays.com\/fr\/wp-json\/wp\/v2\/tags?post=496525"}],"curies":[{"name":"wp","href":"https:\/\/api.w.org\/{rel}","templated":true}]}}