{"id":496527,"date":"2025-10-29T00:18:25","date_gmt":"2025-10-29T00:18:25","guid":{"rendered":"https:\/\/www.europesays.com\/fr\/496527\/"},"modified":"2025-10-29T00:18:25","modified_gmt":"2025-10-29T00:18:25","slug":"une-femme-agee-de-36-ans-et-schizophrene-retrouvee-morte-a-rennes-une-enquete-ouverte-pour-meurtre-2","status":"publish","type":"post","link":"https:\/\/www.europesays.com\/fr\/496527\/","title":{"rendered":"Une femme \u00e2g\u00e9e de 36 ans et schizophr\u00e8ne retrouv\u00e9e morte \u00e0 Rennes, une enqu\u00eate ouverte pour meurtre"},"content":{"rendered":"<p class=\"mb-4 text-lg md:leading-8 break-words\">Une femme atteinte de schizophr\u00e9nie a \u00e9t\u00e9 retrouv\u00e9e morte \u00e0 son domicile dans le quartier de Maurepas, \u00e0 Rennes (Ille-et-Vilaine), a annonc\u00e9 ce mardi 28 octobre le parquet qui a ouvert une enqu\u00eate pour meurtre sur personne vuln\u00e9rable.<\/p>\n<p class=\"mb-4 text-lg md:leading-8 break-words\">Le corps de la femme de 36 ans a \u00e9t\u00e9 d\u00e9couvert lundi par deux infirmi\u00e8res. Il porte de multiples l\u00e9sions, dont des marques de strangulation, selon une source polici\u00e8re. Un couteau a \u00e9t\u00e9 d\u00e9couvert \u00e0 proximit\u00e9 de la victime.<\/p>\n<p>Une enqu\u00eate ouverte pour meurtre sur personne vuln\u00e9rable<\/p>\n<p class=\"mb-4 text-lg md:leading-8 break-words\">La femme h\u00e9bergeait deux personnes connues de la police judiciaire et qui font l&rsquo;objet de recherches, selon cette source.<\/p>\n<p class=\"mb-4 text-lg md:leading-8 break-words\">L&rsquo;enqu\u00eate pour meurtre sur personne vuln\u00e9rable a \u00e9t\u00e9 confi\u00e9e \u00e0 la Division de la criminalit\u00e9 organis\u00e9e et sp\u00e9cialis\u00e9e (DCOS), a pr\u00e9cis\u00e9 le parquet de Rennes.<\/p>\n<p class=\"mb-4 text-lg md:leading-8 break-words\"><a href=\"https:\/\/www.bfmtv.com\/police-justice\/une-femme-agee-de-36-ans-et-schizophrene-retrouvee-morte-a-rennes-une-enquete-ouverte-pour-meurtre_AD-202510280739.html#xtor=AL-68\" rel=\"nofollow noopener\" target=\"_blank\" data-ylk=\"slk:Article original publi\u00e9 sur BFMTV.com;elm:context_link;itc:0;sec:content-canvas\" class=\"link \">Article original publi\u00e9 sur BFMTV.com<\/a><\/p>\n","protected":false},"excerpt":{"rendered":"Une femme atteinte de schizophr\u00e9nie a \u00e9t\u00e9 retrouv\u00e9e morte \u00e0 son domicile dans le quartier de Maurepas, \u00e0&hellip;\n","protected":false},"author":2,"featured_media":351341,"comment_status":"","ping_status":"","sticky":false,"template":"","format":"standard","meta":{"footnotes":""},"categories":[2821],"tags":[1111,11,829,1777,674,1294,1011,27,848,12,584,25],"class_list":{"0":"post-496527","1":"post","2":"type-post","3":"status-publish","4":"format-standard","5":"has-post-thumbnail","7":"category-rennes","8":"tag-actu","9":"tag-actualites","10":"tag-bretagne","11":"tag-eu","12":"tag-europe","13":"tag-femme","14":"tag-fr","15":"tag-france","16":"tag-ille-et-vilaine","17":"tag-news","18":"tag-rennes","19":"tag-republique-francaise"},"share_on_mastodon":{"url":"https:\/\/pubeurope.com\/@fr\/115454588066600114","error":""},"_links":{"self":[{"href":"https:\/\/www.europesays.com\/fr\/wp-json\/wp\/v2\/posts\/496527","targetHints":{"allow":["GET"]}}],"collection":[{"href":"https:\/\/www.europesays.com\/fr\/wp-json\/wp\/v2\/posts"}],"about":[{"href":"https:\/\/www.europesays.com\/fr\/wp-json\/wp\/v2\/types\/post"}],"author":[{"embeddable":true,"href":"https:\/\/www.europesays.com\/fr\/wp-json\/wp\/v2\/users\/2"}],"replies":[{"embeddable":true,"href":"https:\/\/www.europesays.com\/fr\/wp-json\/wp\/v2\/comments?post=496527"}],"version-history":[{"count":0,"href":"https:\/\/www.europesays.com\/fr\/wp-json\/wp\/v2\/posts\/496527\/revisions"}],"wp:featuredmedia":[{"embeddable":true,"href":"https:\/\/www.europesays.com\/fr\/wp-json\/wp\/v2\/media\/351341"}],"wp:attachment":[{"href":"https:\/\/www.europesays.com\/fr\/wp-json\/wp\/v2\/media?parent=496527"}],"wp:term":[{"taxonomy":"category","embeddable":true,"href":"https:\/\/www.europesays.com\/fr\/wp-json\/wp\/v2\/categories?post=496527"},{"taxonomy":"post_tag","embeddable":true,"href":"https:\/\/www.europesays.com\/fr\/wp-json\/wp\/v2\/tags?post=496527"}],"curies":[{"name":"wp","href":"https:\/\/api.w.org\/{rel}","templated":true}]}}