{"id":496548,"date":"2025-10-29T00:30:24","date_gmt":"2025-10-29T00:30:24","guid":{"rendered":"https:\/\/www.europesays.com\/fr\/496548\/"},"modified":"2025-10-29T00:30:24","modified_gmt":"2025-10-29T00:30:24","slug":"olivier-letang-dans-le-viseur-de-luefa-c3-j3-lille-paok-3-4","status":"publish","type":"post","link":"https:\/\/www.europesays.com\/fr\/496548\/","title":{"rendered":"Olivier L\u00e9tang dans le viseur de l\u2019UEFA &#8211; C3 &#8211; J3 &#8211; Lille-PAOK (3-4)"},"content":{"rendered":"<p><a target=\"_blank\" href=\"https:\/\/www.youtube.com\/watch?v=exJ7Ui6XoUw\" rel=\"nofollow noopener\">\u00c7a passe pas, \u00e7a passe pas<\/a>.<\/p>\n<p>Le <a target=\"_blank\" href=\"https:\/\/www.sofoot.com\/articles\/ligue-europa-lille-perdu-un-match-fou-contre-le-paok-avec-un-double-digamane-et-une-colere-de-letang\" rel=\"noopener nofollow\">match dingue entre le LOSC et le PAOK (3-4)<\/a> va d\u00e9cid\u00e9ment rester dans les m\u00e9moires. Par rapport au sc\u00e9nario, d\u00e9j\u00e0, mais aussi parce que des r\u00e9percussions pourraient avoir lieu plusieurs jours apr\u00e8s la d\u00e9faite des Dogues. En effet, selon les informations de <a target=\"_blank\" href=\"https:\/\/www.lequipe.fr\/Football\/Actualites\/L-uefa-ouvre-un-cas-disciplinaire-contre-olivier-letang-le-president-de-lille-apres-avoir-critique-l-arbitrage-lors-du-match-contre-le-paok\/1605429\" rel=\"noopener nofollow\">L\u2019\u00c9quipe<\/a>, la commission de discipline de l\u2019UEFA a <strong>ouvert un cas disciplinaire pour\u00a0\u00ab\u00a0conduite incorrecte\u00a0\u00bb contre Olivier L\u00e9tang<\/strong>.<\/p>\n<p>D\u00e9j\u00e0 suspendu en Ligue 1<\/p>\n<p>Le pr\u00e9sident lillois a d\u00e9fray\u00e9 la chronique <a target=\"_blank\" href=\"https:\/\/www.sofoot.com\/breves\/olivier-letang-president-lillois-se-plaint-de-larbitrage-contre-le-paok-en-ligue-europa-jai-deja-ecrit-a-ceferin\" rel=\"noopener nofollow\">en apostrophant l\u2019arbitre de la rencontre<\/a>, auteur du choix litigieux de ne pas siffler un penalty pour les Nordistes, en <strong>lui indiquant avoir contact\u00e9 Aleksander \u010ceferin<\/strong>. Des menaces qui ne sont pas tomb\u00e9es dans l\u2019oreille d\u2019un sourd et peuvent lui co\u00fbter une lourde suspension.<\/p>\n<p>Olivier L\u00e9tang est, en plus coutumier du fait. Alors qu\u2019<strong>il a r\u00e9cemment \u00e9cop\u00e9 d\u2019un match de suspension ferme et deux avec sursis<\/strong> de banc de touche, de vestiaires d\u2019arbitres et de toutes fonctions officielles en Ligue 1 <a target=\"_blank\" href=\"https:\/\/www.sofoot.com\/breves\/losc-sanction-minimale-pour-olivier-letang-apres-son-coup-de-sang-contre-larbitrage\" rel=\"noopener nofollow\">apr\u00e8s avoir critiqu\u00e9 l\u2019arbitrage contre Lyon<\/a>, le dirigeant avait aussi fait parler de lui en Ligue des champions, la saison derni\u00e8re, apr\u00e8s l\u2019\u00e9limination des siens face \u00e0 Dortmund.<\/p>\n<p>Mais qu\u2019est-ce qu\u2019il a vraiment \u00e9crit \u00e0 \u010ceferin ? <a target=\"_blank\" href=\"https:\/\/www.sofoot.com\/articles\/lille-derange-on-a-mis-la-main-sur-le-message-dolivier-letang-a-aleksander-ceferin-pendant-losc-paok\" rel=\"nofollow noopener\">On vous dit tout !<\/a><\/p>\n<p>\t\t\t\t\t\t\t\t\t\t<a class=\"lien-connexe\" href=\"https:\/\/www.sofoot.com\/breves\/pape-sy-sort-sur-civiere-les-nouvelles-sont-rassurantes-pour-le-gardien-messin\" rel=\"nofollow noopener\" target=\"_blank\">Les nouvelles sont rassurantes pour Pape Sy, sorti sur civi\u00e8re \u00e0 Lille<\/a>\t\t\t\t\t<\/p>\n","protected":false},"excerpt":{"rendered":"\u00c7a passe pas, \u00e7a passe pas. Le match dingue entre le LOSC et le PAOK (3-4) va d\u00e9cid\u00e9ment&hellip;\n","protected":false},"author":2,"featured_media":496549,"comment_status":"","ping_status":"","sticky":false,"template":"","format":"standard","meta":{"footnotes":""},"categories":[2815],"tags":[1111,47,11,61,69,65,64,1777,674,63,1011,27,811,68,66,1307,12,62,70,25,67],"class_list":{"0":"post-496548","1":"post","2":"type-post","3":"status-publish","4":"format-standard","5":"has-post-thumbnail","7":"category-lille","8":"tag-actu","9":"tag-actualite","10":"tag-actualites","11":"tag-actus-football","12":"tag-bundesliga","13":"tag-championnats-europeens","14":"tag-equipe-de-france","15":"tag-eu","16":"tag-europe","17":"tag-football","18":"tag-fr","19":"tag-france","20":"tag-hauts-de-france","21":"tag-ligua","22":"tag-ligue-1","23":"tag-lille","24":"tag-news","25":"tag-news-foot","26":"tag-premier-league","27":"tag-republique-francaise","28":"tag-serie-a"},"share_on_mastodon":{"url":"https:\/\/pubeurope.com\/@fr\/115454635447751546","error":""},"_links":{"self":[{"href":"https:\/\/www.europesays.com\/fr\/wp-json\/wp\/v2\/posts\/496548","targetHints":{"allow":["GET"]}}],"collection":[{"href":"https:\/\/www.europesays.com\/fr\/wp-json\/wp\/v2\/posts"}],"about":[{"href":"https:\/\/www.europesays.com\/fr\/wp-json\/wp\/v2\/types\/post"}],"author":[{"embeddable":true,"href":"https:\/\/www.europesays.com\/fr\/wp-json\/wp\/v2\/users\/2"}],"replies":[{"embeddable":true,"href":"https:\/\/www.europesays.com\/fr\/wp-json\/wp\/v2\/comments?post=496548"}],"version-history":[{"count":0,"href":"https:\/\/www.europesays.com\/fr\/wp-json\/wp\/v2\/posts\/496548\/revisions"}],"wp:featuredmedia":[{"embeddable":true,"href":"https:\/\/www.europesays.com\/fr\/wp-json\/wp\/v2\/media\/496549"}],"wp:attachment":[{"href":"https:\/\/www.europesays.com\/fr\/wp-json\/wp\/v2\/media?parent=496548"}],"wp:term":[{"taxonomy":"category","embeddable":true,"href":"https:\/\/www.europesays.com\/fr\/wp-json\/wp\/v2\/categories?post=496548"},{"taxonomy":"post_tag","embeddable":true,"href":"https:\/\/www.europesays.com\/fr\/wp-json\/wp\/v2\/tags?post=496548"}],"curies":[{"name":"wp","href":"https:\/\/api.w.org\/{rel}","templated":true}]}}