{"id":496562,"date":"2025-10-29T00:40:12","date_gmt":"2025-10-29T00:40:12","guid":{"rendered":"https:\/\/www.europesays.com\/fr\/496562\/"},"modified":"2025-10-29T00:40:12","modified_gmt":"2025-10-29T00:40:12","slug":"sans-solution-paris-cede-face-a-lanadolu-efes-istanbul","status":"publish","type":"post","link":"https:\/\/www.europesays.com\/fr\/496562\/","title":{"rendered":"sans solution, Paris c\u00e8de face \u00e0 l\u2019Anadolu Efes Istanbul"},"content":{"rendered":"<p>\n    Les Parisiens ont d\u00e9jou\u00e9 face \u00e0 Shane Larkin, Isa\u00efa Cordinier et compagnie mardi, \u00e0 l\u2019Adidas Arena, subissant leur deuxi\u00e8me d\u00e9faite de suite \u00e0 la maison en Euroligue.<\/p>\n<p class=\"fig-paragraph\">Le Paris Basketball n\u2019y \u00e9tait pas.\u00a0<a href=\"http:\/\/www.lefigaro.fr\/sports\/basket\/euroligue-paris-dompte-le-partizan-a-belgrade-20251024\" data-fig-type=\"NewsFlash\" data-gtm-custom-categorie=\"navigation\" data-gtm-custom-action=\"crossclick\" data-gtm-custom-label=\"Contextuel\" data-gtm-event=\"customEventSPE\" data-fig-domain=\"LEFIGARO\" target=\"_blank\" rel=\"noopener\">Larges vainqueurs sur le parquet du Partizan (83-101)<\/a>\u00a0lors de leur derni\u00e8re sortie europ\u00e9enne, les hommes de Francesco Tabellini ont c\u00e9d\u00e9 face \u00e0 l\u2019Anadolu Efes Istanbul (80-90) mardi, \u00e0 domicile, lors de la septi\u00e8me journ\u00e9e de l\u2019Euroligue. Pas assez de rythme ni d\u2019adresse en attaque et encore moins d\u2019agressivit\u00e9 en d\u00e9fense\u00a0: on n\u2019a pas vu le jeu survitamin\u00e9 du club de la capitale, qui s\u2019\u00e9tait d\u00e9j\u00e0 inclin\u00e9 lors de son pr\u00e9c\u00e9dent match en Euroligue \u00e0 l\u2019Adidas Arena, contre Tel Aviv (88-89).<\/p>\n<p class=\"fig-paragraph\">Quatre victoires et trois d\u00e9faites pour les champions de France, emmen\u00e9s par l\u2019excellent Sebastian Herrera (17 pts, 4\/9 \u00e0 3 pts), Justin Robinson (13 pts), Yakuba Ouatta (11 pts) et Daulton Hommes (10 pts) mardi soir. Brillant depuis le d\u00e9but de la saison, l\u2019international tricolore Nadir Hifi (17 pts) n\u2019a quant \u00e0 lui sauv\u00e9 son match qu\u2019avec les lancers (13\/13), lui qui s\u2019est montr\u00e9 particuli\u00e8rement maladroit aux tirs (2\/16). 19 points pour Shane Larkin c\u00f4t\u00e9 turc. 14 unit\u00e9s pour l\u2019ancien Mon\u00e9gasque Jordan Lloyd et 14 aussi \u00e0 mettre au cr\u00e9dit du\u00a0<a href=\"http:\/\/www.lefigaro.fr\/sports\/jeux-olympiques\/jo-basket-cordinier-et-yabusele-bons-eleves-les-promesses-de-wembanyama-gobert-en-fond-de-classe-le-carnet-de-notes-des-bleus-20240813\" data-fig-type=\"NewsFlash\" data-gtm-custom-categorie=\"navigation\" data-gtm-custom-action=\"crossclick\" data-gtm-custom-label=\"Contextuel\" data-gtm-event=\"customEventSPE\" data-fig-domain=\"LEFIGARO\" target=\"_blank\" rel=\"noopener\">vice-champion olympique fran\u00e7ais Isa\u00efa Cordinier<\/a>.<\/p>\n<blockquote class=\"fig-quote&#10;    \">\n<p class=\"fig-quote__text\">Je suis d\u00e9sol\u00e9 parce que c\u2019\u00e9tait le premier match \u00e0 guichets ferm\u00e9s de la saison. On voulait jouer notre meilleur basket mais on n\u2019a pas \u00e9t\u00e9 capables de le faire.<\/p>\n<p>            Francesco Tabellini\n    <\/p><\/blockquote>\n<p>                                    <a class=\"fig-a11y-skip a11y-hidden\" href=\"#fig-a11y-skip-main-inarticle\"><br \/>\n        Passer la publicit\u00e9<br \/>\n    <\/a><\/p>\n<p class=\"fig-paragraph\">\u00abOn doit se reprendre et jouer un meilleur basket, pestait Francesco Tabellini apr\u00e8s la partie. Le deuxi\u00e8me quart-temps a fait basculer le match dans la mauvaise direction. L\u2019\u00e9nergie a compl\u00e8tement chang\u00e9. On r\u00e9agissait mal aux erreurs, alors que c\u2019est l\u2019une de nos forces d\u2019habitude. On \u00e9tait pr\u00eats \u00e0 mieux faire, mais le d\u00e9but de la seconde p\u00e9riode, avec l\u2019antisportive, la faute sur le trois points, il y a encore eu de la frustration. Et quand on a encore essay\u00e9 de faire basculer le match, on a de nouveau fait des erreurs\u2026 Il y a le deuxi\u00e8me quart et l\u2019id\u00e9e de r\u00e9duire le nombre d\u2019erreurs. Des enseignements pour la suite de la saison\u00a0? Chaque jour peut servir pour avancer, \u00e0 l\u2019entra\u00eenement ou en match. Il faudra qu\u2019on parle, qu\u2019on se reprenne et qu\u2019on montre notre meilleur visage, ce n\u2019\u00e9tait pas le cas ce soir\u2026 Je suis d\u00e9sol\u00e9 parce que c\u2019\u00e9tait le premier match \u00e0 guichets ferm\u00e9s de la saison. On voulait jouer notre meilleur basket mais on n\u2019a pas \u00e9t\u00e9 capables de le faire\u00bb, a conclu le coach parisien.<\/p>\n<p class=\"fig-paragraph\">Paris d\u00e9marrait \u00e0 l\u2019envers sur le plan offensif, n\u2019ouvrant son compteur qu\u2019apr\u00e8s plus de 4 minutes de jeu par un panier marqu\u00e9\u2026 contre son camp par les Turcs (2-8, puis 3-11). Hifi et compagnie se d\u00e9bridaient enfin (18-13, puis 21-17 fin 1er QT) et continuaient m\u00eame sur leur lanc\u00e9e dans le deuxi\u00e8me quart (27-21). Et le coup de la panne de nouveau. Un seul panier parisien \u2013 un triple de Ouattara \u2013 et op\u00e9ration portes ouvertes en d\u00e9fense lors des 3\u201924 avant la mi-temps (36-38, puis 39-46 MT). Deux chiffres\u00a0: un vilain 28,6% \u00e0 2 points pour les Parisiens \u00e0 ce moment du match, et une d\u00e9fense trop laxiste, avec seulement 3 pertes de balle turques, contre 11. \u00abOn a abandonn\u00e9 notre identit\u00e9 et on a fait trop d\u2019erreurs. On n\u2019a pas \u00e9t\u00e9 assez durs mentalement ni assez humbles\u00bb, pestait coach Francesco Tabellini juste avant la reprise.<\/p>\n<p>Larkin en fossoyeur<\/p>\n<p class=\"fig-paragraph\">Et \u00e7a ne s\u2019arrangeait pas\u00a0: antisportive, faute sur un triple et port\u00e9e de balle contre Paris, puis panier de Yilmaz (39-51). Cordinier et Larkin enfon\u00e7aient le clou (40-56). Coup de grisou. Il fallait pr\u00e8s de 3 minutes pour voir un panier parisien, un major\u00e9 du \u00abYak\u00bb, puis un autre pour Herrera (46-56, puis 48-56). R\u00e9veil. De l\u2019adresse, mais aussi plus d\u2019agressivit\u00e9 et des ballons vol\u00e9s, enfin. Et Robinson s\u2019enflammait (52-59). \u00c0 l\u2019image de ce triple monstrueux de Lloyd, les Stambouliotes ne perdaient toutefois pas la t\u00eate (52-65). Quoique, leur coach, Kokoskov, prenait deux techniques\u00a0: expulsion. Tatillons, ces arbitres\u2026 Tout \u00e9tait encore possible \u00e0 10 minutes de la fin (60-69 fin 3e QT).<\/p>\n<p class=\"fig-paragraph\">Las, ce diable de Larkin, relativement discret jusque-l\u00e0, prenait feu et inscrivait 9 points d\u2019affil\u00e9e au d\u00e9but du quatri\u00e8me quart-temps, apr\u00e8s un panier de Cordinier (63-80). Injouable\u2026 Avec Herrera inspir\u00e9 et les lancers de Hifi, les locaux revenaient \u00e0 9 longueurs de l\u2019Anadolu Efes Istanbul, avec 4\u201958 \u00e0 jouer (71-80), puis encore dans l\u2019ultime minute de la partie (80-89). Jamais plus pr\u00e8s. Mardi, il y avait une classe d\u2019\u00e9cart entre les deux \u00e9quipes (80-90 score final). Les Parisiens devront retrouver leur jeu \u00e0 Milan, jeudi soir.<\/p>\n","protected":false},"excerpt":{"rendered":"Les Parisiens ont d\u00e9jou\u00e9 face \u00e0 Shane Larkin, Isa\u00efa Cordinier et compagnie mardi, \u00e0 l\u2019Adidas Arena, subissant leur&hellip;\n","protected":false},"author":2,"featured_media":496563,"comment_status":"","ping_status":"","sticky":false,"template":"","format":"standard","meta":{"footnotes":""},"categories":[1888],"tags":[1111,1928,11,1927,1777,2183,674,1011,27,12,1926,626,2179,1925,25],"class_list":{"0":"post-496562","1":"post","2":"type-post","3":"status-publish","4":"format-standard","5":"has-post-thumbnail","7":"category-paris","8":"tag-actu","9":"tag-actu-paris","10":"tag-actualites","11":"tag-actualites-paris","12":"tag-eu","13":"tag-euroligue","14":"tag-europe","15":"tag-fr","16":"tag-france","17":"tag-news","18":"tag-news-paris","19":"tag-paris","20":"tag-paris-basketball","21":"tag-paris-news","22":"tag-republique-francaise"},"share_on_mastodon":{"url":"https:\/\/pubeurope.com\/@fr\/115454674525292305","error":""},"_links":{"self":[{"href":"https:\/\/www.europesays.com\/fr\/wp-json\/wp\/v2\/posts\/496562","targetHints":{"allow":["GET"]}}],"collection":[{"href":"https:\/\/www.europesays.com\/fr\/wp-json\/wp\/v2\/posts"}],"about":[{"href":"https:\/\/www.europesays.com\/fr\/wp-json\/wp\/v2\/types\/post"}],"author":[{"embeddable":true,"href":"https:\/\/www.europesays.com\/fr\/wp-json\/wp\/v2\/users\/2"}],"replies":[{"embeddable":true,"href":"https:\/\/www.europesays.com\/fr\/wp-json\/wp\/v2\/comments?post=496562"}],"version-history":[{"count":0,"href":"https:\/\/www.europesays.com\/fr\/wp-json\/wp\/v2\/posts\/496562\/revisions"}],"wp:featuredmedia":[{"embeddable":true,"href":"https:\/\/www.europesays.com\/fr\/wp-json\/wp\/v2\/media\/496563"}],"wp:attachment":[{"href":"https:\/\/www.europesays.com\/fr\/wp-json\/wp\/v2\/media?parent=496562"}],"wp:term":[{"taxonomy":"category","embeddable":true,"href":"https:\/\/www.europesays.com\/fr\/wp-json\/wp\/v2\/categories?post=496562"},{"taxonomy":"post_tag","embeddable":true,"href":"https:\/\/www.europesays.com\/fr\/wp-json\/wp\/v2\/tags?post=496562"}],"curies":[{"name":"wp","href":"https:\/\/api.w.org\/{rel}","templated":true}]}}