{"id":496566,"date":"2025-10-29T00:42:46","date_gmt":"2025-10-29T00:42:46","guid":{"rendered":"https:\/\/www.europesays.com\/fr\/496566\/"},"modified":"2025-10-29T00:42:46","modified_gmt":"2025-10-29T00:42:46","slug":"alcaraz-est-il-parti-pour-ne-jamais-gagner-en-indoor-a-paname-comme-rafa-2","status":"publish","type":"post","link":"https:\/\/www.europesays.com\/fr\/496566\/","title":{"rendered":"Alcaraz est-il parti pour ne jamais gagner en indoor \u00e0 Paname comme Rafa\u00a0?"},"content":{"rendered":"<p>Quand \u00e7a veut pas, \u00e7a veut pas. Et dans le cas de Carlos Alcaraz, il semblerait que \u00e7a ne veuille vraiiiiiment pas. Battu en trois manches par le Britannique Cameron Norrie <a href=\"https:\/\/www.20minutes.fr\/sport\/tennis\/4181172-20251027-masters-1000-paris-dernier-frisson-francais-annee-2025-inaugurer-tournoi-defense\" class=\"c-link c-link--is-underlined\" target=\"_blank\" rel=\"noopener\">au 2e tour du Masters 1000 de Paris<\/a> (6-4, 3-6, 4-6), <a href=\"https:\/\/www.20minutes.fr\/sport\/carlos-alcaraz\/\" class=\"c-link c-link--is-underlined\" target=\"_blank\" rel=\"noopener\">l&rsquo;Espagnol a \u00e9t\u00e9 l\u00e2ch\u00e9 par la magie<\/a> qui l\u2019habite en temps normal. \u00ab\u00a0Je n\u2019ai pas bien jou\u00e9, j\u2019ai commis beaucoup d\u2019erreurs et je n\u2019avais pas de sensations, diagnostique le num\u00e9ro\u00a01 mondial en conf\u00e9rence de presse. M\u00eame si j\u2019ai gagn\u00e9 le premier set, je sentais que j\u2019aurais d\u00fb mieux faire. Dans le 2e set j\u2019ai essay\u00e9 de faire mieux mais c\u2019\u00e9tait pire. Le m\u00e9rite revient \u00e0 Cameron parce qu\u2019il ne m\u2019a pas laiss\u00e9 faire.\u00a0\u00bb<\/p>\n<\/p>\n<p>Les m\u00e9disants diront que le cosplay Neymar &#8211; chevelure peroxyd\u00e9e et tenue aux couleurs du Br\u00e9sil &#8211; lui a port\u00e9 pr\u00e9judice dans sa qu\u00eate d\u2019un premier titre. En r\u00e9alit\u00e9, le costume est tout \u00e0 fait appropri\u00e9\u00a0: comme pour le Br\u00e9silien, l\u2019histoire se termine toujours mal pour Carlitos \u00e0 Paris.<\/p>\n<p>Aucune explication rationnelle \u00e0 l\u2019\u00e9chec d\u2019Alcaraz<\/p>\n<p>Alcaraz avait pourtant mis toute la bonne volont\u00e9 du monde en prenant le temps d\u2019arriver le week-end dans la capitale pour <a href=\"https:\/\/www.20minutes.fr\/sport\/tennis\/4182051-20251028-masters-1000-paris-grace-moutet-dimitrov-surface-ralentie-tennis-plus-fort-servebots\" class=\"c-link c-link--is-underlined\" target=\"_blank\" rel=\"noopener\">apprivoiser une surface dont il a fait l\u2019\u00e9loge de la lenteur<\/a>. \u00ab\u00a0Je trouve que la vitesse du court est assez lente, ce qui, comme je l\u2019ai dit, me convient bien, car cela correspond \u00e0 ce que j\u2019ai ressenti \u00e0 l\u2019entra\u00eenement, a-t-il confirm\u00e9 apr\u00e8s la d\u00e9faite. Aujourd\u2019hui, je n\u2019ai pas r\u00e9ussi \u00e0 trouver de solution, je me suis bloqu\u00e9 et c\u2019est ce qui arrive quand on affronte quelqu\u2019un qui a bien jou\u00e9.\u00a0\u00bb<\/p>\n<p>Le double-vainqueur de Roland-Garros n\u2019a aucune explication rationnelle \u00e0 son nouvel \u00e9chec parisien. La nouvelle ar\u00e8ne semblait lui convenir et ses sensations physiques, dit-il, \u00e9taient les plus optimales qu\u2019il puisse conna\u00eetre \u00e0 ce stade de la saison. \u00ab\u00a0Les autres ann\u00e9es, je me sentais \u00e9puis\u00e9, fatigu\u00e9, mentalement et physiquement, mais cette ann\u00e9e, je me sentais bien. J\u2019ai fait l\u2019impasse sur Shanghai, j\u2019ai pass\u00e9 beaucoup de temps chez moi. J\u2019\u00e9tais d\u00e9tendu, j\u2019ai de l\u2019\u00e9nergie, donc je ne sais pas ce qui s\u2019est pass\u00e9 ici.\u00a0\u00bb<\/p>\n<p>Maudit comme Rafa\u00a0?<\/p>\n<p>B\u00e9ni sur la terre battue parisienne mais maudit dans les salles de la capitale, Carlitos serait-il parti pour <a href=\"https:\/\/www.20minutes.fr\/sport\/rafael_nadal\/\" class=\"c-link c-link--is-underlined\" target=\"_blank\" rel=\"noopener\">imiter son ami et mentor Rafael Nadal<\/a>, \u00e0 qui le Masters 1000 de Paris a toujours \u00e9chapp\u00e9\u00a0? Le jeune Ib\u00e8re a le temps de voir venir du haut de ses 22 ans, mais prudence tout de m\u00eame\u00a0: \u00e0 son \u00e2ge, Rafa r\u00e9alisait son meilleur Bercy pour sa premi\u00e8re participation (d\u00e9faite en finale contre David Nalbandian). Et s\u2019il a souvent d\u00fb d\u00e9clarer forfait dans le 12e\u00a0arrondissement, Nadal n\u2019a jamais fait pire que des quarts de finale avant son d\u00e9clin brutal (2e tour en\u00a02022).<\/p>\n<p>Alcaraz, lui, n\u2019a jamais fait mieux (2022, battu par Holger Rune), et connu quelques gamelles, <a href=\"https:\/\/www.20minutes.fr\/sport\/tennis\/4119207-20241102-masters-1000-paris-bercy-impression-etre-alcaraz-peut-stopper-ugo-humbert\" class=\"c-link c-link--is-underlined\" target=\"_blank\" rel=\"noopener\">certaines \u00e0 mettre au cr\u00e9dit de Fran\u00e7ais<\/a> (Hugo Gaston en\u00a02021, Ugo Humbert en\u00a02024). Sans m\u00eame penser \u00e0 gagner, l\u2019Espagnol doit r\u00eaver de la r\u00e9gularit\u00e9 de son a\u00een\u00e9. \u00ab\u00a0C\u2019est vraiment difficile pour moi de bien jouer, mais je vais trouver la solution et je finirai par faire du tr\u00e8s bon tennis ici, c\u2019est certain.\u00a0\u00bb Avec un peu de chance, \u00e7a finira bien par passer.<\/p>\n","protected":false},"excerpt":{"rendered":"Quand \u00e7a veut pas, \u00e7a veut pas. Et dans le cas de Carlos Alcaraz, il semblerait que \u00e7a&hellip;\n","protected":false},"author":2,"featured_media":496567,"comment_status":"","ping_status":"","sticky":false,"template":"","format":"standard","meta":{"footnotes":""},"categories":[1888],"tags":[11,7779,1777,674,1011,27,1877,4177,61745,12,626,25,517,1467],"class_list":{"0":"post-496566","1":"post","2":"type-post","3":"status-publish","4":"format-standard","5":"has-post-thumbnail","7":"category-paris","8":"tag-actualites","9":"tag-carlos-alcaraz","10":"tag-eu","11":"tag-europe","12":"tag-fr","13":"tag-france","14":"tag-la-defense","15":"tag-masters-1000","16":"tag-masters-1000-de-paris-la-defense-arena","17":"tag-news","18":"tag-paris","19":"tag-republique-francaise","20":"tag-sport","21":"tag-tennis"},"share_on_mastodon":{"url":"https:\/\/pubeurope.com\/@fr\/115454682320315696","error":""},"_links":{"self":[{"href":"https:\/\/www.europesays.com\/fr\/wp-json\/wp\/v2\/posts\/496566","targetHints":{"allow":["GET"]}}],"collection":[{"href":"https:\/\/www.europesays.com\/fr\/wp-json\/wp\/v2\/posts"}],"about":[{"href":"https:\/\/www.europesays.com\/fr\/wp-json\/wp\/v2\/types\/post"}],"author":[{"embeddable":true,"href":"https:\/\/www.europesays.com\/fr\/wp-json\/wp\/v2\/users\/2"}],"replies":[{"embeddable":true,"href":"https:\/\/www.europesays.com\/fr\/wp-json\/wp\/v2\/comments?post=496566"}],"version-history":[{"count":0,"href":"https:\/\/www.europesays.com\/fr\/wp-json\/wp\/v2\/posts\/496566\/revisions"}],"wp:featuredmedia":[{"embeddable":true,"href":"https:\/\/www.europesays.com\/fr\/wp-json\/wp\/v2\/media\/496567"}],"wp:attachment":[{"href":"https:\/\/www.europesays.com\/fr\/wp-json\/wp\/v2\/media?parent=496566"}],"wp:term":[{"taxonomy":"category","embeddable":true,"href":"https:\/\/www.europesays.com\/fr\/wp-json\/wp\/v2\/categories?post=496566"},{"taxonomy":"post_tag","embeddable":true,"href":"https:\/\/www.europesays.com\/fr\/wp-json\/wp\/v2\/tags?post=496566"}],"curies":[{"name":"wp","href":"https:\/\/api.w.org\/{rel}","templated":true}]}}