{"id":496577,"date":"2025-10-29T00:48:21","date_gmt":"2025-10-29T00:48:21","guid":{"rendered":"https:\/\/www.europesays.com\/fr\/496577\/"},"modified":"2025-10-29T00:48:21","modified_gmt":"2025-10-29T00:48:21","slug":"carlos-tavares-leurope-sest-piegee-elle-meme-dans-une-transition-automobile-irrealiste","status":"publish","type":"post","link":"https:\/\/www.europesays.com\/fr\/496577\/","title":{"rendered":"Carlos Tavares : \u00ab L\u2019Europe s\u2019est pi\u00e9g\u00e9e elle-m\u00eame dans une transition automobile irr\u00e9aliste \u00bb"},"content":{"rendered":"<p>Invit\u00e9 <b>sur LCI<\/b>, Carlos Tavares, ancien directeur g\u00e9n\u00e9ral de Stellantis, a livr\u00e9 une interview sans d\u00e9tour. Il y critique la strat\u00e9gie europ\u00e9enne en mati\u00e8re de transition \u00e9nerg\u00e9tique, d\u00e9fend sa r\u00e9mun\u00e9ration et alerte sur la fragilit\u00e9 budg\u00e9taire fran\u00e7aise.<\/p>\n<p>Depuis quelques jours, l\u2019<strong>ex-CEO de <a title=\"Stellantis\" href=\" https:\/\/lesvoitures.fr\/bourse\/stla.mi\/\">Stellantis<\/a><\/strong> fait le tour des m\u00e9dias. Sur <strong>LCI<\/strong>, alors que la <strong>crise \u00e9conomique<\/strong> qui touche la <strong>fili\u00e8re automobile fran\u00e7aise et europ\u00e9enne<\/strong> semble clairement s\u2019amplifier, d\u00e8s le d\u00e9but, <strong>Carlos Tavares<\/strong> a d\u00e9nonc\u00e9 la m\u00e9thode europ\u00e9enne li\u00e9e aux <strong>voitures \u00e9lectriques<\/strong>.<\/p>\n<p><img loading=\"lazy\" decoding=\"async\" class=\"alignnone size-medium wp-image-470208\" src=\"https:\/\/www.europesays.com\/fr\/wp-content\/uploads\/2025\/10\/voitures-electriques-batteries-greenpeace-785x589.jpg\" alt=\"Greenpeace voitures \u00e9lectrique batteries\" width=\"785\" height=\"589\"  \/><\/p>\n<p>Selon lui, <strong>Bruxelles<\/strong> a impos\u00e9 l\u2019\u00e9lectrique sans pragmatisme. Faut-il rappeler que <strong>les ventes de voitures thermiques et hybrides neuves seront, \u00e0 ce jour, interdites au sein de l\u2019UE \u00e0 partir du 1er janvier 2035 ?<\/strong>\u00a0<strong>Carlos Tavares<\/strong> a ainsi d\u00e9clar\u00e9 sur <strong>LCI<\/strong> :<\/p>\n<blockquote>\n<p>\u00ab La solution qui a \u00e9t\u00e9 impos\u00e9e est d\u2019un co\u00fbt exorbitant pour la soci\u00e9t\u00e9 avec un b\u00e9n\u00e9fice minimal pour la plan\u00e8te. \u00bb<\/p>\n<\/blockquote>\n<p style=\"text-align: justify;\"><strong>Carlos Tavares<\/strong> a distingu\u00e9 deux logiques. D\u2019un c\u00f4t\u00e9, l\u2019entreprise cot\u00e9e, oblig\u00e9e de respecter la loi. De l\u2019autre, l\u2019ing\u00e9nieur citoyen, qui juge la solution inefficace. Ensuite, Tavares a insist\u00e9 sur l\u2019impact social. Les <strong>voitures \u00e9lectriques restent trop ch\u00e8res<\/strong>. R\u00e9sultat : la classe moyenne ne peut plus acheter de v\u00e9hicules neufs et, in fine :<\/p>\n<blockquote>\n<p>\u00ab S\u2019il n\u2019y a pas de volume, il n\u2019y a pas de b\u00e9n\u00e9fice pour la plan\u00e8te. \u00bb<\/p>\n<\/blockquote>\n<p style=\"text-align: justify;\">Autrement dit, la transition \u00e9choue si elle ne touche pas le plus grand nombre.<\/p>\n<p style=\"text-align: justify;\">Par ailleurs, <strong>Carlos Tavares<\/strong> a rappel\u00e9 un fait simple : <strong>1,3 milliard de voitures thermiques circulent encore dans le monde<\/strong>. Or, aucune strat\u00e9gie claire n\u2019existe pour les remplacer progressivement :<\/p>\n<blockquote>\n<p>\u00ab Le plus urgent est d\u2019enlever de la route les v\u00e9hicules les plus polluants et de les remplacer par des v\u00e9hicules plus vertueux. \u00bb<\/p>\n<\/blockquote>\n<p style=\"text-align: justify;\">Pour lui, l\u2019<strong>Europe<\/strong> s\u2019est concentr\u00e9e sur le neuf, en oubliant l\u2019existant.<\/p>\n<p style=\"text-align: justify;\">Autre cons\u00e9quence : <strong>l\u2019Europe s\u2019affaiblit face \u00e0 la concurrence chinoise<\/strong>. Les constructeurs automobiles asiatiques, particuli\u00e8rement les <strong>Chinois<\/strong>, arrivent avec des <strong>voitures \u00e9lectriques moins ch\u00e8res<\/strong>, soutenus par des <strong>subventions massives<\/strong> et un <strong>acc\u00e8s privil\u00e9gi\u00e9 aux mati\u00e8res premi\u00e8res <\/strong>:<\/p>\n<blockquote>\n<p>\u00ab Au bout de ce processus, vous avez transf\u00e9r\u00e9 vos usines aux Chinois comme r\u00e9sultat du diktat r\u00e9glementaire que nous nous sommes inflig\u00e9s nous-m\u00eames. \u00bb<\/p>\n<\/blockquote>\n<p style=\"text-align: justify;\">Ainsi, l\u2019<strong>Europe<\/strong> perd sa souverainet\u00e9 industrielle.<\/p>\n<p style=\"text-align: justify;\">Interrog\u00e9 sur ses revenus, pr\u00e8s de <strong>80 M\u20ac<\/strong> en quatre ans, <strong>Carlos Tavares<\/strong> a clairement assum\u00e9 :<\/p>\n<blockquote>\n<p>\u00ab Mon salaire \u00e9tait \u00e0 90 % index\u00e9 sur la performance de l\u2019entreprise. Comme pour un joueur de football ou un pilote de<a title=\" Formule 1\" href=\" https:\/\/lesvoitures.fr\/formule1\/\"> Formule 1<\/a>, il y a une transaction, on la respecte. \u00bb<\/p>\n<\/blockquote>\n<p style=\"text-align: justify;\"><strong>Carlos Tavares<\/strong> a reconnu, sur <strong>LCI<\/strong>, que le sujet alimente un ressentiment social. Mais il estime que l<strong>e vrai probl\u00e8me n\u2019est pas le montant des salaires, mais l\u2019usage de l\u2019argent<\/strong>.<\/p>\n<p style=\"text-align: justify;\"><strong>Tavares<\/strong> a \u00e9galement exprim\u00e9 un doute profond sur la <strong>capacit\u00e9 de la <a href=\"https:\/\/lesvoitures.fr\/acea-interdiction-thermique-2035-acea\/\" target=\"_blank\" rel=\"noopener nofollow\">France<\/a> \u00e0 redresser ses comptes <\/strong>:<\/p>\n<blockquote>\n<p>\u00ab On ne peut pas laisser filer les d\u00e9penses ind\u00e9finiment. \u00bb<\/p>\n<\/blockquote>\n<p style=\"text-align: justify;\">Carlos Tavares a oppos\u00e9 la r<strong>igueur portugaise<\/strong>, o\u00f9 les <strong>budgets sont \u00e9quilibr\u00e9s<\/strong> chaque ann\u00e9e, \u00e0 la <strong>d\u00e9rive fran\u00e7aise<\/strong>.<\/p>\n<p style=\"text-align: justify;\">Enfin, cette interview met en lumi\u00e8re une <strong>contradiction europ\u00e9enne<\/strong>. L\u2019<strong>Union<\/strong> a voulu incarner le leadership \u00e9cologique mondial. Mais elle a choisi une <strong>voie unique<\/strong>, sans tenir compte des <strong>r\u00e9alit\u00e9s sociales et industrielles<\/strong>. Sur le plan social, la <strong>classe moyenne se retrouve exclue<\/strong>, incapable de suivre le rythme impos\u00e9 par le co\u00fbt des <strong>voitures \u00e9lectriques<\/strong>. Sur le plan industriel, <strong>l\u2019Europe s\u2019affaiblit face \u00e0 la concurrence chinoise<\/strong>, mieux arm\u00e9e et plus comp\u00e9titive. Sur le <strong>plan \u00e9cologique<\/strong>, le parc existant de <strong>v\u00e9hicules thermique<\/strong>s reste largement n\u00e9glig\u00e9, alors qu\u2019il repr\u00e9sente l\u2019enjeu le plus imm\u00e9diat. Sur <strong>LCI<\/strong>, <strong>Carlos Tavares<\/strong> a livr\u00e9 un message clair. <strong>L\u2019Europe doit retrouver le sens du pragmatisme<\/strong>. Sans cela, elle risque de perdre \u00e0 la fois sa comp\u00e9titivit\u00e9 et sa coh\u00e9sion sociale, \u00e0 cause des <strong>voitures \u00e9lectriques<\/strong>.<\/p>\n<p>La r\u00e9daction<\/p>\n<p><a title=\"Photos\" href=\" https:\/\/lesvoitures.fr\/photos\/\">Photos<\/a> : <a title=\"Stellantis\" href=\" https:\/\/lesvoitures.fr\/bourse\/stla.mi\/\">Stellantis<\/a> et LesVoitures.com<\/p>\n","protected":false},"excerpt":{"rendered":"Invit\u00e9 sur LCI, Carlos Tavares, ancien directeur g\u00e9n\u00e9ral de Stellantis, a livr\u00e9 une interview sans d\u00e9tour. Il y&hellip;\n","protected":false},"author":2,"featured_media":496578,"comment_status":"","ping_status":"","sticky":false,"template":"","format":"standard","meta":{"footnotes":""},"categories":[1586],"tags":[11,2360,16303,1777,674,1011,27,9109,12,25,61886],"class_list":{"0":"post-496577","1":"post","2":"type-post","3":"status-publish","4":"format-standard","5":"has-post-thumbnail","7":"category-europe","8":"tag-actualites","9":"tag-bruxelles","10":"tag-carlos-tavares","11":"tag-eu","12":"tag-europe","13":"tag-fr","14":"tag-france","15":"tag-lci","16":"tag-news","17":"tag-republique-francaise","18":"tag-tavares"},"share_on_mastodon":{"url":"https:\/\/pubeurope.com\/@fr\/115454706552186580","error":""},"_links":{"self":[{"href":"https:\/\/www.europesays.com\/fr\/wp-json\/wp\/v2\/posts\/496577","targetHints":{"allow":["GET"]}}],"collection":[{"href":"https:\/\/www.europesays.com\/fr\/wp-json\/wp\/v2\/posts"}],"about":[{"href":"https:\/\/www.europesays.com\/fr\/wp-json\/wp\/v2\/types\/post"}],"author":[{"embeddable":true,"href":"https:\/\/www.europesays.com\/fr\/wp-json\/wp\/v2\/users\/2"}],"replies":[{"embeddable":true,"href":"https:\/\/www.europesays.com\/fr\/wp-json\/wp\/v2\/comments?post=496577"}],"version-history":[{"count":0,"href":"https:\/\/www.europesays.com\/fr\/wp-json\/wp\/v2\/posts\/496577\/revisions"}],"wp:featuredmedia":[{"embeddable":true,"href":"https:\/\/www.europesays.com\/fr\/wp-json\/wp\/v2\/media\/496578"}],"wp:attachment":[{"href":"https:\/\/www.europesays.com\/fr\/wp-json\/wp\/v2\/media?parent=496577"}],"wp:term":[{"taxonomy":"category","embeddable":true,"href":"https:\/\/www.europesays.com\/fr\/wp-json\/wp\/v2\/categories?post=496577"},{"taxonomy":"post_tag","embeddable":true,"href":"https:\/\/www.europesays.com\/fr\/wp-json\/wp\/v2\/tags?post=496577"}],"curies":[{"name":"wp","href":"https:\/\/api.w.org\/{rel}","templated":true}]}}