{"id":496585,"date":"2025-10-29T00:53:14","date_gmt":"2025-10-29T00:53:14","guid":{"rendered":"https:\/\/www.europesays.com\/fr\/496585\/"},"modified":"2025-10-29T00:53:14","modified_gmt":"2025-10-29T00:53:14","slug":"golf-une-trump-dans-la-lpga","status":"publish","type":"post","link":"https:\/\/www.europesays.com\/fr\/496585\/","title":{"rendered":"Golf: une Trump dans la LPGA"},"content":{"rendered":"<p><strong>D\u00e9j\u00e0 bien pr\u00e9sent dans l\u2019univers du golf, le nom \u00abTrump\u00bb se faufilera sur un grand tableau du golf professionnel dans deux semaines, et pas pour des raisons honorifiques. La petite-fille du pr\u00e9sident am\u00e9ricain, Kai, a re\u00e7u une invitation sp\u00e9ciale du circuit de la LPGA afin de participer \u00e0 la Classique Annika Sorenstam, en Floride.<\/strong><\/p>\n<p class=\"toreadalso-fromEMP\"><strong>\u2022 \u00c0 lire aussi: <\/strong><a href=\"https:\/\/www.tvanouvelles.ca\/2025\/10\/28\/golf-boeuf-et-prix-nobel-voici-les-efforts-deployes-par-le-japon-pour-seduire-trump\" target=\"b6523b55-8006-47aa-9865-b8c4e385fb03\" rel=\"nofollow noopener\"><strong>Golf, b\u0153uf et prix Nobel: voici les efforts d\u00e9ploy\u00e9s par le Japon pour s\u00e9duire Trump<\/strong><\/a><br \/><strong>\u2022 \u00c0 lire aussi: <\/strong><a href=\"https:\/\/www.journaldemontreal.com\/2025\/10\/27\/visite-de-trump-au-japon-pick-ups-balles-de-golf-gaz-russe-et-investissements\" target=\"17829bc5-7169-4dc3-941d-83ff54ad669b\" rel=\"nofollow noopener\"><strong>Visite de Trump au Japon: pick-ups, balles de golf, gaz russe et investissements<\/strong><\/a><\/p>\n<p>Pendant qu\u2019une centaine de golfeuses poireautent dans l\u2019antichambre du meilleur circuit f\u00e9minin au monde ou se battent pour conserver leurs privil\u00e8ges, Kai Trump profite de son nom et de ses interactions sur les r\u00e9seaux sociaux pour obtenir une exemption du commanditaire.<\/p>\n<p>                <a class=\"fancybox\" rel=\"group nofollow noopener\" href=\"https:\/\/m1.quebecormedia.com\/emp\/emp\/Capture_d_e_cran_le_2025_10_28_a_16.58.40cb153be7-5ef4-4e16-95bf-ad951d971a85_ORIGINAL.jpg?impolicy=crop-resize&amp;x=0&amp;y=0&amp;w=1846&amp;h=942&amp;width=1400\" target=\"_blank\"><\/p>\n<p>                  <img decoding=\"async\"  src=\"https:\/\/www.europesays.com\/fr\/wp-content\/uploads\/2025\/10\/Capture_d_e_cran_le_2025_10_28_a_16.58.40cb153be7-5ef4-4e16-95bf-ad951d971a85_ORIGINAL.jpg\" class=\"story-img\" alt=\"\"\/><br \/>\n                <\/a><\/p>\n<p>                    PHOTO TIR\u00c9E DU COMPTE X DE KAI TRUMP<\/p>\n<p>\u00c2g\u00e9e de 18 ans, Trump termine pr\u00e9sentement ses \u00e9tudes au secondaire avant de rejoindre le programme de l\u2019Universit\u00e9 de Miami, o\u00f9 elle est entendue par l\u2019\u00e9quipe f\u00e9minine de golf.<\/p>\n<p>  <strong>Pas de taille<\/strong><\/p>\n<p>Sur les parcours, la petite-fille du pr\u00e9sident est loin d\u2019\u00eatre en mesure de se comparer aux Brooke Henderson, Nelly Korda, Jeeno Thitikul et autres meilleures golfeuses du monde qu\u2019elle affrontera durant minimalement deux rondes.<\/p>\n<p>Car \u00e0 l\u2019une de ses deux pr\u00e9sences en tournoi officiel sur le circuit junior du sud de la Floride cet \u00e9t\u00e9, elle a termin\u00e9 au 19e rang avec des cartes de 86 et de 74.<\/p>\n<p>En mars dernier, au grand championnat junior qui avait lieu au prestigieux parcours de Sage Valley en Caroline du Sud, elle a pris le 24e et dernier rang avec un pointage cumulatif de 52 coups au-dessus de la normale \u00e0 ses quatre rondes.<\/p>\n<p>Deux autres golfeuses plus aguerries, qui marquent le golf amateur universitaire aux \u00c9tats-Unis, ont aussi re\u00e7u une exemption.<\/p>\n<p>  <strong>Coup marketing<\/strong><\/p>\n<p>Il faut plut\u00f4t voir l\u2019invitation de Trump comme un coup marketing afin de mousser l\u2019int\u00e9r\u00eat d\u2019un tournoi \u00e0 ce temps-ci de l\u2019ann\u00e9e. En plein automne, la LPGA a d\u00e9cid\u00e9 d\u2019essuyer les critiques avec l\u2019int\u00e9r\u00eat que la jeune Trump g\u00e9n\u00e9rera au club de golf Pelican, \u00e0 Belleair, du 10 au 16 novembre prochain.<\/p>\n<p>La haute direction du circuit a nettement motiv\u00e9 sa d\u00e9cision par l\u2019impact de son invit\u00e9e dans le monde du golf plut\u00f4t que de mettre l\u2019accent sur ses r\u00e9sultats, qui ne sont nettement pas \u00e0 la hauteur du meilleur circuit f\u00e9minin au monde.<\/p>\n<p>                <a class=\"fancybox\" rel=\"group nofollow noopener\" href=\"https:\/\/m1.quebecormedia.com\/emp\/emp\/783c11a0-9bd4-11f0-bca2-fd8e30940b0a_ORIGINAL.jpg?impolicy=crop-resize&amp;x=0&amp;y=0&amp;w=4000&amp;h=2667&amp;width=1400\" target=\"_blank\"><\/p>\n<p>                  <img decoding=\"async\"  src=\"https:\/\/www.europesays.com\/fr\/wp-content\/uploads\/2025\/10\/783c11a0-9bd4-11f0-bca2-fd8e30940b0a_ORIGINAL.jpg\" class=\"story-img\" alt=\"\"\/><br \/>\n                <\/a><\/p>\n<p>                    MEGA\/WENN<\/p>\n<p>\u00abEn ayant la mission de d\u00e9velopper le golf au sein d\u2019une audience jeune et diversifi\u00e9e, Kai Trump compte plus de six millions d\u2019abonn\u00e9s sur les plateformes sociales, a \u00e9crit la LPGA dans un communiqu\u00e9. Elle a aussi r\u00e9cemment lanc\u00e9 sa propre marque de v\u00eatements ciblant les jeunes femmes dans le monde des sports.\u00bb<\/p>\n<p>  <strong>Vedette du web<\/strong><\/p>\n<p>\u00c9videmment, la jeune Trump a annonc\u00e9 la bonne nouvelle et l\u2019accomplissement de son r\u00eave sur ses comptes Instagram, TikTok et cie pour g\u00e9n\u00e9rer des r\u00e9actions \u00e0 travers ses quelque six millions d\u2019abonn\u00e9s. La vid\u00e9o o\u00f9 on la voit partager une ronde de golf avec son grand-p\u00e8re a g\u00e9n\u00e9r\u00e9 pr\u00e8s de 3,4 millions de visionnements depuis deux semaines.<\/p>\n<p>\u00c0 la fin septembre, <a href=\"https:\/\/www.journaldemontreal.com\/2025\/09\/24\/visite-de-donald-trump-a-la-coupe-ryder--des-mesures-de-securite-comme-a-laeroport\" target=\"_self\" rel=\"nofollow noopener\">ils s\u2019\u00e9taient \u00e9galement pr\u00e9sent\u00e9s \u00e0 Bethpage lors de la premi\u00e8re journ\u00e9e d\u2019action de la Coupe Ryder<\/a>.<\/p>\n<p>                <a class=\"fancybox\" rel=\"group nofollow noopener\" href=\"https:\/\/m1.quebecormedia.com\/emp\/emp\/13958bd0-9b1d-11f0-bca2-fd8e30940b0a_ORIGINAL.jpg?impolicy=crop-resize&amp;x=0&amp;y=0&amp;w=5000&amp;h=3333&amp;width=1400\" target=\"_blank\"><\/p>\n<p>                  <img decoding=\"async\"  src=\"https:\/\/www.europesays.com\/fr\/wp-content\/uploads\/2025\/10\/13958bd0-9b1d-11f0-bca2-fd8e30940b0a_ORIGINAL.jpg\" class=\"story-img\" alt=\"\"\/><br \/>\n                <\/a><\/p>\n<p>                    MEGA\/WENN<\/p>\n<p>Dans le calcul de la LPGA, il faut aussi voir les liens entre grand-papa et l\u2019une des golfeuses les plus marquantes du sport, Annika Sorenstam, qui est l\u2019h\u00f4te du tournoi en Floride. La femme de 55 ans a souvent fait des apparitions aux c\u00f4t\u00e9s du politicien.<\/p>\n<p>On se souvient aussi que lors de son premier terme, Trump avait honor\u00e9 la Su\u00e9doise \u00e0 la Maison-Blanche au lendemain de l\u2019assaut du Capitole en janvier 2021 afin de lui remettre la m\u00e9daille pr\u00e9sidentielle de la libert\u00e9.<\/p>\n<p>En reliant tous ces points, on comprend mieux pourquoi Kai Trump prendra le d\u00e9part avec l\u2019\u00e9lite du golf mondial.<\/p>\n","protected":false},"excerpt":{"rendered":"D\u00e9j\u00e0 bien pr\u00e9sent dans l\u2019univers du golf, le nom \u00abTrump\u00bb se faufilera sur un grand tableau du golf&hellip;\n","protected":false},"author":2,"featured_media":496586,"comment_status":"","ping_status":"","sticky":false,"template":"","format":"standard","meta":{"footnotes":""},"categories":[1418],"tags":[1011,27,1472,60],"class_list":{"0":"post-496585","1":"post","2":"type-post","3":"status-publish","4":"format-standard","5":"has-post-thumbnail","7":"category-golf","8":"tag-fr","9":"tag-france","10":"tag-golf","11":"tag-sports"},"share_on_mastodon":{"url":"https:\/\/pubeurope.com\/@fr\/115454726365553901","error":""},"_links":{"self":[{"href":"https:\/\/www.europesays.com\/fr\/wp-json\/wp\/v2\/posts\/496585","targetHints":{"allow":["GET"]}}],"collection":[{"href":"https:\/\/www.europesays.com\/fr\/wp-json\/wp\/v2\/posts"}],"about":[{"href":"https:\/\/www.europesays.com\/fr\/wp-json\/wp\/v2\/types\/post"}],"author":[{"embeddable":true,"href":"https:\/\/www.europesays.com\/fr\/wp-json\/wp\/v2\/users\/2"}],"replies":[{"embeddable":true,"href":"https:\/\/www.europesays.com\/fr\/wp-json\/wp\/v2\/comments?post=496585"}],"version-history":[{"count":0,"href":"https:\/\/www.europesays.com\/fr\/wp-json\/wp\/v2\/posts\/496585\/revisions"}],"wp:featuredmedia":[{"embeddable":true,"href":"https:\/\/www.europesays.com\/fr\/wp-json\/wp\/v2\/media\/496586"}],"wp:attachment":[{"href":"https:\/\/www.europesays.com\/fr\/wp-json\/wp\/v2\/media?parent=496585"}],"wp:term":[{"taxonomy":"category","embeddable":true,"href":"https:\/\/www.europesays.com\/fr\/wp-json\/wp\/v2\/categories?post=496585"},{"taxonomy":"post_tag","embeddable":true,"href":"https:\/\/www.europesays.com\/fr\/wp-json\/wp\/v2\/tags?post=496585"}],"curies":[{"name":"wp","href":"https:\/\/api.w.org\/{rel}","templated":true}]}}