{"id":496601,"date":"2025-10-29T01:08:15","date_gmt":"2025-10-29T01:08:15","guid":{"rendered":"https:\/\/www.europesays.com\/fr\/496601\/"},"modified":"2025-10-29T01:08:15","modified_gmt":"2025-10-29T01:08:15","slug":"la-cour-des-comptes-alerte-sur-les-failles-du-systeme-de-soins-et-appelle-a-un-nouveau-plan-national","status":"publish","type":"post","link":"https:\/\/www.europesays.com\/fr\/496601\/","title":{"rendered":"la Cour des comptes alerte sur les failles du syst\u00e8me de soins et appelle \u00e0 un nouveau plan national"},"content":{"rendered":"<p>    Le nombre d\u2019AVC devrait continuer d\u2019augmenter avec une hausse de 35 % d\u2019ici 2035.<br \/>\n                Peakstock \/ stock.adobe.com<\/p>\n<p>\n    <strong>D\u00c9CRYPTAGE &#8211; <\/strong>Pr\u00e8s de 160\u00a0000 Fran\u00e7ais sont victimes chaque ann\u00e9e d\u2019un accident vasculaire c\u00e9r\u00e9bral. Malgr\u00e9 des progr\u00e8s, la Cour des comptes estime que la pr\u00e9vention et la prise en charge demeurent in\u00e9gales et insuffisantes.<\/p>\n<p class=\"fig-paragraph\">Chaque ann\u00e9e, 160\u00a0000 personnes sont touch\u00e9es par un\u00a0<a href=\"https:\/\/sante.lefigaro.fr\/sante\/maladie\/accident-vasculaire-cerebral\/quelles-causes\" target=\"_blank\" data-fig-type=\"Keyword\" rel=\"sponsored noopener nofollow\" data-gtm-custom-categorie=\"navigation\" data-gtm-custom-action=\"crossclick\" data-gtm-custom-label=\"Contextuel\" data-gtm-event=\"customEventSPE\" data-fig-domain=\"SANTE\">accident vasculaire c\u00e9r\u00e9bral<\/a>\u00a0(AVC) en France. Premi\u00e8re cause de d\u00e9c\u00e8s chez les femmes et deuxi\u00e8me chez les hommes, l\u2019AVC reste un fl\u00e9au silencieux. Il survient lorsqu\u2019un vaisseau sanguin irriguant le cerveau se bouche, on parle alors d\u2019<a href=\"http:\/\/sante.lefigaro.fr\/medecine\/l-accident-ischemique-transitoire-ait-un-signal-precurseur-trop-souvent-ignore-d-avc-20250422\" data-fig-type=\"Article\" data-gtm-custom-categorie=\"navigation\" data-gtm-custom-action=\"crossclick\" data-gtm-custom-label=\"Contextuel\" data-gtm-event=\"customEventSPE\" data-fig-domain=\"SANTE\" rel=\"nofollow noopener\" target=\"_blank\">AVC isch\u00e9mique<\/a>, ou se rompt, provoquant une h\u00e9morragie c\u00e9r\u00e9brale. Dans les deux cas, la rapidit\u00e9 de la prise en charge est vitale et les cons\u00e9quences d\u2019un retard peuvent \u00eatre dramatiques\u00a0: paralysie, troubles du langage voire d\u00e9c\u00e8s. Avec\u00a0<a href=\"http:\/\/www.lefigaro.fr\/social\/la-france-comptera-700-000-seniors-de-plus-en-perte-d-autonomie-d-ici-2050-selon-l-insee-20251022\" data-fig-type=\"NewsFlash\" data-gtm-custom-categorie=\"navigation\" data-gtm-custom-action=\"crossclick\" data-gtm-custom-label=\"Contextuel\" data-gtm-event=\"customEventSPE\" data-fig-domain=\"LEFIGARO\" rel=\"nofollow noopener\" target=\"_blank\">le vieillissement de la population<\/a>, le nombre d\u2019AVC devrait continuer d\u2019augmenter avec une hausse de 35\u00a0% d\u2019ici 2035. Or la Cour des comptes, dans un rapport rendu public \u00e0 la veille de la Journ\u00e9e mondiale de l\u2019AVC, le 29 octobre, constate que les politiques publiques n\u2019ont pas suffisamment anticip\u00e9 l\u2019ampleur du probl\u00e8me\u00a0: \u00ab\u00a0M\u00eame si la pr\u00e9vention et la prise en charge des AVC se sont am\u00e9lior\u00e9es, elles rencontrent encore d\u2019importantes limites.\u00a0\u00bb<\/p>\n<p>Une pr\u00e9vention encore incompl\u00e8te<\/p>\n<p class=\"fig-paragraph\">Pour la Cour\u2026<\/p>\n<p class=\"fig-premium-paywall__infos\">\n        Cet article est r\u00e9serv\u00e9 aux abonn\u00e9s.        Il vous reste 85% \u00e0 d\u00e9couvrir.\n    <\/p>\n<p>                <img  data- alt=\"Le Figaro\" class=\"fig-img--complete fig-img\"\/><\/p>\n<p class=\"fig-premium-paywall__title\">Vous avez envie de lire la suite ?<\/p>\n<p class=\"fig-premium-paywall__subtitle\">D\u00e9bloquez tous les articles imm\u00e9diatement.<\/p>\n<p class=\"fig-premium-paywall__connect\">\n                D\u00e9j\u00e0 abonn\u00e9\u00a0?                <a class=\"fig-premium-paywall__connect-link\" href=\"https:\/\/connect.lefigaro.fr\/login?client=sante_web&amp;type=main&amp;redirect_uri=https%3A%2F%2Fsante.lefigaro.fr%2Fsocial%2Fsante-publique%2Favc-la-cour-des-comptes-alerte-sur-les-failles-du-systeme-de-soins-et-appelle-a-un-nouveau-plan-national-20251028\" data-js-gtm=\"{&quot;customCategorie&quot;: &quot;conversion&quot;, &quot;customAction&quot;: &quot;before_Landing_Connexion_paywall_auto&quot;, &quot;customLabel&quot;: &quot;c2FudGUubGVmaWdhcm8uZnJfXzFmMGI0MjllLWVhNTYtNjE3Ni05YmM3LTk3MzBmZTFlNGMyNV9fQXJ0aWNsZQ==_AVC\u00a0: la Cour des comptes alerte sur les failles du syst\u00e8me de soins et appelle \u00e0 un nouveau plan national_10&quot;, &quot;customIDSPE&quot;: &quot;c2FudGUubGVmaWdhcm8uZnJfXzFmMGI0MjllLWVhNTYtNjE3Ni05YmM3LTk3MzBmZTFlNGMyNV9fQXJ0aWNsZQ==&quot;, &quot;event&quot;: &quot;customEventSPE&quot;}\" rel=\"nofollow noopener\" target=\"_blank\"><br \/>\n                    Connectez-vous<br \/>\n                <\/a>\n            <\/p>\n","protected":false},"excerpt":{"rendered":"Le nombre d\u2019AVC devrait continuer d\u2019augmenter avec une hausse de 35 % d\u2019ici 2035. Peakstock \/ stock.adobe.com D\u00c9CRYPTAGE&hellip;\n","protected":false},"author":2,"featured_media":496602,"comment_status":"","ping_status":"","sticky":false,"template":"","format":"standard","meta":{"footnotes":""},"categories":[10],"tags":[49619,1011,27,72,71],"class_list":{"0":"post-496601","1":"post","2":"type-post","3":"status-publish","4":"format-standard","5":"has-post-thumbnail","7":"category-sante","8":"tag-accident-vasculaire-cerebral-avc","9":"tag-fr","10":"tag-france","11":"tag-health","12":"tag-sante"},"share_on_mastodon":{"url":"https:\/\/pubeurope.com\/@fr\/115454784563540930","error":""},"_links":{"self":[{"href":"https:\/\/www.europesays.com\/fr\/wp-json\/wp\/v2\/posts\/496601","targetHints":{"allow":["GET"]}}],"collection":[{"href":"https:\/\/www.europesays.com\/fr\/wp-json\/wp\/v2\/posts"}],"about":[{"href":"https:\/\/www.europesays.com\/fr\/wp-json\/wp\/v2\/types\/post"}],"author":[{"embeddable":true,"href":"https:\/\/www.europesays.com\/fr\/wp-json\/wp\/v2\/users\/2"}],"replies":[{"embeddable":true,"href":"https:\/\/www.europesays.com\/fr\/wp-json\/wp\/v2\/comments?post=496601"}],"version-history":[{"count":0,"href":"https:\/\/www.europesays.com\/fr\/wp-json\/wp\/v2\/posts\/496601\/revisions"}],"wp:featuredmedia":[{"embeddable":true,"href":"https:\/\/www.europesays.com\/fr\/wp-json\/wp\/v2\/media\/496602"}],"wp:attachment":[{"href":"https:\/\/www.europesays.com\/fr\/wp-json\/wp\/v2\/media?parent=496601"}],"wp:term":[{"taxonomy":"category","embeddable":true,"href":"https:\/\/www.europesays.com\/fr\/wp-json\/wp\/v2\/categories?post=496601"},{"taxonomy":"post_tag","embeddable":true,"href":"https:\/\/www.europesays.com\/fr\/wp-json\/wp\/v2\/tags?post=496601"}],"curies":[{"name":"wp","href":"https:\/\/api.w.org\/{rel}","templated":true}]}}