{"id":496605,"date":"2025-10-29T01:10:11","date_gmt":"2025-10-29T01:10:11","guid":{"rendered":"https:\/\/www.europesays.com\/fr\/496605\/"},"modified":"2025-10-29T01:10:11","modified_gmt":"2025-10-29T01:10:11","slug":"jordan-de-luxe-et-polska-un-bebe-en-route-et-ce-nest-pas-une-vanne-je-vous-jure-que-cest-vrai","status":"publish","type":"post","link":"https:\/\/www.europesays.com\/fr\/496605\/","title":{"rendered":"Jordan de Luxe et Polska, un b\u00e9b\u00e9 en route et ce n&rsquo;est pas une vanne : \u00ab\u00a0je vous jure que c&rsquo;est vrai\u00a0\u00bb"},"content":{"rendered":"<p>      R\u00e9sum\u00e9<\/p>\n<p>Jordan de Luxe et Polska ont annonc\u00e9 leur projet de concevoir un enfant ensemble, pr\u00e9cisant vouloir passer par une ins\u00e9mination et ayant d\u00e9j\u00e0 choisi pr\u00e9noms et parrains.<\/p>\n<p>        Sommaire<\/p>\n<p><strong>Polska bient\u00f4t maman<\/strong> d\u2019un petit gar\u00e7on ou d\u2019une petite fille, fruit de son amour avec <a href=\"https:\/\/vsd.fr\/tag\/jordan-de-luxe\/\" rel=\"nofollow noopener\" target=\"_blank\">Jordan de Luxe<\/a> ? Aussi surprenant que cela puisse para\u00eetre, cela pourrait bel et bien se produire. C\u2019est en tout cas ce qu\u2019ont indiqu\u00e9 les principaux int\u00e9ress\u00e9s ce mardi 28 octobre 2025.<\/p>\n<p>Sur <strong><a href=\"https:\/\/www.public.fr\/tag\/tout-beau-tout-9\" rel=\"nofollow noopener\" target=\"_blank\">\u00ab\u00a0TBT9\u00a0\u00bb<\/a><\/strong>, <a href=\"https:\/\/www.public.fr\/tag\/cyril-hanouna\" rel=\"nofollow noopener\" target=\"_blank\">Cyril Hanouna<\/a> a en effet interpell\u00e9 ses deux chroniqueurs au sujet de ce projet fou. Alors qu\u2019il recevait le journaliste sportif de RMC et compagnon de <a href=\"https:\/\/www.public.fr\/tag\/geraldine-maillet\" rel=\"nofollow noopener\" target=\"_blank\">G\u00e9raldine Maillet,<\/a> Daniel Riolo, l\u2019animateur a annonc\u00e9 que les deux membres de son \u00e9quipe avaient un projet \u00ab\u00a0improbable\u00a0\u00bb en pr\u00e9paration.\u00a0<\/p>\n<p>Polska et Jordan de Luxe, un b\u00e9b\u00e9 en route ? <\/p>\n<p><strong>\u00ab\u00a0Polska et Jordan veulent faire un enfant ensemble\u00a0\u00bb<\/strong>, a en effet annonc\u00e9 l\u2019animateur qui n\u2019a pas manqu\u00e9 de surprendre le plateau. Face \u00e0 la surprise de Val\u00e9rie Bena\u00efm, Matthieu Delormeau, ou encore G\u00e9raldine Maillet, \u00ab\u00a0Baba\u00a0\u00bb a confirm\u00e9 : \u00ab\u00a0Je vous jure que c\u2019est vrai\u00a0\u00bb.<\/p>\n<p>\u00ab\u00a0<strong>Ce n\u2019est pas une vanne, c\u2019est un vrai projet<\/strong>, je le dis aux t\u00e9l\u00e9spectateurs, Jordan et Polska veulent avoir un enfant ensemble\u00a0\u00bb, a martel\u00e9 Cyril Hanouna. Ne parvenant pas \u00e0 y croire, Matthieu Delormeau a alors tacl\u00e9 : \u00ab\u00a0Ce n\u2019est pas un projet, c\u2019est un drame\u00a0\u00bb.<\/p>\n<p>Hilare, Cyril Hanouna a confirm\u00e9 que Jordan de Luxe et Polska comptaient bel et bien concevoir un enfant : \u00ab\u00a0Je vous jure que c\u2019est vrai\u00a0\u00bb. Jordan De Luxe et Polska ont confirm\u00e9 l\u2019information et ont pr\u00e9cis\u00e9 qu\u2019ils allaient se renseigner pour trouver un \u00ab\u00a0ins\u00e9minateur\u00a0\u00bb. Plus pr\u00e9cis\u00e9ment, que la chroniqueuse avait pour projet de se faire ins\u00e9miner.<\/p>\n<p>Les parrains et marraines d\u00e9j\u00e0 trouv\u00e9s<\/p>\n<p>Il ne s\u2019agirait pas d\u2019une blague \u00e0 en croire les deux chroniqueurs. Ces derniers auraient m\u00eame, d\u2019ores et d\u00e9j\u00e0, trouv\u00e9 les pr\u00e9noms de leur futur enfant. <strong>\u00ab\u00a0Si c\u2019est une fille ce sera Esther, et si c\u2019est un gar\u00e7on ce sera Cyril\u00a0\u00bb<\/strong>, a confi\u00e9 Jordan De Luxe. Ce dernier pr\u00e9cisant que les pr\u00e9noms ne seraient pas choisis au hasard.<\/p>\n<p>En effet, <strong>Esther en r\u00e9f\u00e9rence \u00e0 la m\u00e8re de Cyril Hanouna et Cyril, en r\u00e9f\u00e9rence \u00e0 l\u2019animateur<\/strong>, sans surprise. En ce qui concerne les parrains et marraines, une fois encore, Jordan de Luxe et Polska auraient d\u00e9j\u00e0 choisi.<\/p>\n<p>Ils opteraient pour <strong><a href=\"https:\/\/www.public.fr\/tag\/nicolas-sarkozy\" rel=\"nofollow noopener\" target=\"_blank\">Nicolas Sarkozy<\/a> en tant que parrain et Afida Turner en tant que marraine<\/strong>. L\u2019occasion pour Cyril Hanouna de rappeler que l\u2019ancien Pr\u00e9sident de la R\u00e9publique avait \u00ab\u00a0quelques probl\u00e8mes\u00a0\u00bb en ce moment depuis son incarc\u00e9ration et avait mieux \u00e0 faire. \u00a0<\/p>\n<p>\n          Hits &amp; People en continu\n        <\/p>\n<p>\n          Public Radio\n        <\/p>\n<p>      Mentionn\u00e9s dans cet article<\/p>\n<p>      Sur le m\u00eame sujet<\/p>\n","protected":false},"excerpt":{"rendered":"R\u00e9sum\u00e9 Jordan de Luxe et Polska ont annonc\u00e9 leur projet de concevoir un enfant ensemble, pr\u00e9cisant vouloir passer&hellip;\n","protected":false},"author":2,"featured_media":496606,"comment_status":"","ping_status":"","sticky":false,"template":"","format":"standard","meta":{"footnotes":""},"categories":[8],"tags":[1083,58,59,1011,27,4829,22496,22498,22497],"class_list":{"0":"post-496605","1":"post","2":"type-post","3":"status-publish","4":"format-standard","5":"has-post-thumbnail","7":"category-divertissement","8":"tag-cyril-hanouna","9":"tag-divertissement","10":"tag-entertainment","11":"tag-fr","12":"tag-france","13":"tag-jordan-de-luxe","14":"tag-polska","15":"tag-tout-9-tbt9","16":"tag-tout-beau"},"share_on_mastodon":{"url":"https:\/\/pubeurope.com\/@fr\/115454792429341162","error":""},"_links":{"self":[{"href":"https:\/\/www.europesays.com\/fr\/wp-json\/wp\/v2\/posts\/496605","targetHints":{"allow":["GET"]}}],"collection":[{"href":"https:\/\/www.europesays.com\/fr\/wp-json\/wp\/v2\/posts"}],"about":[{"href":"https:\/\/www.europesays.com\/fr\/wp-json\/wp\/v2\/types\/post"}],"author":[{"embeddable":true,"href":"https:\/\/www.europesays.com\/fr\/wp-json\/wp\/v2\/users\/2"}],"replies":[{"embeddable":true,"href":"https:\/\/www.europesays.com\/fr\/wp-json\/wp\/v2\/comments?post=496605"}],"version-history":[{"count":0,"href":"https:\/\/www.europesays.com\/fr\/wp-json\/wp\/v2\/posts\/496605\/revisions"}],"wp:featuredmedia":[{"embeddable":true,"href":"https:\/\/www.europesays.com\/fr\/wp-json\/wp\/v2\/media\/496606"}],"wp:attachment":[{"href":"https:\/\/www.europesays.com\/fr\/wp-json\/wp\/v2\/media?parent=496605"}],"wp:term":[{"taxonomy":"category","embeddable":true,"href":"https:\/\/www.europesays.com\/fr\/wp-json\/wp\/v2\/categories?post=496605"},{"taxonomy":"post_tag","embeddable":true,"href":"https:\/\/www.europesays.com\/fr\/wp-json\/wp\/v2\/tags?post=496605"}],"curies":[{"name":"wp","href":"https:\/\/api.w.org\/{rel}","templated":true}]}}