{"id":496611,"date":"2025-10-29T01:13:12","date_gmt":"2025-10-29T01:13:12","guid":{"rendered":"https:\/\/www.europesays.com\/fr\/496611\/"},"modified":"2025-10-29T01:13:12","modified_gmt":"2025-10-29T01:13:12","slug":"pourquoi-la-presse-et-les-analystes-se-sont-encore-trompes","status":"publish","type":"post","link":"https:\/\/www.europesays.com\/fr\/496611\/","title":{"rendered":"pourquoi la presse et les analystes se sont encore tromp\u00e9s\u00bb"},"content":{"rendered":"<p>\n    <strong>TRIBUNE &#8211;\u00a0<\/strong> Contre tous les pronostics, le pr\u00e9sident argentin a remport\u00e9 une large victoire aux \u00e9lections de mi-mandat, ce dimanche. Celle-ci est le fruit du succ\u00e8s de sa politique \u00e9conomique et traduit un rejet net pour une gauche qui a conduit le pays \u00e0 la faillite et \u00e0 la mis\u00e8re, analysent l\u2019avocat et le d\u00e9put\u00e9 argentin*.<\/p>\n<p class=\"fig-paragraph\">* Santiago Santurio est d\u00e9put\u00e9 argentin de La\u00a0Libertad Avanza et Santiago Muzio est directeur de la Maison de l\u2019Argentine \u00e0 Paris.<\/p>\n<p class=\"fig-paragraph\">La Libertad Avanza, le parti de Javier Milei, a remport\u00e9 dimanche soir\u00a0<a href=\"http:\/\/www.lefigaro.fr\/international\/en-argentine-javier-milei-conforte-par-un-triomphe-electoral-inattendu-20251027\" target=\"_blank\" data-fig-type=\"Article\" rel=\"noopener nofollow\" data-gtm-custom-categorie=\"navigation\" data-gtm-custom-action=\"crossclick\" data-gtm-custom-label=\"Contextuel\" data-gtm-event=\"customEventSPE\" data-fig-domain=\"LEFIGARO\">une victoire \u00e9crasante lors des \u00e9lections l\u00e9gislatives<\/a>\u00a0partielles en Argentine en obtenant pr\u00e8s de 41\u00a0% des si\u00e8ges sur les 127 mis en jeu (le Parlement argentin se renouvelle par moiti\u00e9 tous les deux ans).<\/p>\n<p class=\"fig-paragraph\">\u00c0 l\u2019instar de l\u2019\u00e9lection de novembre 2023, la grande majorit\u00e9 de la presse et des analystes politiques\u00a0<a href=\"http:\/\/www.lefigaro.fr\/international\/argentine-la-credibilite-de-javier-milei-mise-a-l-epreuve-par-un-scrutin-de-mi-mandat-20251024\" target=\"_blank\" data-fig-type=\"Article\" rel=\"noopener nofollow\" data-gtm-custom-categorie=\"navigation\" data-gtm-custom-action=\"crossclick\" data-gtm-custom-label=\"Contextuel\" data-gtm-event=\"customEventSPE\" data-fig-domain=\"LEFIGARO\">avaient pronostiqu\u00e9 une d\u00e9faite<\/a>. Pourtant, Milei a encore gagn\u00e9.<\/p>\n<p class=\"fig-paragraph\">Ces \u00e9lections \u00e9taient cruciales. Le programme de Javier Milei est fond\u00e9 sur trois piliers\u00a0: la d\u00e9fense de la vie, de la libert\u00e9 et de la propri\u00e9t\u00e9. Il veut redonner aux Argentins ce qui leur a \u00e9t\u00e9 confisqu\u00e9 par une caste politico-m\u00e9diatique qui a gouvern\u00e9 le pays pendant des d\u00e9cennies.<\/p>\n<p class=\"fig-paragraph\">Pour diminuer le poids de l\u2019\u00c9tat sur les \u00e9paules des citoyens, le pr\u00e9sident Milei a \u00e9tabli une r\u00e8gle d\u2019or frapp\u00e9e au coin du bon sens&amp;nbsp\u2026<\/p>\n<p class=\"fig-premium-paywall__infos\">\n        Cet article est r\u00e9serv\u00e9 aux abonn\u00e9s.        Il vous reste 84% \u00e0 d\u00e9couvrir.\n    <\/p>\n<p>                <img  data- alt=\"Le Figaro\" class=\"fig-img--complete fig-img\"\/><\/p>\n<p class=\"fig-premium-paywall__title\">Vous avez envie de lire la suite ?<\/p>\n<p class=\"fig-premium-paywall__subtitle\">D\u00e9bloquez tous les articles imm\u00e9diatement.<\/p>\n<p class=\"fig-premium-paywall__connect\">\n                D\u00e9j\u00e0 abonn\u00e9\u00a0?                <a class=\"fig-premium-paywall__connect-link\" href=\"https:\/\/connect.lefigaro.fr\/login?client=horizon_web&amp;type=main&amp;redirect_uri=https%3A%2F%2Fwww.lefigaro.fr%2Fvox%2Fmonde%2Fvictoire-de-javier-milei-pourquoi-la-presse-et-les-analystes-se-sont-encore-trompes-20251028\" data-js-gtm=\"{&quot;customCategorie&quot;: &quot;conversion&quot;, &quot;customAction&quot;: &quot;before_Landing_Connexion_paywall_auto&quot;, &quot;customLabel&quot;: &quot;bGVmaWdhcm8uZnJfXzFmMGIzZTI2LTc1YTYtNjY5YS04OWExLWJiZWI3ZTJjMmVlNF9fQXJ0aWNsZQ==_\u00abVictoire de Javier Milei\u00a0: pourquoi la presse et les analystes se sont encore tromp\u00e9s\u00bb_136&quot;, &quot;customIDSPE&quot;: &quot;bGVmaWdhcm8uZnJfXzFmMGIzZTI2LTc1YTYtNjY5YS04OWExLWJiZWI3ZTJjMmVlNF9fQXJ0aWNsZQ==&quot;, &quot;event&quot;: &quot;customEventSPE&quot;}\" rel=\"nofollow noopener\" target=\"_blank\"><br \/>\n                    Connectez-vous<br \/>\n                <\/a>\n            <\/p>\n","protected":false},"excerpt":{"rendered":"TRIBUNE &#8211;\u00a0 Contre tous les pronostics, le pr\u00e9sident argentin a remport\u00e9 une large victoire aux \u00e9lections de mi-mandat,&hellip;\n","protected":false},"author":2,"featured_media":496612,"comment_status":"","ping_status":"","sticky":false,"template":"","format":"standard","meta":{"footnotes":""},"categories":[5],"tags":[11,6715,1011,27,14,5924,38033,12,28],"class_list":{"0":"post-496611","1":"post","2":"type-post","3":"status-publish","4":"format-standard","5":"has-post-thumbnail","7":"category-international","8":"tag-actualites","9":"tag-argentine","10":"tag-fr","11":"tag-france","12":"tag-international","13":"tag-javier-milei","14":"tag-liberalisme","15":"tag-news","16":"tag-world"},"share_on_mastodon":{"url":"https:\/\/pubeurope.com\/@fr\/115454804269215497","error":""},"_links":{"self":[{"href":"https:\/\/www.europesays.com\/fr\/wp-json\/wp\/v2\/posts\/496611","targetHints":{"allow":["GET"]}}],"collection":[{"href":"https:\/\/www.europesays.com\/fr\/wp-json\/wp\/v2\/posts"}],"about":[{"href":"https:\/\/www.europesays.com\/fr\/wp-json\/wp\/v2\/types\/post"}],"author":[{"embeddable":true,"href":"https:\/\/www.europesays.com\/fr\/wp-json\/wp\/v2\/users\/2"}],"replies":[{"embeddable":true,"href":"https:\/\/www.europesays.com\/fr\/wp-json\/wp\/v2\/comments?post=496611"}],"version-history":[{"count":0,"href":"https:\/\/www.europesays.com\/fr\/wp-json\/wp\/v2\/posts\/496611\/revisions"}],"wp:featuredmedia":[{"embeddable":true,"href":"https:\/\/www.europesays.com\/fr\/wp-json\/wp\/v2\/media\/496612"}],"wp:attachment":[{"href":"https:\/\/www.europesays.com\/fr\/wp-json\/wp\/v2\/media?parent=496611"}],"wp:term":[{"taxonomy":"category","embeddable":true,"href":"https:\/\/www.europesays.com\/fr\/wp-json\/wp\/v2\/categories?post=496611"},{"taxonomy":"post_tag","embeddable":true,"href":"https:\/\/www.europesays.com\/fr\/wp-json\/wp\/v2\/tags?post=496611"}],"curies":[{"name":"wp","href":"https:\/\/api.w.org\/{rel}","templated":true}]}}