{"id":496631,"date":"2025-10-29T01:29:29","date_gmt":"2025-10-29T01:29:29","guid":{"rendered":"https:\/\/www.europesays.com\/fr\/496631\/"},"modified":"2025-10-29T01:29:29","modified_gmt":"2025-10-29T01:29:29","slug":"fete-de-la-soupe-salon-du-chocolat-cantine-ephemere-six-sorties-a-ne-pas-manquer-en","status":"publish","type":"post","link":"https:\/\/www.europesays.com\/fr\/496631\/","title":{"rendered":"F\u00eate de la soupe, salon du chocolat, cantine \u00e9ph\u00e9m\u00e8re\u2026 Six sorties \u00e0 ne pas manquer en"},"content":{"rendered":"<p>Pour vous r\u00e9chauffer en ce mois de novembre qui arrive, \u00ab\u00a0Bretons en Cuisine\u00a0\u00bb vous invite \u00e0 une f\u00eate de la soupe, un salon des vins ou m\u00eame du chocolat pour les plus gourmands. Voici notre s\u00e9lection de six sorties cuisine \u00e0 ne pas manquer en Bretagne.<\/p>\n<p>Plut\u00f4t salon des vins ou salon du chocolat\u00a0? Cantine \u00e9ph\u00e9m\u00e8re et conviviale ou quiz entre amis sur la gastronomie\u00a0? En Bretagne, il y a de quoi se r\u00e9galer en ce mois de novembre. Voici six sorties s\u00e9lectionn\u00e9es par  <a rel=\"noopener nofollow\" target=\"_blank\" href=\"https:\/\/www.ouest-france.fr\/le-mag\/cuisine\/bretons-en-cuisine\/\">Bretons en Cuisine.<\/a> <\/p>\n<p>1. Salon des vins \u00e0 Rennes<\/p>\n<p>D\u00e8s le premier week-end de novembre, le salon Aux Vignobles\u00a0! fait \u00e9tape \u00e0 Renne. Pour cette 37e \u00e9dition de l\u2019\u00e9v\u00e9nement, 330\u00a0artisans et producteurs venus de toute la France donnent rendez-vous aux gourmands, gourmets ou simples curieux.<\/p>\n<p><strong>Du vendredi 31\u00a0octobre au lundi 3\u00a0novembre,<\/strong> Rennes Parc-Expo, La Haie Gautrais, \u00e0 Bruz (Ille-et-Vilaine). Vendredi et samedi, de 10\u00a0h \u00e0 20\u00a0h\u00a0; dimanche, de 10\u00a0h \u00e0 19\u00a0h\u00a0; lundi, de 10\u00a0h \u00e0 17\u00a0h. Tarif\u00a0: 5\u00a0\u20ac sur place (+\u00a02\u00a0\u20ac le verre de d\u00e9gustation), gratuit pour les moins de 18\u00a0ans. <a rel=\"noopener nofollow\" target=\"_blank\" href=\"https:\/\/evenements.auxvignobles.fr\/rennes\/\">evenements.auxvignobles.fr\/rennes<\/a><\/p>\n<p>2. Cantine \u00e9ph\u00e9m\u00e8re \u00e0 Rennes<\/p>\n<p>Si vous avez envie de partager un repas joyeux, pr\u00e9par\u00e9 avec des produits locaux et de saison, ce d\u00e9jeuner est fait pour vous. L\u2019association Les Petites Cantines Rennes et la maison du Jeu de Paume organisent un d\u00e9jeuner participatif, \u00e0 prix libre. Si vous avez envie, de mettre la main \u00e0 la p\u00e2te, inscrivez-vous pour cuisiner, et si vous pr\u00e9f\u00e9rez simplement manger\u2026 R\u00e9servez votre place pour le d\u00e9jeuner\u00a0!<\/p>\n<p><strong>Samedi 8\u00a0novembre,<\/strong> au Jeu de Paume (salle P\u00e9lican), 12,\u00a0rue Saint-Louis dans le centre-ville de Rennes (Ille-et-Vilaine). Cuisine \u00e0 partir de 9\u00a0h\u00a030 (15\u00a0places disponibles). Repas vers 12\u00a0h\u00a030 (50\u00a0places disponibles). Inscriptions\u00a0: contact@jeudepaumerennes.fr, t\u00e9l.\u00a002\u00a021\u00a002\u00a022\u00a040. Prix libre.<\/p>\n<p>3. Le salon du chocolat \u00e0 Vannes<\/p>\n<p>Vous aimez beaucoup le chocolat\u00a0? Alors rendez-vous au Salon du chocolat, de la p\u00e2tisserie et de la boulangerie. Cent exposants viennent de toute la France pour pr\u00e9senter leurs cr\u00e9ations artisanales. Des concours animeront le week-end, ainsi que le fameux d\u00e9fil\u00e9 du chocolat, qui donne \u00e0 voir les robes en chocolat cr\u00e9\u00e9es par des chocolatiers et couturiers lors de trois d\u00e9fil\u00e9s par jour. Cette ann\u00e9e, l\u2019\u00c9quateur est le pays invit\u00e9 d\u2019honneur.<\/p>\n<p><strong>Du samedi\u00a08 au mardi 11\u00a0novembre,<\/strong> parc des expositions &#8211; Chorus Vannes, parc du Golfe, 8,\u00a0rue Daniel-Gilard, \u00e0 Vannes (Morbihan). Tarif\u00a0: 6\u00a0\u20ac en pr\u00e9vente, 7\u00a0\u20ac sur place. Gratuit pour les enfants de 8\u00a0ans et moins. Samedi, dimanche et lundi de 10\u00a0h \u00e0 19\u00a0h, mardi de 10\u00a0h \u00e0 18\u00a0h. <a rel=\"noopener nofollow\" target=\"_blank\" href=\"https:\/\/www.salon-chocolat-patisserie.fr\/\">salon-chocolat-patisserie.fr<\/a><\/p>\n<p>4. La F\u00eate de la soupe \u00e0 La Gacilly<\/p>\n<p>Ambiance chaleureuse et marmites fumantes garanties \u00e0 La Gacilly, dans le Morbihan\u00a0! Cette f\u00eate conviviale met \u00e0 l\u2019honneur la soupe sous toutes ses formes\u00a0: traditionnelles, \u00e9pic\u00e9es, v\u00e9g\u00e9tales ou sucr\u00e9es\u2026 Les restaurateurs, associations et amateurs rivalisent de cr\u00e9ativit\u00e9 pour organiser, chaque ann\u00e9e, cet \u00e9v\u00e9nement gourmand et festif, parfait pour r\u00e9chauffer l\u2019hiver. On y vient pour go\u00fbter, mais aussi pour voter pour sa soupe pr\u00e9f\u00e9r\u00e9e et pourquoi pas, repartir avec de belles id\u00e9es de recettes de saison.<\/p>\n<p><strong>Dimanche 30\u00a0novembre,<\/strong> de 11\u00a0h \u00e0 17\u00a0h, dans le centre-ville de La Gacilly (Morbihan). Entr\u00e9e libre. <a rel=\"noopener nofollow\" target=\"_blank\" href=\"https:\/\/www.facebook.com\/fetedelasoupelagacilly\">www.facebook.com\/fetedelasoupelagacilly<\/a><\/p>\n<p>5. Salon de la gastronomie \u00e0 Vannes<\/p>\n<p>C\u2019est reparti pour le salon de la gastronomie et des arts culinaires \u00e0 Vannes. Au programme, toujours de nombreux exposants, des concours et d\u00e9monstrations de boucherie, d\u2019\u0153nologie, des cours de cuisine\u2026 Et pour la premi\u00e8re fois, la boulangerie sera pr\u00e9sente avec des d\u00e9monstrations et concours professionnels.<\/p>\n<p><strong>Du samedi 29\u00a0novembre au lundi 1er\u00a0d\u00e9cembre, <\/strong>parc des expositions &#8211; Chorus Vannes, parc du Golfe, 8,\u00a0rue Daniel-Gilard, \u00e0 Vannes (Morbihan). Tarif\u00a0: 5\u00a0\u20ac, gratuit pour les moins de 12\u00a0ans. Samedi et dimanche de 10\u00a0h \u00e0 19\u00a0h, lundi de 10\u00a0h \u00e0 18\u00a0h. <a rel=\"noopener nofollow\" target=\"_blank\" href=\"https:\/\/www.saga-vannes.fr\/\">saga-vannes.fr<\/a><\/p>\n<p>\u00a0<\/p>\n<p>\u00a0<\/p>\n<p>\u00a0<\/p>\n<p>6. Le Quiz bouffe<\/p>\n<p>\u00cates-vous incollable sur les fromages, les sp\u00e9cialit\u00e9s bretonnes ou les grands chefs\u00a0? Le Quiz bouffe vous d\u00e9fie autour de questions croustillantes sur la cuisine, le go\u00fbt, les cultures gastronomiques et les recettes cultes\u00a0! Entre amis ou en famille, installez-vous dans une salle immersive et buzzez au bon moment pour remporter la partie.<\/p>\n<p><strong>Quiz bouffe.<\/strong> Plusieurs lieux \u00e0 Brest, Lorient, Rennes, Saint-Brieuc et Vannes. Entre 20\u00a0\u20ac et 24\u00a0\u20ac pour une heure de jeu, selon le nombre de joueurs. Infos et r\u00e9servations\u00a0: <a rel=\"noopener nofollow\" target=\"_blank\" href=\"https:\/\/www.quiz-room.com\/quiz-special\/bouffe\">quiz-room.com\/quiz-special\/bouffe<\/a><\/p>\n<p>\u00a0<\/p>\n","protected":false},"excerpt":{"rendered":"Pour vous r\u00e9chauffer en ce mois de novembre qui arrive, \u00ab\u00a0Bretons en Cuisine\u00a0\u00bb vous invite \u00e0 une f\u00eate&hellip;\n","protected":false},"author":2,"featured_media":496632,"comment_status":"","ping_status":"","sticky":false,"template":"","format":"standard","meta":{"footnotes":""},"categories":[2821],"tags":[1111,11,829,20695,7334,11645,1777,674,4768,1011,27,14342,12,24649,584,25,6290,1669,57243],"class_list":{"0":"post-496631","1":"post","2":"type-post","3":"status-publish","4":"format-standard","5":"has-post-thumbnail","7":"category-rennes","8":"tag-actu","9":"tag-actualites","10":"tag-bretagne","11":"tag-cantine","12":"tag-chocolat","13":"tag-ephemere","14":"tag-eu","15":"tag-europe","16":"tag-fete","17":"tag-fr","18":"tag-france","19":"tag-manquer","20":"tag-news","21":"tag-novembre","22":"tag-rennes","23":"tag-republique-francaise","24":"tag-salon","25":"tag-sorties","26":"tag-soupe"},"share_on_mastodon":{"url":"https:\/\/pubeurope.com\/@fr\/115454867130474374","error":""},"_links":{"self":[{"href":"https:\/\/www.europesays.com\/fr\/wp-json\/wp\/v2\/posts\/496631","targetHints":{"allow":["GET"]}}],"collection":[{"href":"https:\/\/www.europesays.com\/fr\/wp-json\/wp\/v2\/posts"}],"about":[{"href":"https:\/\/www.europesays.com\/fr\/wp-json\/wp\/v2\/types\/post"}],"author":[{"embeddable":true,"href":"https:\/\/www.europesays.com\/fr\/wp-json\/wp\/v2\/users\/2"}],"replies":[{"embeddable":true,"href":"https:\/\/www.europesays.com\/fr\/wp-json\/wp\/v2\/comments?post=496631"}],"version-history":[{"count":0,"href":"https:\/\/www.europesays.com\/fr\/wp-json\/wp\/v2\/posts\/496631\/revisions"}],"wp:featuredmedia":[{"embeddable":true,"href":"https:\/\/www.europesays.com\/fr\/wp-json\/wp\/v2\/media\/496632"}],"wp:attachment":[{"href":"https:\/\/www.europesays.com\/fr\/wp-json\/wp\/v2\/media?parent=496631"}],"wp:term":[{"taxonomy":"category","embeddable":true,"href":"https:\/\/www.europesays.com\/fr\/wp-json\/wp\/v2\/categories?post=496631"},{"taxonomy":"post_tag","embeddable":true,"href":"https:\/\/www.europesays.com\/fr\/wp-json\/wp\/v2\/tags?post=496631"}],"curies":[{"name":"wp","href":"https:\/\/api.w.org\/{rel}","templated":true}]}}