{"id":496633,"date":"2025-10-29T01:30:44","date_gmt":"2025-10-29T01:30:44","guid":{"rendered":"https:\/\/www.europesays.com\/fr\/496633\/"},"modified":"2025-10-29T01:30:44","modified_gmt":"2025-10-29T01:30:44","slug":"toulouse-rennes-a-quelle-heure-et-sur-quelle-chaine-voir-le-match-ligue-1","status":"publish","type":"post","link":"https:\/\/www.europesays.com\/fr\/496633\/","title":{"rendered":"Toulouse &#8211; Rennes : \u00e0 quelle heure et sur quelle cha\u00eene voir le match ? \u2013 Ligue 1"},"content":{"rendered":"<p>Le Toulouse FC a vu sa belle s\u00e9rie s\u2019interrompre samedi \u00e0 Monaco (1-0). Rapidement men\u00e9s, les Violets n\u2019ont jamais su inverser la tendance face \u00e0 une \u00e9quipe de la Principaut\u00e9 retrouv\u00e9e. Cette d\u00e9faite met fin \u00e0 un mois sans revers pour les hommes de Carles Mart\u00ednez Novell, qui restaient sur deux succ\u00e8s convaincants : une victoire renversante \u00e0 Lyon (1-2), suivie d\u2019un large succ\u00e8s face \u00e0 Metz (4-0). Des performances qui ont permis au TFC de grimper \u00e0 la 9e place du classement avant la 10e journ\u00e9e, confirmant une mont\u00e9e en puissance encourageante apr\u00e8s un d\u00e9but de saison timide.<\/p>\n<p><a rel=\"sponsored nofollow noopener\" href=\"https:\/\/www.tkqlhce.com\/click-101527649-17139035\" target=\"_blank\">Voir le match ici !<\/a><\/p>\n<p>Le Stade Rennais, en revanche, est dans une situation bien plus d\u00e9licate. Battus \u00e0 domicile par Nice (1-2) dimanche, les Rouge et Noir ont prolong\u00e9 leur s\u00e9rie noire \u00e0 cinq matchs sans victoire (quatre nuls et une d\u00e9faite). Avec seulement trois points d\u2019avance sur la zone rouge, les hommes d\u2019Habib Beye voient leurs ambitions europ\u00e9ennes s\u00e9rieusement compromises.<\/p>\n<p>Leur dernier succ\u00e8s en championnat remonte \u00e0 plus d\u2019un mois, et le contenu inqui\u00e8te : Rennes encaisse trop, peine \u00e0 se montrer dangereux offensivement et semble manquer de confiance. Ce d\u00e9placement \u00e0 Toulouse fait donc figure de match de la derni\u00e8re chance pour Beye, dont la position sur le banc breton s\u2019est fragilis\u00e9e semaine apr\u00e8s semaine.<\/p>\n<p><strong>Les compositions probables<\/strong><\/p>\n<p><strong>Toulouse FC\u00a0:<\/strong> Restes \u2013 Diarra, Nicolaisen, Mawissa, Suazo \u2013 Genreau, Casseres Jr, Schmidt \u2013 Gboho, Dallinga, Donnum.<\/p>\n<p><strong>Stade Rennais\u00a0: <\/strong>Mandanda \u2013 Truffert, Theate, Wooh, Assignon \u2013 Santamaria, Matic \u2013 Gouiri, Le F\u00e9e, Bourigeaud \u2013 Kalimuendo.<\/p>\n<p><strong>Sur quelle cha\u00eene et \u00e0 quelle heure regarder Toulouse &#8211; Rennes ?<\/strong><\/p>\n<p>La rencontre Toulouse &#8211; Rennes se disputera ce mercredi 29 octobre 2025 \u00e0 21h05.<br \/>Le match sera diffus\u00e9 en direct sur <a href=\"https:\/\/dazn.prf.hn\/click\/camref:1101l5iEE5\/pubref:toulouse-rennes\" rel=\"sponsored nofollow noopener\" target=\"_blank\">Ligue 1+<\/a>.<\/p>\n<p><a rel=\"sponsored nofollow noopener\" href=\"https:\/\/dazn.prf.hn\/click\/camref:1101l5iEE5\/pubref:toulouse-rennes\" target=\"_blank\">Regarder Toulouse &#8211; Rennes ici !<\/a><strong>Les offres pour suivre la Ligue 1 cette saison<\/strong><\/p>\n<p>La cha\u00eene Ligue 1+, diffuseur officiel du championnat, est disponible sur plusieurs services de streaming ou via abonnement direct. Voici toutes les options propos\u00e9es\u00a0:<\/p>\n<p><strong>DAZN<\/strong><strong>Plateforme officielle Ligue 1+<\/strong><strong>Amazon Prime Video<\/strong><\/p>\n<p>Les abonn\u00e9s Prime peuvent <a href=\"https:\/\/www.primevideo.com\/offers\/ref=atv_3p_amz_c_0lzIXJ_1_1?tag=letelegramme-21&amp;benefitId=ligueonefr\" rel=\"sponsored nofollow noopener\" target=\"_blank\">souscrire \u00e0 l\u2019option Ligue 1+<\/a> directement depuis leur compte pour 14,99 \u20ac\/mois, avec engagement d\u2019un an.<\/p>\n<p><strong>RMC Sport + Ligue 1+<\/strong><\/p>\n<p>Une <a href=\"https:\/\/www.awin1.com\/awclick.php?gid=448180&amp;mid=33125&amp;awinaffid=1753353&amp;linkid=3247029&amp;clickref=letelegramme-toulouse-rennes-281025\" rel=\"sponsored nofollow noopener\" target=\"_blank\">formule combin\u00e9e<\/a> \u00e0 19 \u20ac\/mois, qui regroupe le football et les sports de combat (UFC, boxe&#8230;).<\/p>\n<p>Si vous souhaitez parier sur le match, vous pouvez d\u00e9couvrir les avantages de l\u2019application <a href=\"https:\/\/action.metaffiliation.com\/trk.php?mclic=P513843584D37111\" rel=\"sponsored nofollow noopener\" target=\"_blank\">Parions Sport Point de Vente<\/a> ou encore <a href=\"https:\/\/rza.pmu.fr\/?P513281584D3721D1\" rel=\"sponsored nofollow noopener\" target=\"_blank\">PMU Sport<\/a>, qui propose jusqu\u2019\u00e0 100 \u20ac rembours\u00e9s en cash sur le premier pari effectu\u00e9.<br \/>Pour les Violets, c\u2019est l\u2019occasion de confirmer leur progression et d\u2019int\u00e9grer durablement la premi\u00e8re moiti\u00e9 du tableau. Pour Rennes, il s\u2019agit d\u2019une urgence : gagner pour \u00e9viter la crise ouverte et pr\u00e9server la position d\u2019Habib Beye.<\/p>\n","protected":false},"excerpt":{"rendered":"Le Toulouse FC a vu sa belle s\u00e9rie s\u2019interrompre samedi \u00e0 Monaco (1-0). Rapidement men\u00e9s, les Violets n\u2019ont&hellip;\n","protected":false},"author":2,"featured_media":496634,"comment_status":"","ping_status":"","sticky":false,"template":"","format":"standard","meta":{"footnotes":""},"categories":[2821],"tags":[1111,11,829,1777,674,1011,27,48888,12,584,25,517],"class_list":{"0":"post-496633","1":"post","2":"type-post","3":"status-publish","4":"format-standard","5":"has-post-thumbnail","7":"category-rennes","8":"tag-actu","9":"tag-actualites","10":"tag-bretagne","11":"tag-eu","12":"tag-europe","13":"tag-fr","14":"tag-france","15":"tag-guide-conso","16":"tag-news","17":"tag-rennes","18":"tag-republique-francaise","19":"tag-sport"},"share_on_mastodon":{"url":"https:\/\/pubeurope.com\/@fr\/115454871061912608","error":""},"_links":{"self":[{"href":"https:\/\/www.europesays.com\/fr\/wp-json\/wp\/v2\/posts\/496633","targetHints":{"allow":["GET"]}}],"collection":[{"href":"https:\/\/www.europesays.com\/fr\/wp-json\/wp\/v2\/posts"}],"about":[{"href":"https:\/\/www.europesays.com\/fr\/wp-json\/wp\/v2\/types\/post"}],"author":[{"embeddable":true,"href":"https:\/\/www.europesays.com\/fr\/wp-json\/wp\/v2\/users\/2"}],"replies":[{"embeddable":true,"href":"https:\/\/www.europesays.com\/fr\/wp-json\/wp\/v2\/comments?post=496633"}],"version-history":[{"count":0,"href":"https:\/\/www.europesays.com\/fr\/wp-json\/wp\/v2\/posts\/496633\/revisions"}],"wp:featuredmedia":[{"embeddable":true,"href":"https:\/\/www.europesays.com\/fr\/wp-json\/wp\/v2\/media\/496634"}],"wp:attachment":[{"href":"https:\/\/www.europesays.com\/fr\/wp-json\/wp\/v2\/media?parent=496633"}],"wp:term":[{"taxonomy":"category","embeddable":true,"href":"https:\/\/www.europesays.com\/fr\/wp-json\/wp\/v2\/categories?post=496633"},{"taxonomy":"post_tag","embeddable":true,"href":"https:\/\/www.europesays.com\/fr\/wp-json\/wp\/v2\/tags?post=496633"}],"curies":[{"name":"wp","href":"https:\/\/api.w.org\/{rel}","templated":true}]}}