{"id":496635,"date":"2025-10-29T01:31:12","date_gmt":"2025-10-29T01:31:12","guid":{"rendered":"https:\/\/www.europesays.com\/fr\/496635\/"},"modified":"2025-10-29T01:31:12","modified_gmt":"2025-10-29T01:31:12","slug":"a-noter-soiree-de-retrouvailles-des-lecteurs-voyageurs-a-strasbourg-cest-complet-2","status":"publish","type":"post","link":"https:\/\/www.europesays.com\/fr\/496635\/","title":{"rendered":"A noter. Soir\u00e9e de retrouvailles des Lecteurs Voyageurs \u00e0 Strasbourg : c\u2019est complet !"},"content":{"rendered":"<p data-start=\"356\" data-end=\"681\">Chaque ann\u00e9e, cet \u00e9v\u00e9nement convivial r\u00e9unit les participants des voyages pass\u00e9s autour d\u2019un moment d\u2019\u00e9changes, de sourires et de souvenirs partag\u00e9s.<\/p>\n<p>L\u2019occasion de revivre une ann\u00e9e riche en voyages<\/p>\n<p data-start=\"739\" data-end=\"1108\">Cette \u00e9dition 2025 sera l\u2019occasion de retrouver les voyageurs partis cette ann\u00e9e, de d\u00e9couvrir les futurs programmes 2026, et de partager ensemble la passion du voyage qui anime la grande communaut\u00e9 des Lecteurs Voyageurs.\u00a0Comme toujours, la soir\u00e9e promet d\u2019\u00eatre chaleureuse, rythm\u00e9e par des anecdotes, des images de voyages et de beaux moments d\u2019\u00e9motion.<\/p>\n<p>  Une croisi\u00e8re \u00e0 gagner<\/p>\n<p data-start=\"1140\" data-end=\"1318\">Et pour couronner la f\u00eate, une croisi\u00e8re sera mise en jeu parmi les participants \u2014 une belle mani\u00e8re de prolonger l\u2019esprit d\u2019\u00e9vasion et de r\u00eave qui unit tous nos voyageurs.<\/p>\n<p data-start=\"1320\" data-end=\"1525\">Un grand merci \u00e0 toutes et \u00e0 tous pour votre enthousiasme et votre fid\u00e9lit\u00e9.\u00a0Nous avons h\u00e2te de vous retrouver le 26 novembre pour cette belle soir\u00e9e plac\u00e9e sous le signe du partage et de la d\u00e9couverte\u00a0sur un navire de CroisiEurope,\u00a0\u00e0 bord du MS\u00a0Lafayette (port fluvial de Strasbourg, 3, rue du Havre, parking gratuit).<\/p>\n<p class=\"note\" data-end=\"264\" data-start=\"168\">Les march\u00e9s de No\u00ebl de Strasbourg sont ouverts du 26 novembre au 24 d\u00e9cembre.\u00a0Mercredi 26 novembre : de 14 h \u00e0 21 h.\u00a0Du 27 novembre au 23 d\u00e9cembre : de 11 h 30 \u00e0 21 h.\u00a0Retrouvez les exposants et animations sur les places et rues suivantes : places Broglie, de la Cath\u00e9drale, du Ch\u00e2teau, Kl\u00e9ber, du March\u00e9-aux-Poissons, du Temple-Neuf, Saint-Thomas, Benjamin-Zix, Grimmeissen, terrasse du Palais Rohan, rues Gutenberg\u00a0et des Hallebardes.<\/p>\n","protected":false},"excerpt":{"rendered":"Chaque ann\u00e9e, cet \u00e9v\u00e9nement convivial r\u00e9unit les participants des voyages pass\u00e9s autour d\u2019un moment d\u2019\u00e9changes, de sourires et&hellip;\n","protected":false},"author":2,"featured_media":495952,"comment_status":"","ping_status":"","sticky":false,"template":"","format":"standard","meta":{"footnotes":""},"categories":[2820],"tags":[1111,11,1777,674,107,1011,27,775,26349,20065,12,25,640,602],"class_list":{"0":"post-496635","1":"post","2":"type-post","3":"status-publish","4":"format-standard","5":"has-post-thumbnail","7":"category-strasbourg","8":"tag-actu","9":"tag-actualites","10":"tag-eu","11":"tag-europe","12":"tag-fil-info","13":"tag-fr","14":"tag-france","15":"tag-grand-est","16":"tag-les-lecteurs-voyageurs","17":"tag-magazine-tourisme-et-patrimoine","18":"tag-news","19":"tag-republique-francaise","20":"tag-strasbourg","21":"tag-tourisme"},"share_on_mastodon":{"url":"https:\/\/pubeurope.com\/@fr\/115454874951013692","error":""},"_links":{"self":[{"href":"https:\/\/www.europesays.com\/fr\/wp-json\/wp\/v2\/posts\/496635","targetHints":{"allow":["GET"]}}],"collection":[{"href":"https:\/\/www.europesays.com\/fr\/wp-json\/wp\/v2\/posts"}],"about":[{"href":"https:\/\/www.europesays.com\/fr\/wp-json\/wp\/v2\/types\/post"}],"author":[{"embeddable":true,"href":"https:\/\/www.europesays.com\/fr\/wp-json\/wp\/v2\/users\/2"}],"replies":[{"embeddable":true,"href":"https:\/\/www.europesays.com\/fr\/wp-json\/wp\/v2\/comments?post=496635"}],"version-history":[{"count":0,"href":"https:\/\/www.europesays.com\/fr\/wp-json\/wp\/v2\/posts\/496635\/revisions"}],"wp:featuredmedia":[{"embeddable":true,"href":"https:\/\/www.europesays.com\/fr\/wp-json\/wp\/v2\/media\/495952"}],"wp:attachment":[{"href":"https:\/\/www.europesays.com\/fr\/wp-json\/wp\/v2\/media?parent=496635"}],"wp:term":[{"taxonomy":"category","embeddable":true,"href":"https:\/\/www.europesays.com\/fr\/wp-json\/wp\/v2\/categories?post=496635"},{"taxonomy":"post_tag","embeddable":true,"href":"https:\/\/www.europesays.com\/fr\/wp-json\/wp\/v2\/tags?post=496635"}],"curies":[{"name":"wp","href":"https:\/\/api.w.org\/{rel}","templated":true}]}}