{"id":496638,"date":"2025-10-29T01:33:24","date_gmt":"2025-10-29T01:33:24","guid":{"rendered":"https:\/\/www.europesays.com\/fr\/496638\/"},"modified":"2025-10-29T01:33:24","modified_gmt":"2025-10-29T01:33:24","slug":"la-gaude-100-jazz-paris-cote-dazur","status":"publish","type":"post","link":"https:\/\/www.europesays.com\/fr\/496638\/","title":{"rendered":"La Gaude. 100\u00a0% Jazz&#8230; &#8211; Paris C\u00f4te d&rsquo;Azur"},"content":{"rendered":"<p><img decoding=\"async\" alt=\"\" src=\"https:\/\/www.europesays.com\/fr\/wp-content\/uploads\/2025\/10\/Mieko-Miyazaki.jpg\" title=\"\"\/><br \/>&#8211; Mieko Miyazaki Franck Wolf @ Jacky-Lehmann &#8211;<\/p>\n<p>Un festival \u00ab\u00a0uniquement de jazz\u00a0\u00bb pour tous les publics avec cette ann\u00e9e une programmation sensible \u00e0 l\u2019apport des femmes dans le Jazz avec deux jazzwomen Victoires de la Musique Jazz.Une recette qui fonctionne depuis 28 ans et propose la rencontre de t\u00eates d\u2019affiche internationales, avec quelques-uns des meilleurs musiciens de la r\u00e9gion, pour un Jazz d\u2019aujourd\u2019hui, inventif et festif. \u00ab\u00a0Jazz sous les Bigaradiers\u00a0\u00bb reste un de ces rares moments o\u00f9 l\u2019on peut encore se reconnecter \u00e0 l\u2019essentiel, le plaisir de \u00ab\u00a0vivre ensemble\u00a0\u00bb dans huit lieux diff\u00e9rents, \u00e0 taille humaine, avec 10 concerts gratuits, plus de cent musiciens. Une ambiance pour chaque tempo, au rythme du c\u0153ur, et des soir\u00e9es de gala \u00e0 25\u00a0\u20ac\u00a0!<\/p>\n<p style=\"text-align: center;\">Programme<\/p>\n<p style=\"text-align: left;\">&#8211; Samedi 1er novembre, 21h, Club So What \u00e0 La Gaude\u00a0: swing \u00e0 l\u2019italienne avec le Chromatic Trio et le Franck Taschini Quartet, entr\u00e9e libre\u00a0;<\/p>\n<p style=\"text-align: left;\">&#8211; Jeudi 6 novembre, 19h30, Th\u00e9\u00e2tre Alexandre III \u00e0 Cannes\u00a0: virtuose du violoncelle, Ad\u00e8le Viret Quartet nomm\u00e9e au Victoires du Jazz 2025, cat\u00e9gorie R\u00e9v\u00e9lation, Tarifs, r\u00e9servations sur https:\/\/cannes.com\u00a0;<\/p>\n<p style=\"text-align: left;\">&#8211; Vendredi 7 novembre, 17h, M\u00e9diath\u00e8que de La Gaude\u00a0: le lyrisme d\u2019un homme-contrebasse et la complicit\u00e9 du piano &#8211; David Amar &amp; Claude Tedesco, entr\u00e9e\u00a0 libre\u00a0;<\/p>\n<p style=\"text-align: left;\">&#8211; Vendredi 7 novembre, 21h, soir\u00e9e de gala, salle de La Coupole \u00e0 La Gaude\u00a0: le plaisir de jouer de la Compagnie So What et le duo exceptionnel de Mieko Miyazaki et Franck Wolf. D\u00e9couvrez le Koto, instrument traditionnel japonais, et sa rencontre avec le jazz. 25\u00a0\u20ac sur r\u00e9servation https:\/\/assowhat.org\/\u00a0;<\/p>\n<p>&#8211; Samedi 8 novembre, journ\u00e9e \u00ab\u00a0non-stop\u00a0\u00bb de 10 heures \u00e0 minuit, la Coupole, entr\u00e9e libre\u00a0:<\/p>\n<ul>\n<li>\u00e0 partir de 10h\u00a0: animation-vente \u00ab\u00a0bien-\u00eatre\u00a0\u00bb, expo-vente photos \u00ab\u00a0Jazz au F\u00e9minin\u00a0\u00bb\u00a0;<\/li>\n<li>salle de La Coupole, 11h\u00a0: une performance du L\u00e9o Geller Quartet, film\u00e9 par Virginie Tumorticchi et croqu\u00e9 par Virginie Broquet; remise des Troph\u00e9es du Jazz de la C\u00f4te d\u2019Azur\u00a0;<\/li>\n<li>12h, parvis de La Coupole, ap\u00e9ritif et raviolis \u00e0 la daube offerts par la municipalit\u00e9, avec l\u2019Harmonie des Baous\u00a0;<\/li>\n<li>\u00ab\u00a0Cabaret \u00e9ph\u00e9m\u00e8re\u00a0\u00bb\u00a0: 15h30, standards et compos avec le Pounkipa Quartet\u00a0;\u00a0\u00a0<\/li>\n<li>16h30, le piano de Monk avec le trio The Green Chimneys, 17h 30, Ryoko Nuruki au piano accompagne la conf\u00e9rence de C\u00e9dric Fioretti sur \u00ab\u00a0les femmes dans le jazz\u00a0\u00bb\u00a0;<\/li>\n<li>salle de La Coupole, 21h, soir\u00e9e de gala, salle de La Coupole \u00e0 La Gaude &#8211; trio jazz classique avec Smail Benhouhou, puis la contrebassiste et chanteuse S\u00e9l\u00e8ne Saint-Aim\u00e9 (Victoire du jazz 2021) avec un quintet de r\u00eave, 25\u00a0\u20ac sur r\u00e9servation https:\/\/assowhat.org\/<\/li>\n<\/ul>\n<p>&#8211; Dimanche 9 novembre, 11h, \u00e9glise de La Gaude\u00a0: Nice Gospel Group, entr\u00e9e libre\u00a0;<\/p>\n<p>&#8211; Lundi 10 novembre, salle de la Coupole, 21h\u00a0: Jazz et Cin\u00e9ma, avec le swing et latino de la chanteuse Behia puis la projection du film \u00ab\u00a0Billie\u00a0\u00bb de James Erskine, en collaboration avec les Rencontres Cin\u00e9matographiques de Vence\u00a0; tarif habituel du cin\u00e9ma\u00a0;<\/p>\n<p>&#8211; Lundi et mardi 18 et 19 novembre, jazz pour tous les enfants des \u00e9coles avec le groupe Nabis&#8230;<\/p>\n<p>Restauration de qualit\u00e9 et parkings gratuits au village<\/p>\n<p>Tous les renseignements et les r\u00e9servations sur https:\/\/assowhat.org\/<\/p>\n<p><img decoding=\"async\" alt=\"\" src=\"https:\/\/www.europesays.com\/fr\/wp-content\/uploads\/2025\/10\/Selene-Saint-Aime.jpg\" title=\"\"\/><br \/>&#8211; Selene Saint Aime \u00a9 Nicolas Derne &#8211;<\/p>\n","protected":false},"excerpt":{"rendered":"&#8211; Mieko Miyazaki Franck Wolf @ Jacky-Lehmann &#8211; Un festival \u00ab\u00a0uniquement de jazz\u00a0\u00bb pour tous les publics avec&hellip;\n","protected":false},"author":2,"featured_media":496639,"comment_status":"","ping_status":"","sticky":false,"template":"","format":"standard","meta":{"footnotes":""},"categories":[2819],"tags":[1111,47,11,1777,674,1011,27,1110,1031,12,2401,882,25],"class_list":{"0":"post-496638","1":"post","2":"type-post","3":"status-publish","4":"format-standard","5":"has-post-thumbnail","7":"category-nice","8":"tag-actu","9":"tag-actualite","10":"tag-actualites","11":"tag-eu","12":"tag-europe","13":"tag-fr","14":"tag-france","15":"tag-informations","16":"tag-magazine","17":"tag-news","18":"tag-nice","19":"tag-provence-alpes-cote-dazur","20":"tag-republique-francaise"},"share_on_mastodon":{"url":"https:\/\/pubeurope.com\/@fr\/115454883286560216","error":""},"_links":{"self":[{"href":"https:\/\/www.europesays.com\/fr\/wp-json\/wp\/v2\/posts\/496638","targetHints":{"allow":["GET"]}}],"collection":[{"href":"https:\/\/www.europesays.com\/fr\/wp-json\/wp\/v2\/posts"}],"about":[{"href":"https:\/\/www.europesays.com\/fr\/wp-json\/wp\/v2\/types\/post"}],"author":[{"embeddable":true,"href":"https:\/\/www.europesays.com\/fr\/wp-json\/wp\/v2\/users\/2"}],"replies":[{"embeddable":true,"href":"https:\/\/www.europesays.com\/fr\/wp-json\/wp\/v2\/comments?post=496638"}],"version-history":[{"count":0,"href":"https:\/\/www.europesays.com\/fr\/wp-json\/wp\/v2\/posts\/496638\/revisions"}],"wp:featuredmedia":[{"embeddable":true,"href":"https:\/\/www.europesays.com\/fr\/wp-json\/wp\/v2\/media\/496639"}],"wp:attachment":[{"href":"https:\/\/www.europesays.com\/fr\/wp-json\/wp\/v2\/media?parent=496638"}],"wp:term":[{"taxonomy":"category","embeddable":true,"href":"https:\/\/www.europesays.com\/fr\/wp-json\/wp\/v2\/categories?post=496638"},{"taxonomy":"post_tag","embeddable":true,"href":"https:\/\/www.europesays.com\/fr\/wp-json\/wp\/v2\/tags?post=496638"}],"curies":[{"name":"wp","href":"https:\/\/api.w.org\/{rel}","templated":true}]}}