{"id":496640,"date":"2025-10-29T01:34:24","date_gmt":"2025-10-29T01:34:24","guid":{"rendered":"https:\/\/www.europesays.com\/fr\/496640\/"},"modified":"2025-10-29T01:34:24","modified_gmt":"2025-10-29T01:34:24","slug":"nice-avec-boudaoui-mais-sans-dante-et-clauss-contre-lille","status":"publish","type":"post","link":"https:\/\/www.europesays.com\/fr\/496640\/","title":{"rendered":"Nice avec Boudaoui mais sans Dante et Clauss contre Lille"},"content":{"rendered":"<p>\n    En conf\u00e9rence de presse, Franck Haise a annonc\u00e9 le retour de Boudaoui dans le groupe ni\u00e7ois contre Lille.<\/p>\n<p class=\"fig-paragraph\"><a href=\"http:\/\/www.lefigaro.fr\/sports\/football\/ligue-1\/ligue-1-olivier-giroud-est-incertain-pour-le-match-face-a-nice-20251028\" data-fig-type=\"NewsFlash\" data-gtm-custom-categorie=\"navigation\" data-gtm-custom-action=\"crossclick\" data-gtm-custom-label=\"Contextuel\" data-gtm-event=\"customEventSPE\" data-fig-domain=\"LEFIGARO\" target=\"_blank\" rel=\"noopener\">Nice<\/a>, qui affronte\u00a0<a href=\"http:\/\/www.lefigaro.fr\/sports\/football\/ligue-1\/lille-metz-fernandez-pardo-flambe-les-lorrains-frisent-le-ridicule-les-tops-et-flops-20251026\" data-fig-type=\"NewsFlash\" data-gtm-custom-categorie=\"navigation\" data-gtm-custom-action=\"crossclick\" data-gtm-custom-label=\"Contextuel\" data-gtm-event=\"customEventSPE\" data-fig-domain=\"LEFIGARO\" target=\"_blank\" rel=\"noopener\">Lille<\/a>\u00a0mercredi, a r\u00e9cup\u00e9r\u00e9 son international alg\u00e9rien Hicham Boudaoui, absent \u00e0 Vigo et Rennes, mais ne pourra pas compter sur Dante ni certainement sur Jonathan Clauss, qui ne s&rsquo;est pas entra\u00een\u00e9 depuis sa sortie \u00e0 Rennes.<\/p>\n<p class=\"fig-paragraph\">\u00abOn r\u00e9cup\u00e8re Hicham (Boudaoui, ndlr)\u00bb, a expliqu\u00e9 mardi l&rsquo;entra\u00eeneur Franck Haise, qui s&rsquo;est aussi montr\u00e9 optimiste pour Mohamed-Ali Cho, forfait de derni\u00e8re minute \u00e0 l&rsquo;\u00e9chauffement \u00e0 Rennes (2-1).<\/p>\n<p>                                    <a class=\"fig-a11y-skip a11y-hidden\" href=\"#fig-a11y-skip-main-inarticle\"><br \/>\n        Passer la publicit\u00e9<br \/>\n    <\/a><\/p>\n<p class=\"fig-paragraph\">\u00abOn a bien fait de ne pas prendre le risque dimanche, a-t-il soulign\u00e9. Les examens sont rassurants, mais on va voir sur la s\u00e9ance comment il se sent.\u00bb Le joueur, qui n&rsquo;a particip\u00e9 qu&rsquo;au d\u00e9but de l&rsquo;entra\u00eenement ce mardi, devrait \u00eatre sur la feuille de match, sans \u00eatre titulaire.<\/p>\n<p class=\"fig-paragraph\">En revanche, Clauss, sorti \u00e0 la pause \u00e0 Rennes, ne s&rsquo;est entra\u00een\u00e9 ni lundi, ni mardi. \u00abIl n&rsquo;y a pas grand chose de m\u00e9chant, on verra comment il est, a dit l&rsquo;entra\u00eeneur. Hier (lundi, ndlr) il n&rsquo;y avait pas grand chose, \u00e7a ne n\u00e9cessitait m\u00eame pas d&rsquo;examens approfondis. Ce qui est s\u00fbr, c&rsquo;est que s&rsquo;il est absent plusieurs semaines ce n&rsquo;est pas \u00e0 cause du genou.\u00bb<\/p>\n<p class=\"fig-paragraph\">A la question de savoir si la situation \u00e9tait tendue avec son n\u00e9o-capitaine, qu&rsquo;il avait d\u00e9j\u00e0 sous ses ordres \u00e0 Lens, Haise a r\u00e9pliqu\u00e9: \u00abIl y a des choses qui sortent, qui ne sortent pas de chez nous, \u00e7a m&#8217;emb\u00eate\u00bb, faisant r\u00e9f\u00e9rence aux informations indiquant que le joueur souffrait d&rsquo;une hyper extension d&rsquo;un genou.<\/p>\n<p class=\"fig-paragraph\">Si Clauss devrait \u00eatre forfait contre Lille, Dante (douleurs aux genoux) le sera avec certitude, tout comme Youssouf Ndayishimiye, Mohamed Abdelmonem et Mo\u00efse Bombito, tout trois bless\u00e9s de longue date.<\/p>\n","protected":false},"excerpt":{"rendered":"En conf\u00e9rence de presse, Franck Haise a annonc\u00e9 le retour de Boudaoui dans le groupe ni\u00e7ois contre Lille.&hellip;\n","protected":false},"author":2,"featured_media":496641,"comment_status":"","ping_status":"","sticky":false,"template":"","format":"standard","meta":{"footnotes":""},"categories":[2819],"tags":[1111,11,1777,674,1011,27,2267,12,2401,2268,882,25],"class_list":{"0":"post-496640","1":"post","2":"type-post","3":"status-publish","4":"format-standard","5":"has-post-thumbnail","7":"category-nice","8":"tag-actu","9":"tag-actualites","10":"tag-eu","11":"tag-europe","12":"tag-fr","13":"tag-france","14":"tag-losc","15":"tag-news","16":"tag-nice","17":"tag-ogc-nice","18":"tag-provence-alpes-cote-dazur","19":"tag-republique-francaise"},"share_on_mastodon":{"url":"https:\/\/pubeurope.com\/@fr\/115454886827972609","error":""},"_links":{"self":[{"href":"https:\/\/www.europesays.com\/fr\/wp-json\/wp\/v2\/posts\/496640","targetHints":{"allow":["GET"]}}],"collection":[{"href":"https:\/\/www.europesays.com\/fr\/wp-json\/wp\/v2\/posts"}],"about":[{"href":"https:\/\/www.europesays.com\/fr\/wp-json\/wp\/v2\/types\/post"}],"author":[{"embeddable":true,"href":"https:\/\/www.europesays.com\/fr\/wp-json\/wp\/v2\/users\/2"}],"replies":[{"embeddable":true,"href":"https:\/\/www.europesays.com\/fr\/wp-json\/wp\/v2\/comments?post=496640"}],"version-history":[{"count":0,"href":"https:\/\/www.europesays.com\/fr\/wp-json\/wp\/v2\/posts\/496640\/revisions"}],"wp:featuredmedia":[{"embeddable":true,"href":"https:\/\/www.europesays.com\/fr\/wp-json\/wp\/v2\/media\/496641"}],"wp:attachment":[{"href":"https:\/\/www.europesays.com\/fr\/wp-json\/wp\/v2\/media?parent=496640"}],"wp:term":[{"taxonomy":"category","embeddable":true,"href":"https:\/\/www.europesays.com\/fr\/wp-json\/wp\/v2\/categories?post=496640"},{"taxonomy":"post_tag","embeddable":true,"href":"https:\/\/www.europesays.com\/fr\/wp-json\/wp\/v2\/tags?post=496640"}],"curies":[{"name":"wp","href":"https:\/\/api.w.org\/{rel}","templated":true}]}}