{"id":496642,"date":"2025-10-29T01:35:24","date_gmt":"2025-10-29T01:35:24","guid":{"rendered":"https:\/\/www.europesays.com\/fr\/496642\/"},"modified":"2025-10-29T01:35:24","modified_gmt":"2025-10-29T01:35:24","slug":"cest-quoi-ce-monstre-geant-empaquete-a-nantes-sur-un-convoi-exceptionnel","status":"publish","type":"post","link":"https:\/\/www.europesays.com\/fr\/496642\/","title":{"rendered":"C\u2019est quoi ce monstre g\u00e9ant empaquet\u00e9 \u00e0 Nantes sur un convoi exceptionnel\u00a0?"},"content":{"rendered":"<p>Ce n\u2019est pas Babar dans son linceul sur un corbillard pour monstres gentils. Emmitoufl\u00e9 sous la b\u00e2che grise ce mardi 28 octobre, c\u2019est le bien le dernier n\u00e9 des Machines de l\u2019\u00eele qui attend sur la remorque d\u2019un convoi exceptionnel. On distingue la silhouette d\u2019un reptile g\u00e9ant et la base du m\u00e9canisme qui le fera semer le myst\u00e8re dans les rues.<\/p>\n<p><a href=\"https:\/\/nantes.maville.com\/actu\/actudet_-la-compagnie-nantaise-la-machine-cree-un-varan-destine-a-calais-_8-7000436_actu.Htm\" target=\"_blank\" rel=\"nofollow noopener\">Le varan s\u2019appr\u00eate \u00e0 rouler vers les Hauts-de-France,<\/a> pr\u00e9cis\u00e9ment \u00e0 Calais. Haut de 4\u00a0m et long de 14,8, il va rejoindre son cousin le Dragon des mers, d\u00e9j\u00e0 anim\u00e9 par la compagnie La Machine depuis 2019.<\/p>\n<p>Il arrivera cette semaine pour commencer \u00e0 r\u00e9p\u00e9ter le spectacle Le Varan de voyage, l\u2019Odyss\u00e9e qui sera pr\u00e9sent\u00e9 \u00e0 Calais, du vendredi\u00a07 au dimanche 9\u00a0novembre.<\/p>\n<p>\u00a0<\/p>\n","protected":false},"excerpt":{"rendered":"Ce n\u2019est pas Babar dans son linceul sur un corbillard pour monstres gentils. Emmitoufl\u00e9 sous la b\u00e2che grise&hellip;\n","protected":false},"author":2,"featured_media":496643,"comment_status":"","ping_status":"","sticky":false,"template":"","format":"standard","meta":{"footnotes":""},"categories":[2818],"tags":[1111,11,10240,61891,1777,674,25975,1011,27,13702,16128,766,12,2636,25],"class_list":{"0":"post-496642","1":"post","2":"type-post","3":"status-publish","4":"format-standard","5":"has-post-thumbnail","7":"category-nantes","8":"tag-actu","9":"tag-actualites","10":"tag-convoi","11":"tag-empaquete","12":"tag-eu","13":"tag-europe","14":"tag-exceptionnel","15":"tag-fr","16":"tag-france","17":"tag-geant","18":"tag-monstre","19":"tag-nantes","20":"tag-news","21":"tag-pays-de-la-loire","22":"tag-republique-francaise"},"share_on_mastodon":{"url":"https:\/\/pubeurope.com\/@fr\/115454890723206233","error":""},"_links":{"self":[{"href":"https:\/\/www.europesays.com\/fr\/wp-json\/wp\/v2\/posts\/496642","targetHints":{"allow":["GET"]}}],"collection":[{"href":"https:\/\/www.europesays.com\/fr\/wp-json\/wp\/v2\/posts"}],"about":[{"href":"https:\/\/www.europesays.com\/fr\/wp-json\/wp\/v2\/types\/post"}],"author":[{"embeddable":true,"href":"https:\/\/www.europesays.com\/fr\/wp-json\/wp\/v2\/users\/2"}],"replies":[{"embeddable":true,"href":"https:\/\/www.europesays.com\/fr\/wp-json\/wp\/v2\/comments?post=496642"}],"version-history":[{"count":0,"href":"https:\/\/www.europesays.com\/fr\/wp-json\/wp\/v2\/posts\/496642\/revisions"}],"wp:featuredmedia":[{"embeddable":true,"href":"https:\/\/www.europesays.com\/fr\/wp-json\/wp\/v2\/media\/496643"}],"wp:attachment":[{"href":"https:\/\/www.europesays.com\/fr\/wp-json\/wp\/v2\/media?parent=496642"}],"wp:term":[{"taxonomy":"category","embeddable":true,"href":"https:\/\/www.europesays.com\/fr\/wp-json\/wp\/v2\/categories?post=496642"},{"taxonomy":"post_tag","embeddable":true,"href":"https:\/\/www.europesays.com\/fr\/wp-json\/wp\/v2\/tags?post=496642"}],"curies":[{"name":"wp","href":"https:\/\/api.w.org\/{rel}","templated":true}]}}