{"id":496660,"date":"2025-10-29T01:46:20","date_gmt":"2025-10-29T01:46:20","guid":{"rendered":"https:\/\/www.europesays.com\/fr\/496660\/"},"modified":"2025-10-29T01:46:20","modified_gmt":"2025-10-29T01:46:20","slug":"a-lyon-la-gare-routiere-quitte-perrache-pour-gerland","status":"publish","type":"post","link":"https:\/\/www.europesays.com\/fr\/496660\/","title":{"rendered":"A Lyon, la gare routi\u00e8re quitte Perrache pour Gerland"},"content":{"rendered":"<p>En janvier prochain, la gare routi\u00e8re internationale de Lyon s\u2019installera sur le parking du Palais des sports de Gerland. Pr\u00e8s de 4 M\u20ac ont \u00e9t\u00e9 investis pour cette implantation provisoire pr\u00e9vue pour 6 \u00e0 7 ann\u00e9es\u2026<\/p>\n<p>Si vous \u00eates adeptes des services de <strong>bus nationaux et internationaux<\/strong> op\u00e9r\u00e9s par des acteurs priv\u00e9s (tels <strong>FlixBus<\/strong> ou <strong>BlaBlaCar Bus<\/strong> \u2026), vous allez devoir changer vos habitudes \u00e0 partir du 12 janvier prochain. Les <strong>d\u00e9parts et arriv\u00e9es de cars<\/strong> se faisaient depuis le <strong><a href=\"https:\/\/www.lyondemain.fr\/lyon-perrache-centre-echanges\/\" target=\"_blank\" rel=\"noreferrer noopener nofollow\">Centre d\u2019Echanges de Lyon Perrache<\/a><\/strong>. Mais le <strong>CELP<\/strong> va conna\u00eetre de <a href=\"https:\/\/www.grandlyon.com\/mes-services-au-quotidien\/sinformer-sur-les-projets-urbains-dans-la-metropole\/lyon-ouvrons-perrache\" target=\"_blank\" rel=\"noreferrer noopener nofollow\">nombreuses ann\u00e9es de travaux<\/a> et la <strong>gare routi\u00e8re<\/strong> va devoir d\u00e9m\u00e9nager et se retrouver \u00e0 <strong>Gerland<\/strong>.<\/p>\n<p>Un espace plus accessible et plus spacieux\u2026 Mais pour autant provisoire ! <strong>Bruno Bernard<\/strong>, le pr\u00e9sident de <strong><a href=\"https:\/\/sytral-mobilites.fr\/#\" target=\"_blank\" rel=\"noreferrer noopener nofollow\">SYTRAL Mobilit\u00e9s<\/a><\/strong> et de la <strong><a href=\"https:\/\/www.grandlyon.com\/actualite\/la-gare-routiere-internationale-ouvrira-en-janvier-a-gerland\" target=\"_blank\" rel=\"noreferrer noopener nofollow\">M\u00e9tropole de Lyon<\/a><\/strong> nous explique ce changement.<\/p>\n<p>Ecoutez le podcast<\/p>\n<p>Gare routi\u00e8re de Gerland<\/p>\n<p>\u00ab\u00a0On n\u2019avait pas le temps de faire une <strong>gare routi\u00e8re internationale<\/strong> d\u00e9finitive dans les d\u00e9lais. Si on avait voulu directement aller sur le site d\u00e9finitif, on aurait eu plusieurs ann\u00e9es de fermeture de la gare. Ce qui aurait pos\u00e9 \u00e9norm\u00e9ment de probl\u00e8mes puisque <strong>deux millions et demi de voyages<\/strong> sont effectu\u00e9s chaque ann\u00e9e actuellement via la <strong>gare routi\u00e8re internationale de Perrache<\/strong>. Dont les deux tiers concernent des habitants de la <strong>M\u00e9tropole de Lyon<\/strong>. Et donc on a cherch\u00e9 \u00e0 faire quelque chose de provisoire, ici sur le secteur de <strong>Gerland<\/strong>. Et pourquoi ici \u00e0 Gerland on ne pr\u00e9voit pas quelque chose de d\u00e9finitif ? Parce qu\u2019on pense qu\u2019on a d\u2019autres enjeux ici au c\u0153ur de Gerland qu\u2019une <strong>gare routi\u00e8re internationale<\/strong>\u00ab\u00a0.<\/p>\n<p>Ecoutez aussi <\/p>\n<p><a href=\"https:\/\/www.lyondemain.fr\/cargo-bike-festival-2025-lyon-bellecour\/\" target=\"_blank\" rel=\"noreferrer noopener nofollow\">Cargo Bike Festival 2025 : des v\u00e9los cargo + compacts et \u2013 chers<\/a><\/p>\n<p>Un parking sous-utilis\u00e9 transform\u00e9 en gare routi\u00e8re provisoire<\/p>\n<p>A <strong>Gerland<\/strong>, c\u2019est l\u2019immense parking situ\u00e9 entre la station-service et le <strong>Palais des Sports<\/strong> qui est reconfigur\u00e9 pour devenir la <strong>nouvelle gare routi\u00e8re<\/strong>. Le sud de la ville va voir passer <strong>230 cars quotidiens<\/strong> et quelques <strong>2,5 millions de voyageurs<\/strong> qui optent pour ce <strong>service d\u2019autocars<\/strong> au d\u00e9part de Lyon et en direction de nombreuses villes europ\u00e9ennes.<\/p>\n<p>Un quartier de Gerland meurtri ces derniers mois par la <strong>construction du tramway<\/strong>\u2026 Pour autant la maire d\u2019arrondissement <strong>Fanny Dubot<\/strong> est plut\u00f4t confiante.<\/p>\n<p>\u00ab\u00a03,9 millions d\u2019euros ont \u00e9t\u00e9 investis par la M\u00e9tropole ici. J\u2019ai eu des craintes au d\u00e9part. Mais finalement c\u2019est un point positif pour le quartier et surtout pour les <strong>voyageurs<\/strong>. Le fait qu\u2019il y ait des <strong>connexions avec les transports en commun<\/strong> c\u2019est \u00e9videmment un plus. Et puis surtout, le projet pr\u00e9sente des atouts. Un <strong>b\u00e2timent pour les voyageurs<\/strong>, un <strong>b\u00e2timent pour les chauffeurs de cars<\/strong>, des quais agr\u00e9ables. On a aussi pr\u00e9serv\u00e9 les <strong>arbres du parking du Palais des Sports<\/strong>. Et finalement, toutes les cases ont \u00e9t\u00e9 coch\u00e9es. Et donc, j\u2019accueille plut\u00f4t positivement ce projet dans le quartier\u00a0\u00bb.<\/p>\n<p>Ecoutez aussi <\/p>\n<p><a href=\"https:\/\/www.lyondemain.fr\/pont-suspendu-oullins-lyon\/\" target=\"_blank\" rel=\"noreferrer noopener nofollow\">Gerland \u2013 La Saulaie : le premier pont suspendu du 21\u00e8me si\u00e8cle<\/a><\/p>\n<p><img fetchpriority=\"high\" decoding=\"async\" width=\"1200\" height=\"675\" src=\"https:\/\/www.europesays.com\/fr\/wp-content\/uploads\/2025\/10\/gare-routiere-parking-palais-des-sports.jpg\" alt=\"parking palais des sports de Lyon\" class=\"wp-image-252195\"  \/><\/p>\n<p>Un \u00e9quipement plus accueillant et plus fonctionnel<\/p>\n<p>Avec <strong>17 quais d\u2019exploitation<\/strong> et <strong>4 quais de r\u00e9gulation<\/strong>, le nouveau site se veut <strong>plus accueillant pour les voyageurs<\/strong>. Et <strong>plus fonctionnel pour les \u00e9quipes de gestion de la gare routi\u00e8re<\/strong>. Nous avons rencontr\u00e9 <strong>Rodolphe Drangorski<\/strong>, charg\u00e9 de mission \u00ab\u00a0pilotage de projets mobilit\u00e9s\u00a0\u00bb. Et notamment, en charge du <strong>transfert de la gare routi\u00e8re de Perrache vers Gerland<\/strong>.<\/p>\n<p>\u00ab\u00a09 trav\u00e9es composaient ce parking. On en utilise 3 pour la <strong>gare routi\u00e8re<\/strong>. Ces trav\u00e9es-l\u00e0 \u00e9taient utilis\u00e9es uniquement pour les matchs ou les gros \u00e9v\u00e9nements sur le secteur. Donc on utilise 3 trav\u00e9es. Les 4 premi\u00e8res restent sur du stationnement. Les 2 derni\u00e8res restent \u00e0 l\u2019usage du Palais des Sports de la ville de Lyon\u00a0\u00bb.<\/p>\n<p>Au-del\u00e0 des quais, le site comprend aussi un <strong>b\u00e2timent \u00e9quip\u00e9 d\u2019une salle d\u2019attente<\/strong>, de <strong>guichets de ventes<\/strong> pour les op\u00e9rateurs de bus mais aussi d\u2019une <strong>salle de repos pour les conducteurs<\/strong>. Des toilettes publiques et des <strong>bureaux pour l\u2019exploitant de la gare, <a href=\"https:\/\/kisio.com\/\" target=\"_blank\" rel=\"noreferrer noopener nofollow\">Kisio<\/a><\/strong>\u2026 C\u2019est un <strong>batiment modulaire<\/strong> qui a d\u00e9j\u00e0 servi d\u2019\u00e9cole dans le 9\u00e8me arrondissement et qui s\u2019adapte pour un nouvel usage \u00e0 Gerland.<\/p>\n<p>Ecoutez aussi : <a href=\"https:\/\/www.lyondemain.fr\/renovation-des-ascenseurs-escaliers-mecaniques-tcl\/\" target=\"_blank\" rel=\"noreferrer noopener nofollow\">TCL : un plan de r\u00e9novation des ascenseurs et escalators<\/a><\/p>\n<p>De l\u2019\u00e9cole \u00e0 la gare routi\u00e8re\u2026<\/p>\n<p><strong>Anthony Rolland<\/strong> est charg\u00e9 d\u2019\u00e9tudes chez <strong><a href=\"https:\/\/www.planb-archi.fr\/gare-routiere-internationale-provisoire-de-lyon-visite-de-chantier-par-la-metropole-son-president-m-bruno-bernard\/\" target=\"_blank\" rel=\"noreferrer noopener nofollow\">Plan B Architectes<\/a><\/strong>. \u00ab\u00a0Une zone sera d\u00e9di\u00e9e \u00e0 l\u2019accueil du public. Accessible sur deux fa\u00e7ades, depuis le domaine public et depuis les quais. On aura les salles d\u2019attente, les guichets, les espaces de vente, des sanitaires aussi pour le public. Des s\u00e9parations seront cr\u00e9\u00e9es pour s\u00e9parer l\u2019espace public \u00e0 la partie bureaux, salles de r\u00e9union, locaux de pause pour les salari\u00e9s et pour les conducteurs de bus\u00a0\u00bb.<\/p>\n<p><img loading=\"lazy\" decoding=\"async\" width=\"1200\" height=\"675\" src=\"https:\/\/www.europesays.com\/fr\/wp-content\/uploads\/2025\/10\/gare-routiere-Anhony-Polland-Plan-B-Architectes.jpg\" alt=\"gare routi\u00e8re\" class=\"wp-image-252190\"  \/>Anhony Polland<\/p>\n<p>Pour rappel, la <strong>gare routi\u00e8re de Lyon<\/strong> est la plus fr\u00e9quent\u00e9e de France apr\u00e8s celle de <strong>Paris-Bercy<\/strong>.<\/p>\n<p>Ecoutez aussi <\/p>\n<p><a href=\"https:\/\/www.lyondemain.fr\/ztl-presquile-lyon\/\" target=\"_blank\" rel=\"noreferrer noopener nofollow\">\u00ab\u00a0La ZTL est une r\u00e9ponse \u00e0 la morosit\u00e9 ambiante\u00a0\u00bb Gr\u00e9gory Doucet<\/a><\/p>\n<p><img loading=\"lazy\" decoding=\"async\" width=\"1200\" height=\"675\" src=\"https:\/\/www.europesays.com\/fr\/wp-content\/uploads\/2025\/10\/gare-routiere-Lyon-de-Perrache-a-Gerland.jpg\" alt=\"gare routi\u00e8re\" class=\"wp-image-252196\"  \/><br \/>\nJ\u2019aime \u00e7a\u00a0:<\/p>\n<p>J\u2019aime chargement\u2026<\/p>\n<p><a class=\"sd-link-color\"\/><\/p>\n<p>\n\tArticles similaires\n<\/p>\n<p>\t\t\t\t<img decoding=\"async\" src=\"https:\/\/www.europesays.com\/fr\/wp-content\/uploads\/2025\/10\/1761702380_269_7866158698e17e8ed633c05e8f8e7fe5d9e057ad78661c4dc34e413abb6b9f19\" alt=\"G\u00e9rald Bouchon\"\/><\/p>\n<p>Pionnier des radios libres, passionn\u00e9 de radio, journaliste et dirigeant de m\u00e9dias \u00e9co-responsables..<\/p>\n","protected":false},"excerpt":{"rendered":"En janvier prochain, la gare routi\u00e8re internationale de Lyon s\u2019installera sur le parking du Palais des sports de&hellip;\n","protected":false},"author":2,"featured_media":496661,"comment_status":"","ping_status":"","sticky":false,"template":"","format":"standard","meta":{"footnotes":""},"categories":[1889],"tags":[1111,11,61769,2430,5921,61892,1777,674,38480,1011,27,61770,5303,14724,2428,10510,12,19825,61893,25,8692],"class_list":{"0":"post-496660","1":"post","2":"type-post","3":"status-publish","4":"format-standard","5":"has-post-thumbnail","7":"category-lyon","8":"tag-actu","9":"tag-actualites","10":"tag-autocars","11":"tag-auvergne-rhone-alpes","12":"tag-bruno-bernard","13":"tag-centre-dechanges","14":"tag-eu","15":"tag-europe","16":"tag-fanny-dubot","17":"tag-fr","18":"tag-france","19":"tag-gare-routiere","20":"tag-gerland","21":"tag-kisio","22":"tag-lyon","23":"tag-metropole-de-lyon","24":"tag-news","25":"tag-palais-des-sports","26":"tag-plan-b-architectes","27":"tag-republique-francaise","28":"tag-voyageurs"},"share_on_mastodon":{"url":"https:\/\/pubeurope.com\/@fr\/115454934240391205","error":""},"_links":{"self":[{"href":"https:\/\/www.europesays.com\/fr\/wp-json\/wp\/v2\/posts\/496660","targetHints":{"allow":["GET"]}}],"collection":[{"href":"https:\/\/www.europesays.com\/fr\/wp-json\/wp\/v2\/posts"}],"about":[{"href":"https:\/\/www.europesays.com\/fr\/wp-json\/wp\/v2\/types\/post"}],"author":[{"embeddable":true,"href":"https:\/\/www.europesays.com\/fr\/wp-json\/wp\/v2\/users\/2"}],"replies":[{"embeddable":true,"href":"https:\/\/www.europesays.com\/fr\/wp-json\/wp\/v2\/comments?post=496660"}],"version-history":[{"count":0,"href":"https:\/\/www.europesays.com\/fr\/wp-json\/wp\/v2\/posts\/496660\/revisions"}],"wp:featuredmedia":[{"embeddable":true,"href":"https:\/\/www.europesays.com\/fr\/wp-json\/wp\/v2\/media\/496661"}],"wp:attachment":[{"href":"https:\/\/www.europesays.com\/fr\/wp-json\/wp\/v2\/media?parent=496660"}],"wp:term":[{"taxonomy":"category","embeddable":true,"href":"https:\/\/www.europesays.com\/fr\/wp-json\/wp\/v2\/categories?post=496660"},{"taxonomy":"post_tag","embeddable":true,"href":"https:\/\/www.europesays.com\/fr\/wp-json\/wp\/v2\/tags?post=496660"}],"curies":[{"name":"wp","href":"https:\/\/api.w.org\/{rel}","templated":true}]}}