{"id":496666,"date":"2025-10-29T01:51:17","date_gmt":"2025-10-29T01:51:17","guid":{"rendered":"https:\/\/www.europesays.com\/fr\/496666\/"},"modified":"2025-10-29T01:51:17","modified_gmt":"2025-10-29T01:51:17","slug":"paris-va-t-elle-adopter-bitcoin","status":"publish","type":"post","link":"https:\/\/www.europesays.com\/fr\/496666\/","title":{"rendered":"Paris va-t-elle adopter Bitcoin ?"},"content":{"rendered":"<p>\n\t\t\t\t\tAvertissement : l&rsquo;information pr\u00e9sente dans ce guide ne constitue pas un conseil en investissement. Faites toujours vos propres recherches avant d&rsquo;investir, et ne mettez pas en jeu une somme d&rsquo;argent que vous ne pouvez pas vous permettre de perdre. \t\t\t\t<\/p>\n<p>Le d\u00e9bat quitte les couloirs des crypto-startups pour gagner l\u2019h\u00e9micycle. \u00c0 Paris, une r\u00e9solution parlementaire veut barrer la route \u00e0 l\u2019euro num\u00e9rique et favoriser les stablecoins, tout en rouvrant la porte \u00e0 Bitcoin. L\u2019instant est politique, mon\u00e9taire et strat\u00e9gique.<\/p>\n<p>Une r\u00e9solution qui bouscule la ligne europ\u00e9enne<\/p>\n<p>\u00c9ric Ciotti a d\u00e9pos\u00e9 le 22 octobre 2025 <strong>une proposition de r\u00e9solution europ\u00e9enne<\/strong> (n\u00b01984) qui appelle \u00e0 interdire <a href=\"https:\/\/icobench.com\/fr\/news\/euro-numerique-feuille-de-route-ue\/\" rel=\"nofollow noopener\" target=\"_blank\">un euro num\u00e9rique<\/a> de banque centrale et, \u00e0 la place, \u00e0 promouvoir la diffusion de stablecoins en euros et l\u2019investissement dans les crypto-actifs. Le texte est enregistr\u00e9 \u00e0 l\u2019Assembl\u00e9e nationale et <strong>orient\u00e9 vers la Commission des affaires europ\u00e9ennes pour examen<\/strong>. Ce n\u2019est pas encore une loi, mais un signal de cap envoy\u00e9 au gouvernement comme aux r\u00e9gulateurs.<\/p>\n<p>La motion assume une inflexion nette. <strong>Elle demande \u00e0 Paris de plaider, au niveau europ\u00e9en<\/strong>, pour un cadre prudentiel sp\u00e9cifique aux expositions crypto qui d\u00e9roge au standard de B\u00e2le 2022 afin de faciliter le nantissement d\u2019actifs num\u00e9riques par les institutions. L\u2019id\u00e9e est simple. Si l\u2019on veut un \u00e9cosyst\u00e8me bancaire qui finance l\u2019\u00e9conomie tokenis\u00e9e,<strong> il faut des r\u00e8gles compatibles avec ces actifs.<\/strong><\/p>\n<p><img loading=\"lazy\" decoding=\"async\" class=\"aligncenter wp-image-13345 size-full\" src=\"data:image\/svg+xml,%3Csvg%20xmlns=\" http:=\"\" alt=\"Crypto vs Europe\" width=\"1536\" height=\"1024\" data-lazy- data-lazy- data-lazy-src=\"https:\/\/www.europesays.com\/fr\/wp-content\/uploads\/2025\/10\/Crypto-vs-Europe.jpg\"\/><\/p>\n<p>Fait notable\u2009: le texte cite en exemple la trajectoire am\u00e9ricaine.<strong> C\u2019est une fa\u00e7on de dire que l\u2019Europe n\u2019a plus le monopole normatif<\/strong> et que la comp\u00e9titivit\u00e9 se jouera aussi sur la place faite aux rails financiers nativement num\u00e9riques. Dans ce r\u00e9cit, Paris ne veut plus subir. Elle veut peser.<\/p>\n<p>Pourquoi viser les stablecoins plut\u00f4t qu\u2019une CBDC\u2009?<\/p>\n<p>La r\u00e9solution s\u2019appuie sur un pr\u00e9c\u00e9dent devenu impossible \u00e0 ignorer. <a href=\"https:\/\/icobench.com\/fr\/news\/genius-act-favorisait-wall-street\/\" rel=\"nofollow noopener\" target=\"_blank\">La loi am\u00e9ricaine GENIUS<\/a>, promulgu\u00e9e<strong> le 18 juillet 2025,<\/strong> qui encadre les \u00e9metteurs de stablecoins et, dans le m\u00eame mouvement politique, enterre l\u2019id\u00e9e d\u2019un dollar num\u00e9rique \u00e9mis par la Fed. Le message outre-Atlantique est clair\u2009avec priorit\u00e9 au secteur priv\u00e9 r\u00e9gul\u00e9, pas \u00e0 une CBDC f\u00e9d\u00e9rale.<\/p>\n<p>Concr\u00e8tement, <a href=\"https:\/\/www.assemblee-nationale.fr\/dyn\/17\/textes\/l17b1984_proposition-resolution-europeenne#D_Article_unique\" target=\"_blank\" rel=\"noopener noreferrer nofollow\">ce choix<\/a> a deux cons\u00e9quences. Il invite les banques et \u00e9tablissements non bancaires licenci\u00e9s \u00e0 \u00e9mettre des stablecoins adoss\u00e9s \u00e0 des r\u00e9serves strictement supervis\u00e9es, avec une cha\u00eene de responsabilit\u00e9s lisible. En outre, <strong>il laisse au march\u00e9 l\u2019initiative de l\u2019innovation sur les paiements,<\/strong> tout en prot\u00e9geant le consommateur par le droit prudentiel. La France, en s\u2019alignant partiellement, chercherait \u00e0 capter les flux et les talents qui suivent l\u2019infrastructure.<\/p>\n<p><img loading=\"lazy\" decoding=\"async\" class=\"aligncenter wp-image-13346 size-full\" src=\"data:image\/svg+xml,%3Csvg%20xmlns=\" http:=\"\" alt=\"Stablecoin crypto souverainet\u00e9\" width=\"1536\" height=\"1024\" data-lazy- data-lazy- data-lazy-src=\"https:\/\/www.europesays.com\/fr\/wp-content\/uploads\/2025\/10\/Stablecoin-crypto-souverainete.jpg\"\/><\/p>\n<p>Les critiques de la GENIUS Act ont alert\u00e9 sur un risque de \u00ab dollarisation de fait \u00bb via des stablecoins. C\u2019est pr\u00e9cis\u00e9ment l\u00e0 que Paris voudrait<strong> encourager des stablecoins en euros,<\/strong> ancr\u00e9s dans son droit et sa supervision, afin d\u2019\u00e9viter que l\u2019\u00e9conomie num\u00e9rique domestique se r\u00e8gle demain en jetons adoss\u00e9s au Tr\u00e9sor am\u00e9ricain. C\u2019est de la politique mon\u00e9taire par d\u2019autres moyens.<\/p>\n<p>Et Bitcoin dans tout \u00e7a\u2009?<\/p>\n<p>La r\u00e9solution ne prescrit pas l\u2019achat de Bitcoin par l\u2019\u00c9tat. Certains ont toutefois \u00e9voqu\u00e9, autour de ce d\u00e9p\u00f4t, <strong>l\u2019id\u00e9e d\u2019une r\u00e9serve nationale \u00e9quivalente \u00e0 2\u2009% de l\u2019offre totale<\/strong>. Le point n\u2019appara\u00eet pas dans le texte officiel. Il rel\u00e8ve \u00e0 ce stade du d\u00e9bat public, utile parce qu\u2019il force une question. <strong>La France doit-elle d\u00e9tenir un \u00ab or num\u00e9rique \u00bb strat\u00e9gique<\/strong> comme certains d\u00e9tiennent du m\u00e9tal jaune\u2009?<\/p>\n<blockquote class=\"twitter-tweet\" data-width=\"550\" data-dnt=\"true\">\n<p lang=\"en\" dir=\"ltr\">\ud83d\udfe5 Exclusive <a href=\"https:\/\/twitter.com\/TheBigWhale_?ref_src=twsrc%5Etfw\" target=\"_blank\" rel=\"noopener noreferrer nofollow\">@TheBigWhale_<\/a><\/p>\n<p>A pro-crypto bill will be tabled today in the French Parliament by <a href=\"https:\/\/twitter.com\/partiudr?ref_src=twsrc%5Etfw\" target=\"_blank\" rel=\"noopener noreferrer nofollow\">@partiudr<\/a> led by <a href=\"https:\/\/twitter.com\/eciotti?ref_src=twsrc%5Etfw\" target=\"_blank\" rel=\"noopener noreferrer nofollow\">@eciotti<\/a><\/p>\n<p>This is the first time such a comprehensive text on the subject has been proposed in France. \ud83c\uddeb\ud83c\uddf7<\/p>\n<p>Here are the proposals, which fall into three main areas.<\/p>\n<p>\ud83d\udc49\u2026 <a href=\"https:\/\/t.co\/qIf6KJor8m\" target=\"_blank\" rel=\"noopener noreferrer nofollow\">pic.twitter.com\/qIf6KJor8m<\/a><\/p>\n<p>\u2014 Gr\u00e9gory Raymond \ud83d\udc33 (@gregory_raymond) <a href=\"https:\/\/twitter.com\/gregory_raymond\/status\/1983086444756279452?ref_src=twsrc%5Etfw\" target=\"_blank\" rel=\"noopener noreferrer nofollow\">October 28, 2025<\/a><\/p>\n<\/blockquote>\n<p>Le climat politique s\u2019y pr\u00eate. En ao\u00fbt, des d\u00e9put\u00e9s ont remis sur la table <strong>l\u2019hypoth\u00e8se d\u2019exploiter l\u2019\u00e9nergie exc\u00e9dentaire du parc nucl\u00e9aire fran\u00e7ais<\/strong> pour miner du Bitcoin, avec des sc\u00e9narios de valorisation de chaleur fatale et d\u2019arbitrage r\u00e9seau. L\u00e0 encore, rien d\u2019adopt\u00e9. Mais la logique industrielle est de<strong> transformer des m\u00e9gawatts perdus en un actif liquide,<\/strong> n\u00e9gociable 24\/7, dont la France contr\u00f4lerait la production en partie.<\/p>\n<p>\u00c0 l\u2019international, l\u2019id\u00e9e de r\u00e9serves strat\u00e9giques crypto fait son chemin, des annonces exploratoires en Asie centrale \u00e0 des dispositifs plus avanc\u00e9s au Bhoutan. <strong>Le mouvement est embryonnaire, h\u00e9t\u00e9rog\u00e8ne,<\/strong> souvent mal document\u00e9, mais il existe. S\u2019il s\u2019acc\u00e9l\u00e9rait, l\u2019acc\u00e8s pr\u00e9f\u00e9rentiel \u00e0 une \u00e9nergie bas-carbone et bon march\u00e9 deviendrait un avantage g\u00e9opolitique clef. <strong>La France, si elle le voulait, dispose d\u00e9j\u00e0 du parc.<\/strong><\/p>\n<p>\t\t\t<script async src=\"https:\/\/platform.twitter.com\/widgets.js\" charset=\"utf-8\"><\/script><\/p>\n","protected":false},"excerpt":{"rendered":"Avertissement : l&rsquo;information pr\u00e9sente dans ce guide ne constitue pas un conseil en investissement. Faites toujours vos propres&hellip;\n","protected":false},"author":2,"featured_media":496667,"comment_status":"","ping_status":"","sticky":false,"template":"","format":"standard","meta":{"footnotes":""},"categories":[1888],"tags":[1111,1928,11,1927,5688,1777,674,1011,27,12,1926,626,1925,25],"class_list":{"0":"post-496666","1":"post","2":"type-post","3":"status-publish","4":"format-standard","5":"has-post-thumbnail","7":"category-paris","8":"tag-actu","9":"tag-actu-paris","10":"tag-actualites","11":"tag-actualites-paris","12":"tag-bitcoin","13":"tag-eu","14":"tag-europe","15":"tag-fr","16":"tag-france","17":"tag-news","18":"tag-news-paris","19":"tag-paris","20":"tag-paris-news","21":"tag-republique-francaise"},"share_on_mastodon":{"url":"https:\/\/pubeurope.com\/@fr\/115454953699420242","error":""},"_links":{"self":[{"href":"https:\/\/www.europesays.com\/fr\/wp-json\/wp\/v2\/posts\/496666","targetHints":{"allow":["GET"]}}],"collection":[{"href":"https:\/\/www.europesays.com\/fr\/wp-json\/wp\/v2\/posts"}],"about":[{"href":"https:\/\/www.europesays.com\/fr\/wp-json\/wp\/v2\/types\/post"}],"author":[{"embeddable":true,"href":"https:\/\/www.europesays.com\/fr\/wp-json\/wp\/v2\/users\/2"}],"replies":[{"embeddable":true,"href":"https:\/\/www.europesays.com\/fr\/wp-json\/wp\/v2\/comments?post=496666"}],"version-history":[{"count":0,"href":"https:\/\/www.europesays.com\/fr\/wp-json\/wp\/v2\/posts\/496666\/revisions"}],"wp:featuredmedia":[{"embeddable":true,"href":"https:\/\/www.europesays.com\/fr\/wp-json\/wp\/v2\/media\/496667"}],"wp:attachment":[{"href":"https:\/\/www.europesays.com\/fr\/wp-json\/wp\/v2\/media?parent=496666"}],"wp:term":[{"taxonomy":"category","embeddable":true,"href":"https:\/\/www.europesays.com\/fr\/wp-json\/wp\/v2\/categories?post=496666"},{"taxonomy":"post_tag","embeddable":true,"href":"https:\/\/www.europesays.com\/fr\/wp-json\/wp\/v2\/tags?post=496666"}],"curies":[{"name":"wp","href":"https:\/\/api.w.org\/{rel}","templated":true}]}}