{"id":496668,"date":"2025-10-29T01:52:13","date_gmt":"2025-10-29T01:52:13","guid":{"rendered":"https:\/\/www.europesays.com\/fr\/496668\/"},"modified":"2025-10-29T01:52:13","modified_gmt":"2025-10-29T01:52:13","slug":"un-infirmier-suspendu-le-silence-de-la-direction-denonce","status":"publish","type":"post","link":"https:\/\/www.europesays.com\/fr\/496668\/","title":{"rendered":"un infirmier suspendu, le silence de la direction d\u00e9nonc\u00e9"},"content":{"rendered":"<p>            Par<br \/>\n        <strong><br \/>\n            <a href=\"https:\/\/actu.fr\/auteur\/redaction-paris\" title=\"Consulter tous les articles de R\u00e9daction Paris\" target=\"_blank\" rel=\"noopener\">R\u00e9daction Paris<\/a><br \/>\n        <\/strong><\/p>\n<p>        Publi\u00e9 le<\/p>\n<p>            28 oct. 2025 \u00e0 17h48        <\/p>\n<p>Depuis plusieurs mois, l\u2019<a href=\"https:\/\/actu.fr\/tag\/ehpad\" target=\"_blank\" rel=\"noopener\">Ehpad<\/a> Les Tournelles \u00e0 Bois-Colombes est dans la tourmente. Un de ses infirmiers est accus\u00e9 par ses coll\u00e8gues d\u2019attouchements et <a href=\"https:\/\/actu.fr\/tag\/violences-sexuelles\" target=\"_blank\" rel=\"noopener\">d\u2019agressions sexuelles<\/a> envers d\u2019autres salari\u00e9s et des <strong>patientes de l\u2019\u00e9tablissement<\/strong>. La CGT 92 d\u00e9nonce \u00ab l\u2019omerta \u00bb de la direction.<\/p>\n<p>\u00ab\u00a0Silence total de la direction\u00a0\u00bb<\/p>\n<p class=\" wall-content\">Selon les informations du syndicat, les premiers signalements remonteraient \u00e0 mai 2025. Une vacataire aurait alert\u00e9 sur des agressions sexuelles commises envers des <strong>r\u00e9sidentes<\/strong> par un infirmier. Quelques mois plus tard, au cours de l\u2019\u00e9t\u00e9, des <strong>salari\u00e9s<\/strong> auraient t\u00e9moign\u00e9 avoir \u00e9t\u00e9 victimes d\u2019agressions sexuelles par le m\u00eame homme. \u00ab L\u00e0 encore, silence total de la direction \u00bb, d\u00e9plore la CGT. \u00ab Il aura fallu que notre organisation syndicale d\u00e9nonce publiquement ces faits par voie de communiqu\u00e9s pour que l\u2019omerta commence enfin \u00e0 se fissurer. \u00bb<\/p>\n<p class=\" wall-content\">D\u2019apr\u00e8s <a href=\"https:\/\/www.leparisien.fr\/hauts-de-seine-92\/ma-mere-ne-peut-se-defendre-linfirmier-de-lehpad-soupconne-dattouchements-sur-deux-residentes-de-95-ans-24-10-2025-B3OUNTERLFBHPKWKX6OMY6UUFI.php\" target=\"_blank\" rel=\"noopener\">Le Parisien<\/a>, la direction de l\u2019\u00e9tablissement a adress\u00e9 un signalement au procureur de la R\u00e9publique le 14 octobre 2025, \u00e9voquant dans un premier temps la \u00ab trop grande familiarit\u00e9 \u00bb de l\u2019infirmier avec ses coll\u00e8gues. L\u2019enqu\u00eate men\u00e9e en interne n\u2019aurait pas permis de caract\u00e9riser les faits d\u2019agression ou de harc\u00e8lement sexuel, mais elle aurait fait la lumi\u00e8re sur les deux agressions des r\u00e9sidentes, <strong>\u00e2g\u00e9es de 95 ans<\/strong> et souffrant de troubles cognitifs trop importants pour qu\u2019elles puissent \u00eatre entendues par les enqu\u00eateurs.<\/p>\n<p class=\" wall-content\">Des r\u00e9v\u00e9lations qui ont men\u00e9 \u00e0 la <strong>suspension du suspect<\/strong>. Mais toujours selon le quotidien, la direction aurait \u00e9t\u00e9 mise au courant de ces faits d\u00e8s le mois d\u2019ao\u00fbt, par mail, par une vacataire t\u00e9moin de certaines des agressions.<\/p>\n<p class=\" wall-content\">La CGT demande \u00ab protection imm\u00e9diate des victimes et t\u00e9moins \u00bb ; \u00ab <strong>enqu\u00eate<\/strong> ind\u00e9pendante sur les faits et sur la gestion d\u00e9faillante de la direction \u00bb ; et \u00ab la mise en place de <strong>mesures de pr\u00e9vention<\/strong> et de formation contre les violences sexistes et sexuelles dans l\u2019\u00e9tablissement \u00bb.\u00a0Cinq plaintes et trois mains courantes auraient \u00e9t\u00e9 d\u00e9pos\u00e9es.\u00a0<\/p>\n<p class=\" wall-content\">Contact\u00e9e par\u00a0actu Paris, la direction de l\u2019Ehpad affirme que \u00ab\u00a0s\u2019ils venaient \u00e0 \u00eatre confirm\u00e9s\u00a0\u00bb, ces faits \u00ab\u00a0constituent des <strong>agissements graves et r\u00e9pr\u00e9hensibles<\/strong> que le Groupe Emera condamne avec la plus grande fermet\u00e9.\u00a0\u00bb Et d\u2019assurer que \u00ab\u00a0la direction de l\u2019\u00e9tablissement et le groupe Emera collaborent et apportent tout leur concours \u00e0 l\u2019enqu\u00eate de police en cours.\u00a0\u00bb Une enqu\u00eate interne est en cours aupr\u00e8s des r\u00e9sidentes concern\u00e9es.\u00a0<\/p>\n<p class=\" wall-content\">Personnalisez votre actualit\u00e9 en ajoutant vos villes et m\u00e9dias en favori avec <a href=\"https:\/\/moncompte.actu.fr\" title=\"D\u00e9couvez Mon Actu\" rel=\"nofollow noopener\" data-trk=\"{&quot;cta&quot;:{&quot;action&quot;:&quot;https:\\\/\\\/moncompte.actu.fr&quot;,&quot;category&quot;:&quot;mon compte&quot;,&quot;from&quot;:&quot;article footer&quot;,&quot;name&quot;:&quot;Mon actu&quot;,&quot;type&quot;:&quot;cta&quot;}}\" target=\"_blank\">Mon Actu<\/a>.<\/p>\n","protected":false},"excerpt":{"rendered":"Par R\u00e9daction Paris Publi\u00e9 le 28 oct. 2025 \u00e0 17h48 Depuis plusieurs mois, l\u2019Ehpad Les Tournelles \u00e0 Bois-Colombes&hellip;\n","protected":false},"author":2,"featured_media":479644,"comment_status":"","ping_status":"","sticky":false,"template":"","format":"standard","meta":{"footnotes":""},"categories":[1888],"tags":[11,12216,1777,674,118,1011,27,12,626,25,799],"class_list":{"0":"post-496668","1":"post","2":"type-post","3":"status-publish","4":"format-standard","5":"has-post-thumbnail","7":"category-paris","8":"tag-actualites","9":"tag-ehpad","10":"tag-eu","11":"tag-europe","12":"tag-faits-divers","13":"tag-fr","14":"tag-france","15":"tag-news","16":"tag-paris","17":"tag-republique-francaise","18":"tag-violences-sexuelles"},"share_on_mastodon":{"url":"https:\/\/pubeurope.com\/@fr\/115454957491727632","error":""},"_links":{"self":[{"href":"https:\/\/www.europesays.com\/fr\/wp-json\/wp\/v2\/posts\/496668","targetHints":{"allow":["GET"]}}],"collection":[{"href":"https:\/\/www.europesays.com\/fr\/wp-json\/wp\/v2\/posts"}],"about":[{"href":"https:\/\/www.europesays.com\/fr\/wp-json\/wp\/v2\/types\/post"}],"author":[{"embeddable":true,"href":"https:\/\/www.europesays.com\/fr\/wp-json\/wp\/v2\/users\/2"}],"replies":[{"embeddable":true,"href":"https:\/\/www.europesays.com\/fr\/wp-json\/wp\/v2\/comments?post=496668"}],"version-history":[{"count":0,"href":"https:\/\/www.europesays.com\/fr\/wp-json\/wp\/v2\/posts\/496668\/revisions"}],"wp:featuredmedia":[{"embeddable":true,"href":"https:\/\/www.europesays.com\/fr\/wp-json\/wp\/v2\/media\/479644"}],"wp:attachment":[{"href":"https:\/\/www.europesays.com\/fr\/wp-json\/wp\/v2\/media?parent=496668"}],"wp:term":[{"taxonomy":"category","embeddable":true,"href":"https:\/\/www.europesays.com\/fr\/wp-json\/wp\/v2\/categories?post=496668"},{"taxonomy":"post_tag","embeddable":true,"href":"https:\/\/www.europesays.com\/fr\/wp-json\/wp\/v2\/tags?post=496668"}],"curies":[{"name":"wp","href":"https:\/\/api.w.org\/{rel}","templated":true}]}}