{"id":496674,"date":"2025-10-29T01:57:19","date_gmt":"2025-10-29T01:57:19","guid":{"rendered":"https:\/\/www.europesays.com\/fr\/496674\/"},"modified":"2025-10-29T01:57:19","modified_gmt":"2025-10-29T01:57:19","slug":"le-secretaire-general-to-lam-rencontre-le-personnel-de-lambassade-et-la-communaute-vietnamienne-au-royaume-uni","status":"publish","type":"post","link":"https:\/\/www.europesays.com\/fr\/496674\/","title":{"rendered":"Le secr\u00e9taire g\u00e9n\u00e9ral To Lam rencontre le personnel de l&rsquo;ambassade et la communaut\u00e9 vietnamienne au Royaume-Uni."},"content":{"rendered":"<p> Au nom de la communaut\u00e9, l&rsquo;ambassadeur du Vietnam au Royaume-Uni, Do Minh Hung, a exprim\u00e9 sa joie et son \u00e9motion lorsque <a class=\"data-link\" data-org-href=\"https:\/\/www.vietnam.vn\/tag\/tong-bi-thu\" href=\"https:\/\/www.vietnam.vn\/tag\/tong-bi-thu\" title=\"Secr\u00e9taire g\u00e9n\u00e9ral\" target=\"_blank\" rel=\"nofollow noopener\">le secr\u00e9taire g\u00e9n\u00e9ral<\/a> To Lam et son \u00e9pouse, ainsi que les camarades de la d\u00e9l\u00e9gation, imm\u00e9diatement apr\u00e8s leur arriv\u00e9e \u00e0 Londres, ont rencontr\u00e9 des Vietnamiens d&rsquo;outre-mer, exprimant l&rsquo;affection et l&rsquo;attention du Parti et de l&rsquo;\u00c9tat pour les Vietnamiens d&rsquo;outre-mer, affirmant la politique constante de consolidation ferme du grand bloc d&rsquo;unit\u00e9 nationale, promouvant fortement la force de tout le peuple dans la cause de la construction et du d\u00e9veloppement du pays.<\/p>\n<p> L&rsquo;Ambassadeur Do Minh Hung a d\u00e9clar\u00e9 que la communaut\u00e9 vietnamienne au Royaume-Uni compte plus de 100\u00a0000 personnes et s&rsquo;int\u00e8gre activement \u00e0 la soci\u00e9t\u00e9 d&rsquo;accueil. La grande majorit\u00e9 de la population est anim\u00e9e d&rsquo;un esprit patriotique, s&rsquo;efforce de pr\u00e9server son identit\u00e9 traditionnelle, renforce la solidarit\u00e9 communautaire et l&rsquo;amour mutuel, et se tourne toujours vers la patrie par des actions concr\u00e8tes. La communaut\u00e9 d&rsquo;affaires vietnamienne au Royaume-Uni se renforce et constitue un pont important pour la coop\u00e9ration commerciale, <a class=\"data-link\" data-org-href=\"https:\/\/www.vietnam.vn\/category\/khoa-hoc\" href=\"https:\/\/www.vietnam.vn\/category\/khoa-hoc\" title=\"science\" target=\"_blank\" rel=\"nofollow noopener\">scientifique<\/a> et technologique entre les deux pays. R\u00e9cemment, l&rsquo;ambassade a d\u00e9ploy\u00e9 de nombreux efforts pour mettre en \u0153uvre des actions communautaires dans la r\u00e9gion, ce qui lui a valu la reconnaissance et la confiance de la communaut\u00e9.<\/p>\n<p> Dans l&rsquo;ambiance chaleureuse de la r\u00e9union, les repr\u00e9sentants de l&rsquo;Association vietnamienne, de l&rsquo;Association des intellectuels vietnamiens et de l&rsquo;Association des \u00e9tudiants vietnamiens du Royaume-Uni de Grande-Bretagne et d&rsquo;Irlande du Nord ont exprim\u00e9 leur \u00e9motion face \u00e0 la visite et \u00e0 la rencontre du secr\u00e9taire g\u00e9n\u00e9ral, de son \u00e9pouse et de la d\u00e9l\u00e9gation vietnamienne de haut rang, source d&rsquo;encouragement pour la communaut\u00e9 vietnamienne. Loin de sa patrie, la communaut\u00e9 vietnamienne conserve son identit\u00e9 propre, marqu\u00e9e par des qualit\u00e9s telles que le travail acharn\u00e9, l&rsquo;assiduit\u00e9, la loyaut\u00e9, le sens des responsabilit\u00e9s, l&rsquo;esprit d&rsquo;adaptation, une forte volont\u00e9 d&rsquo;\u00e9volution et le d\u00e9sir de contribuer au d\u00e9veloppement de la patrie et du pays. <\/p>\n<p><img loading=\"lazy\" decoding=\"async\" id=\"993332\" alt=\"vna-potal-tong-bi-thu-to-lam-gap-go-can-bo-nhan-vien-dai-su-quan-va-cong-dong-nguoi-viet-nam-tai-anh-8371072-6466.jpg\" data-width=\"1920\" data-height=\"1080\" data-image-id=\"993332\" class=\"lazyload cms-photo\" data-large-src=\"https:\/\/cdn.nhandan.vn\/images\/9eb0edfe85bc5a84a79d5109be8de307f53a45c3789481150015ba6e04849a3fbe3e2a988f6d9eb7b59994c99a1d56c8713e5c5b027dca77a8544b25ffa87a403e86f0a341c7e4e949fb7d0e0e242822eefda40f3db882de779f90e4f1125aa920491f0e7e7cd689584156f5c53a616a8e8deebae10d38c0cc014930e5a26937baa66fea31b3ca0aff93970bb0c1ce9844949415cb5c739cdc5e241f173cba48\/vna-potal-tong-bi-thu-to-lam-gap-go-can-bo-nhan-vien-dai-su-quan-va-cong-dong-nguoi-viet-nam-tai-anh-8371072-6466.jpg\" src=\"https:\/\/www.europesays.com\/fr\/wp-content\/uploads\/2025\/10\/vna-potal-tong-bi-thu-to-lam-gap-go-can-bo-nhan-vien-dai-su-quan-va-cong-dong-nguoi-viet-nam-tai-anh.jpeg\" title=\"Le secr\u00e9taire g\u00e9n\u00e9ral To Lam s'exprime. (Photo\u00a0: Thong Nhat\/VNA)\" width=\"770\" height=\"433\"\/> Le secr\u00e9taire g\u00e9n\u00e9ral To Lam s&rsquo;exprime. (Photo\u00a0: Thong Nhat\/VNA) <\/p>\n<p> \u00c0 l&rsquo;\u00e9coute des r\u00e9flexions et des aspirations du peuple, le Secr\u00e9taire g\u00e9n\u00e9ral To Lam s&rsquo;est r\u00e9joui de constater que nos Vietnamiens d&rsquo;outre-mer se tournent toujours vers leur patrie, actualisent la situation du pays et pr\u00eatent attention aux nouvelles politiques du Parti et de l&rsquo;\u00c9tat. Le Secr\u00e9taire g\u00e9n\u00e9ral a d\u00e9clar\u00e9 que cette visite de la d\u00e9l\u00e9gation vietnamienne de haut rang s&rsquo;inscrivait dans le contexte du tr\u00e8s bon d\u00e9veloppement des relations entre le Vietnam et le Royaume-Uni. Ce r\u00e9sultat a cr\u00e9\u00e9 des conditions favorables \u00e0 la poursuite de l&rsquo;int\u00e9gration et du d\u00e9veloppement de la communaut\u00e9 vietnamienne au Royaume-Uni.<\/p>\n<p> F\u00e9licitant les r\u00e9alisations de la communaut\u00e9 vietnamienne au Royaume-Uni, le Secr\u00e9taire g\u00e9n\u00e9ral a reconnu que la communaut\u00e9 vietnamienne, qui compte pr\u00e8s de 100 000 personnes, est l&rsquo;une des plus grandes communaut\u00e9s d&rsquo;Europe ; les gens ont fait de nombreux efforts, se sont unis, se sont entraid\u00e9s pour stabiliser leur vie, s&rsquo;int\u00e9grer dans la soci\u00e9t\u00e9 d&rsquo;accueil et ont men\u00e9 de nombreuses activit\u00e9s diverses pour honorer et pr\u00e9server l&rsquo;identit\u00e9 culturelle et la langue vietnamienne et contribuer \u00e0 renforcer les relations de coop\u00e9ration et d&rsquo;amiti\u00e9 entre les deux pays.<\/p>\n<p> Le Secr\u00e9taire g\u00e9n\u00e9ral a soulign\u00e9 que nos compatriotes \u00e0 l&rsquo;\u00e9tranger sont indissociables de la nation vietnamienne. Le Parti et l&rsquo;\u00c9tat accordent une attention constante \u00e0 la communaut\u00e9 vietnamienne en d\u00e9veloppant des politiques de soutien et en modifiant des lois afin de cr\u00e9er les conditions permettant aux compatriotes \u00e0 l&rsquo;\u00e9tranger d&rsquo;investir, d&rsquo;\u00e9tudier, de faire de la recherche, de cr\u00e9er des entreprises, de transf\u00e9rer des connaissances et de participer \u00e0 des activit\u00e9s culturelles et de diplomatie populaire. \u00c0 l&rsquo;avenir, des politiques pr\u00e9f\u00e9rentielles devraient \u00eatre mises en place pour attirer les meilleurs experts en sciences, technologies et innovation, etc., afin qu&rsquo;ils reviennent travailler au Vietnam. <\/p>\n<p><img loading=\"lazy\" decoding=\"async\" id=\"993334\" alt=\"vna-potal-tong-bi-thu-to-lam-gap-go-can-bo-nhan-vien-dai-su-quan-va-cong-dong-nguoi-viet-nam-tai-anh-8371076-5328.jpg\" data-width=\"1920\" data-height=\"1080\" data-image-id=\"993334\" class=\"lazyload cms-photo\" data-large-src=\"https:\/\/cdn.nhandan.vn\/images\/9eb0edfe85bc5a84a79d5109be8de307f53a45c3789481150015ba6e04849a3fbe3e2a988f6d9eb7b59994c99a1d56c8713e5c5b027dca77a8544b25ffa87a403e86f0a341c7e4e949fb7d0e0e242822eefda40f3db882de779f90e4f1125aa920491f0e7e7cd689584156f5c53a616a8e8deebae10d38c0cc014930e5a26937eccc547060e6ce87bfd5a7ba34396335fdee4cc70b1a48a653e0f08500e8a249\/vna-potal-tong-bi-thu-to-lam-gap-go-can-bo-nhan-vien-dai-su-quan-va-cong-dong-nguoi-viet-nam-tai-anh-8371076-5328.jpg\" src=\"https:\/\/www.europesays.com\/fr\/wp-content\/uploads\/2025\/10\/1761703039_223_vna-potal-tong-bi-thu-to-lam-gap-go-can-bo-nhan-vien-dai-su-quan-va-cong-dong-nguoi-viet-nam-tai-anh.jpeg\" title=\"Le secr\u00e9taire g\u00e9n\u00e9ral To Lam et son \u00e9pouse ont offert une statue du pr\u00e9sident H\u00f4 Chi Minh \u00e0 l'ambassade du Vietnam au Royaume-Uni. (Photo\u00a0: Thong Nhat\/VNA)\" width=\"770\" height=\"433\"\/> Le secr\u00e9taire g\u00e9n\u00e9ral To Lam et son \u00e9pouse ont offert une statue du pr\u00e9sident H\u00f4 Chi Minh \u00e0 l&rsquo;ambassade du Vietnam au Royaume-Uni. (Photo\u00a0: Thong Nhat\/VNA)<\/p>\n<p> Le Secr\u00e9taire g\u00e9n\u00e9ral a inform\u00e9 de certains points saillants de la situation int\u00e9rieure et a affirm\u00e9 sa conviction qu&rsquo;avec la tradition du patriotisme, l&rsquo;esprit d&rsquo;autonomie, l&rsquo;intelligence et la bravoure, la communaut\u00e9 vietnamienne \u00e0 l&rsquo;\u00e9tranger en g\u00e9n\u00e9ral et au Royaume-Uni en particulier continueront \u00e0 se donner la main et \u00e0 s&rsquo;unir avec le Parti, l&rsquo;\u00c9tat et le peuple du pays pour surmonter toutes les difficult\u00e9s et tous les d\u00e9fis, transformer les aspirations en actions, transformer le potentiel en force pratique, pour amener ensemble notre pays dans une nouvelle \u00e8re de d\u00e9veloppement.<\/p>\n<p> Saluant les r\u00e9alisations du personnel de l&rsquo;ambassade, le Secr\u00e9taire g\u00e9n\u00e9ral a reconnu que l&rsquo;ambassade avait men\u00e9 \u00e0 bien ses missions de promotion des relations diplomatiques, de renforcement de la diplomatie \u00e9conomique, de promotion de la diplomatie technologique, de mise en \u0153uvre active d&rsquo;activit\u00e9s de diplomatie culturelle, de soutien \u00e0 la communaut\u00e9 vietnamienne au Royaume-Uni et de protection des citoyens. \u00c0 l&rsquo;avenir, chaque diplomate devra faire preuve d&rsquo;exemplarit\u00e9 et de professionnalisme, et perfectionner constamment ses comp\u00e9tences diplomatiques afin de r\u00e9pondre aux exigences et aux missions de la nouvelle \u00e8re. L&rsquo;ambassade doit poursuivre son travail de protection des citoyens et demeurer un soutien fiable pour la communaut\u00e9 vietnamienne \u00e0 l&rsquo;\u00e9tranger. <\/p>\n<p> \u00c0 cette occasion, le secr\u00e9taire g\u00e9n\u00e9ral To Lam et son \u00e9pouse ont offert \u00e0 l&rsquo;ambassade et \u00e0 la communaut\u00e9 vietnamienne du Royaume-Uni des cadeaux aux saveurs du pays ; ils ont offert des livres vietnamiens aux enfants et des cours de langue vietnamienne \u00e0 la communaut\u00e9 afin que les enfants puissent mieux comprendre l&rsquo;histoire h\u00e9ro\u00efque et la beaut\u00e9 culturelle traditionnelle de la nation.<\/p>\n<p> Source : https:\/\/nhandan.vn\/tong-bi-thu-to-lam-gap-go-can-bo-dai-su-quan-va-cong-dong-nguoi-viet-nam-tai-anh-post918837.html<\/p>\n","protected":false},"excerpt":{"rendered":"Au nom de la communaut\u00e9, l&rsquo;ambassadeur du Vietnam au Royaume-Uni, Do Minh Hung, a exprim\u00e9 sa joie et&hellip;\n","protected":false},"author":2,"featured_media":496675,"comment_status":"","ping_status":"","sticky":false,"template":"","format":"standard","meta":{"footnotes":""},"categories":[1588],"tags":[11,1777,674,12,473,1853,1851,1850,1852],"class_list":{"0":"post-496674","1":"post","2":"type-post","3":"status-publish","4":"format-standard","5":"has-post-thumbnail","7":"category-royaume-uni","8":"tag-actualites","9":"tag-eu","10":"tag-europe","11":"tag-news","12":"tag-royaume-uni","13":"tag-royaume-uni-de-grande-bretagne-et-dirlande-du-nord","14":"tag-uk","15":"tag-united-kingdom","16":"tag-united-kingdom-of-great-britain-and-northern-ireland"},"share_on_mastodon":{"url":"https:\/\/pubeurope.com\/@fr\/115454977383229285","error":""},"_links":{"self":[{"href":"https:\/\/www.europesays.com\/fr\/wp-json\/wp\/v2\/posts\/496674","targetHints":{"allow":["GET"]}}],"collection":[{"href":"https:\/\/www.europesays.com\/fr\/wp-json\/wp\/v2\/posts"}],"about":[{"href":"https:\/\/www.europesays.com\/fr\/wp-json\/wp\/v2\/types\/post"}],"author":[{"embeddable":true,"href":"https:\/\/www.europesays.com\/fr\/wp-json\/wp\/v2\/users\/2"}],"replies":[{"embeddable":true,"href":"https:\/\/www.europesays.com\/fr\/wp-json\/wp\/v2\/comments?post=496674"}],"version-history":[{"count":0,"href":"https:\/\/www.europesays.com\/fr\/wp-json\/wp\/v2\/posts\/496674\/revisions"}],"wp:featuredmedia":[{"embeddable":true,"href":"https:\/\/www.europesays.com\/fr\/wp-json\/wp\/v2\/media\/496675"}],"wp:attachment":[{"href":"https:\/\/www.europesays.com\/fr\/wp-json\/wp\/v2\/media?parent=496674"}],"wp:term":[{"taxonomy":"category","embeddable":true,"href":"https:\/\/www.europesays.com\/fr\/wp-json\/wp\/v2\/categories?post=496674"},{"taxonomy":"post_tag","embeddable":true,"href":"https:\/\/www.europesays.com\/fr\/wp-json\/wp\/v2\/tags?post=496674"}],"curies":[{"name":"wp","href":"https:\/\/api.w.org\/{rel}","templated":true}]}}