{"id":496678,"date":"2025-10-29T01:59:18","date_gmt":"2025-10-29T01:59:18","guid":{"rendered":"https:\/\/www.europesays.com\/fr\/496678\/"},"modified":"2025-10-29T01:59:18","modified_gmt":"2025-10-29T01:59:18","slug":"transforme-en-tempete-il-va-secouer-leurope","status":"publish","type":"post","link":"https:\/\/www.europesays.com\/fr\/496678\/","title":{"rendered":"transform\u00e9 en temp\u00eate, il va secouer l&rsquo;Europe"},"content":{"rendered":"<p class=\"app_entry_lead\">\n<p>                    <a title=\"\u00a0\u00a9\u00a0Goes-19\/Cira\/Noaa\/ZUMA\/SIPA (publi\u00e9e le 28\/10\/2025)\" href=\"https:\/\/www.europesays.com\/fr\/wp-content\/uploads\/2025\/10\/82052792.jpg\" class=\"fancy\"><\/p>\n<p>                            <img loading=\"lazy\" decoding=\"async\" src=\"https:\/\/www.europesays.com\/fr\/wp-content\/uploads\/2025\/10\/82052792.jpg\" alt=\"La France n'est pas \u00e0 l'abri de l'ouragan Melissa\u00a0: transform\u00e9 en temp\u00eate, il va secouer l'Europe\" width=\"1500\" height=\"1065\"\/><\/p>\n<p>                    <\/a><\/p>\n<p>                Alors que l&rsquo;ouragan Melissa est arriv\u00e9 mardi soir en Jama\u00efque avec la promesse de tout d\u00e9vaster, les m\u00e9t\u00e9orologues estiment que la temp\u00eate pourrait avoir des cons\u00e9quences&#8230; en France.<\/p>\n<p>La temp\u00eate historique qui frappe ce mardi soir la Jama\u00efque, pourtant situ\u00e9e \u00e0 quelque 7 773\u00a0km de la France, pourrait bien avoir des r\u00e9percussions dans l&rsquo;Hexagone. C&rsquo;est en tout cas l&rsquo;inqui\u00e9tude soulev\u00e9e par certains m\u00e9t\u00e9orologues fran\u00e7ais. Bien que l&rsquo;ouragan Melissa ait \u00e9t\u00e9 r\u00e9trograd\u00e9 en cat\u00e9gorie 4 (sur 5) apr\u00e8s avoir frapp\u00e9 la Jama\u00efque, Yann Amice affirme aupr\u00e8s d&rsquo;<a href=\"https:\/\/actu.fr\/meteo\/pourquoi-l-ouragan-melissa-pourrait-bientot-declencher-une-nouvelle-tempete-en-france_63355472.html\" target=\"_blank\" rel=\"noopener\">Actu.fr<\/a> qu'\u00a0\u00bb\u00e0 partir de ce mercredi 29\u00a0octobre 2025, la\u00a0m\u00e9t\u00e9o\u00a0va de nouveau s&rsquo;agiter en France\u00a0\u00bb.<\/p>\n<p>Tout d&rsquo;abord, c&rsquo;est un \u00e9pisode m\u00e9diterran\u00e9en qui est annonc\u00e9 entre ce mercredi 29 et ce vendredi 31 octobre. Sont \u00e9galement pr\u00e9vues deux d\u00e9pressions creuses successives qui devraient, pour leur part, se positionner \u00e0 l&rsquo;ouest de la France. La premi\u00e8re concernera les \u00eeles britanniques et l&rsquo;ouest de l&rsquo;Hexagone. Elle est attendue entre mercredi et jeudi. La seconde d\u00e9pression est pr\u00e9vue pour ce week-end des 1er et 2 novembre.<\/p>\n<p>Des vents violents \u00e0 l&rsquo;ouest<\/p>\n<p>Au programme concr\u00e8tement : des vents violents dans l&rsquo;ouest de la France et des perturbations locales. Des restes de l&rsquo;ouragan Melissa, avance Actu.fr. \u00ab\u00a0Le\u00a0jet-stream, ce courant de vents violents qui circulent \u00e0 haute altitude, l&rsquo;am\u00e8nera [l&rsquo;ouragan Melissa ndlr.] en direction des \u00eeles Britanniques ou la Bretagne\u00a0\u00bb, avance Yann Amice. Si les pr\u00e9visions sont \u00e0 affiner dans les jours qui viennent, la d\u00e9pression de dimanche pourrait bien secouer le pays.<\/p>\n<p>Mais avant cela, \u00ab\u00a0le creusement d&rsquo;une d\u00e9pression coupl\u00e9e \u00e0 une goutte froide (de l&rsquo;air froid en altitude) sur la p\u00e9ninsule ib\u00e9rique va faire remonter de l&rsquo;air plus doux et humide sur le pays \u00e0 partir de ce mercredi\u00a0\u00bb, pr\u00e9voit <a href=\"https:\/\/meteofrance.com\/actualites-et-dossiers\/actualites\/retour-de-la-douceur-dans-une-ambiance-parfois-instable\" target=\"_blank\" rel=\"noopener\">M\u00e9t\u00e9o-France<\/a>. Le pays va ainsi conna\u00eetre un \u00e9pisode m\u00e9diterran\u00e9en \u00e0 savoir des remont\u00e9es d&rsquo;air chaud en provenance d&rsquo;Afrique, mais aussi humide et instable. Un air plus doux donc, mais aussi des pr\u00e9cipitations en vue.<\/p>\n","protected":false},"excerpt":{"rendered":"Alors que l&rsquo;ouragan Melissa est arriv\u00e9 mardi soir en Jama\u00efque avec la promesse de tout d\u00e9vaster, les m\u00e9t\u00e9orologues&hellip;\n","protected":false},"author":2,"featured_media":496679,"comment_status":"","ping_status":"","sticky":false,"template":"","format":"standard","meta":{"footnotes":""},"categories":[1586],"tags":[11,61894,51761,1777,674,51763,1011,27,12,51767,25,104],"class_list":{"0":"post-496678","1":"post","2":"type-post","3":"status-publish","4":"format-standard","5":"has-post-thumbnail","7":"category-europe","8":"tag-actualites","9":"tag-cms-linternaute-9109598","10":"tag-controller-content","11":"tag-eu","12":"tag-europe","13":"tag-format-papier","14":"tag-fr","15":"tag-france","16":"tag-news","17":"tag-parallaxeinfeed","18":"tag-republique-francaise","19":"tag-societe"},"share_on_mastodon":{"url":"https:\/\/pubeurope.com\/@fr\/115454985681129456","error":""},"_links":{"self":[{"href":"https:\/\/www.europesays.com\/fr\/wp-json\/wp\/v2\/posts\/496678","targetHints":{"allow":["GET"]}}],"collection":[{"href":"https:\/\/www.europesays.com\/fr\/wp-json\/wp\/v2\/posts"}],"about":[{"href":"https:\/\/www.europesays.com\/fr\/wp-json\/wp\/v2\/types\/post"}],"author":[{"embeddable":true,"href":"https:\/\/www.europesays.com\/fr\/wp-json\/wp\/v2\/users\/2"}],"replies":[{"embeddable":true,"href":"https:\/\/www.europesays.com\/fr\/wp-json\/wp\/v2\/comments?post=496678"}],"version-history":[{"count":0,"href":"https:\/\/www.europesays.com\/fr\/wp-json\/wp\/v2\/posts\/496678\/revisions"}],"wp:featuredmedia":[{"embeddable":true,"href":"https:\/\/www.europesays.com\/fr\/wp-json\/wp\/v2\/media\/496679"}],"wp:attachment":[{"href":"https:\/\/www.europesays.com\/fr\/wp-json\/wp\/v2\/media?parent=496678"}],"wp:term":[{"taxonomy":"category","embeddable":true,"href":"https:\/\/www.europesays.com\/fr\/wp-json\/wp\/v2\/categories?post=496678"},{"taxonomy":"post_tag","embeddable":true,"href":"https:\/\/www.europesays.com\/fr\/wp-json\/wp\/v2\/tags?post=496678"}],"curies":[{"name":"wp","href":"https:\/\/api.w.org\/{rel}","templated":true}]}}