{"id":496684,"date":"2025-10-29T02:02:15","date_gmt":"2025-10-29T02:02:15","guid":{"rendered":"https:\/\/www.europesays.com\/fr\/496684\/"},"modified":"2025-10-29T02:02:15","modified_gmt":"2025-10-29T02:02:15","slug":"suspension-de-la-reforme-des-retraites-les-patients-et-retraites-paieront-ils-la-facture-en-2026","status":"publish","type":"post","link":"https:\/\/www.europesays.com\/fr\/496684\/","title":{"rendered":"Suspension de la r\u00e9forme des retraites : les patients et retrait\u00e9s paieront-ils la facture en 2026 ?"},"content":{"rendered":"<p>\u00c0 la veille de la Toussaint, alors que beaucoup redoutent le frisson des temp\u00e9ratures d&rsquo;automne, un autre vent glacial souffle sur le budget des Fran\u00e7ais : la suspension de la r\u00e9forme des retraites par le gouvernement fait l&rsquo;effet d&rsquo;une lame de fond sur les finances sociales. Dans les couloirs de l&rsquo;Assembl\u00e9e nationale, on s&rsquo;active pour boucler le projet de loi de financement de la S\u00e9curit\u00e9 sociale 2026. Mais derri\u00e8re ce jargon, une question taraude chaque citoyen : <strong>qui va v\u00e9ritablement r\u00e9gler la note laiss\u00e9e par la r\u00e9forme suspendue ?<\/strong> Entre mesures d&rsquo;\u00e9conomies et hausses de pr\u00e9l\u00e8vements, patients et retrait\u00e9s sont plus que jamais sur la sellette. D\u00e9cryptage d&rsquo;une \u00e9quation budg\u00e9taire o\u00f9, bien souvent, c&rsquo;est l&rsquo;assur\u00e9 qui trinque.<\/p>\n<p>Derri\u00e8re la suspension de la r\u00e9forme : qui va payer l&rsquo;addition sal\u00e9e ?<\/p>\n<p>Cet automne 2025, la France d\u00e9couvre la <strong>cons\u00e9quence financi\u00e8re de la suspension de la r\u00e9forme des retraites de 2023<\/strong> : un manque \u00e0 gagner de 1,4 milliard d&rsquo;euros pour l&rsquo;\u00c9tat en 2027, pr\u00e9c\u00e9d\u00e9 d&rsquo;un \u00ab modeste \u00bb diff\u00e9r\u00e9 de 0,1 milliard d\u00e8s 2026. Ce trou budg\u00e9taire, fruit du report de plusieurs mesures d&rsquo;\u00e2ge ou de d\u00e9cote pr\u00e9vues initialement, s&rsquo;est invit\u00e9 en catastrophe dans la lettre rectificative du PLFSS (Projet de loi de financement de la S\u00e9curit\u00e9 sociale) pour 2026. Derri\u00e8re l&rsquo;arithm\u00e9tique, le message est limpide : <strong>l&rsquo;\u00e9quilibre financier passe avant le confort des assur\u00e9s<\/strong>, et pour colmater la br\u00e8che, toutes les pistes de financement sont mises sur la table.<\/p>\n<p>Qui paie r\u00e9ellement cette facture ? <strong>Patients, assur\u00e9s et retrait\u00e9s<\/strong> sont au c\u0153ur du dispositif, chacun mis \u00e0 contribution via des mesures cibl\u00e9es que les d\u00e9bats parlementaires d&rsquo;octobre et novembre pourraient encore infl\u00e9chir. Mais la trajectoire g\u00e9n\u00e9rale, elle, ne fait plus gu\u00e8re de doute.<\/p>\n<p>Les mesures-chocs envisag\u00e9es : quelles cons\u00e9quences pour notre sant\u00e9 et nos retraites ?<\/p>\n<p>Le d\u00e9tail des mesures r\u00e9v\u00e8le un cocktail explosif pour 2026 : hausses de contributions, coupes dans les remboursements, plafonnement des arr\u00eats maladie\u2026 Le tout, orchestr\u00e9 sous la banni\u00e8re d&rsquo;un \u00ab effort partag\u00e9 \u00bb pour pr\u00e9server l&rsquo;\u00e9difice de la S\u00e9curit\u00e9 sociale.<\/p>\n<p>Coup de rabot sur les remboursements de soins : quelles d\u00e9penses \u00e0 votre charge d\u00e8s 2026 ?<\/p>\n<p>Premier levier d&rsquo;\u00e9conomie : <strong>doublage des franchises m\u00e9dicales<\/strong>. Consultations, bo\u00eetes de m\u00e9dicaments, actes param\u00e9dicaux\u2026 la participation forfaitaire pay\u00e9e par chaque assur\u00e9 doit \u00eatre revue \u00e0 la hausse. En toile de fond, la crainte d&rsquo;un reste \u00e0 charge accru, modul\u00e9 certes par la pr\u00e9sence d&rsquo;une mutuelle, mais qui risque bien d&rsquo;alourdir chaque passage chez le m\u00e9decin ou \u00e0 la pharmacie. Le rel\u00e8vement du plafond annuel des franchises est \u00e9galement sur la table, une mesure d\u00e9j\u00e0 loin de faire l&rsquo;unanimit\u00e9 dans l&rsquo;h\u00e9micycle.<\/p>\n<p>Les arr\u00eats de travail, eux aussi, subissent la rigueur budg\u00e9taire : <strong>plafond fix\u00e9 \u00e0 15 jours pour une premi\u00e8re prescription en ville<\/strong> (30 jours \u00e0 l&rsquo;h\u00f4pital ou en sortie d&rsquo;hospitalisation), et obligation de mentionner le motif m\u00e9dical. Objectif affich\u00e9 : limiter la dur\u00e9e des arr\u00eats maladie et renforcer le contr\u00f4le de l&rsquo;Assurance maladie. Mais, revers de la m\u00e9daille, des arr\u00eats fractionn\u00e9s et renouvel\u00e9s \u00e0 la cha\u00eene pourraient bien complexifier la vie des patients comme des m\u00e9decins.<\/p>\n<p>Enfin, les compl\u00e9mentaires sant\u00e9 passent aussi \u00e0 la caisse : la contribution sur les cotisations passera de 2,05 % \u00e0 2,25 % en 2026 selon le projet, ce qui pourrait, selon toute logique, se traduire par une <strong>hausse des primes de mutuelle<\/strong> pour des millions de Fran\u00e7ais.<\/p>\n<tr>\nMesure<br \/>\nEffet d\u00e8s 2026<br \/>\n<\/tr>\n<tr>\n<td>Franchises m\u00e9dicales doubl\u00e9es<\/td>\n<td>Augmentation du reste \u00e0 charge<\/td>\n<\/tr>\n<tr>\n<td>Plafonnement des arr\u00eats maladie<\/td>\n<td>Arr\u00eats plus courts, contr\u00f4les accrus<\/td>\n<\/tr>\n<tr>\n<td>Hausse de la contribution sur les compl\u00e9mentaires<\/td>\n<td>Primes de mutuelle \u00e0 la hausse<\/td>\n<\/tr>\n<p>Retraites sous pression : r\u00e9vision des pensions, revalorisations frein\u00e9es et autres pistes<\/p>\n<p>Si 2026 se contente du strict minimum c\u00f4t\u00e9 pensions, 2027 annonce clairement la couleur : <strong>la revalorisation des retraites sera en de\u00e7\u00e0 de la r\u00e8gle usuelle<\/strong>. C&rsquo;est un levier annonc\u00e9 noir sur blanc pour compenser, \u00e0 retardement, le co\u00fbt budg\u00e9taire de la suspension. Traduction concr\u00e8te : moins de revalorisation annuelle pour les retrait\u00e9s, effritant un peu plus leur pouvoir d&rsquo;achat dans un contexte d&rsquo;inflation persistante sur de nombreux postes de d\u00e9pense, y compris la sant\u00e9.<\/p>\n<p>D&rsquo;autres pistes, plus discr\u00e8tes mais tout aussi structurantes, avancent dans les coulisses : <strong>baisses tarifaires dans des secteurs jug\u00e9s profitables<\/strong>, examen \u00e0 la loupe du remboursement de soins jug\u00e9s de faible service m\u00e9dical, et chasse renforc\u00e9e aux arr\u00eats maladie injustifi\u00e9s. Un panel de mesures parfois techniques, mais dont le r\u00e9sultat, lui, sera tr\u00e8s concret pour des millions de foyers.<\/p>\n<p> Vers une nouvelle fracture sociale ? Ce que r\u00e9v\u00e8lent ces choix budg\u00e9taires<\/p>\n<p>Au fil du temps, le mod\u00e8le de S\u00e9curit\u00e9 sociale \u00ab \u00e0 la fran\u00e7aise \u00bb semble glisser vers une solidarit\u00e9 \u00e0 g\u00e9om\u00e9trie plus variable. La suspension de la r\u00e9forme des retraites et les \u00e9conomies syst\u00e9matiquement impos\u00e9es aux patients et retrait\u00e9s r\u00e9v\u00e8lent une tension croissante : entre la n\u00e9cessit\u00e9 de contenir le d\u00e9ficit public et la volont\u00e9 de pr\u00e9server une protection universelle, la quadrature du cercle tourne au <strong>casse-t\u00eate budg\u00e9taire et social<\/strong>.<\/p>\n<p>Solidarit\u00e9 en question : une S\u00e9curit\u00e9 sociale \u00e0 g\u00e9om\u00e9trie variable<\/p>\n<p>Si chacun s&rsquo;accorde sur la n\u00e9cessit\u00e9 de garantir la viabilit\u00e9 de notre syst\u00e8me, la r\u00e9p\u00e9tition des mesures douloureuses finit par creuser un foss\u00e9 entre promesses et r\u00e9alit\u00e9s. Les franchises m\u00e9dicales, \u00e9l\u00e9ment longtemps embl\u00e9matique d&rsquo;un effort \u00ab mod\u00e9r\u00e9 \u00bb, deviennent pour beaucoup un <strong>symbole d&rsquo;une participation de plus en plus lourde<\/strong> pour les \u00ab petites affections \u00bb du quotidien. Difficile dans ces conditions de ne pas percevoir un sentiment d&rsquo;exasp\u00e9ration face \u00e0 la multiplication des frais qui finissent, en bout de course, par peser lourdement sur les m\u00e9nages modestes.<\/p>\n<p>Inqui\u00e9tudes et col\u00e8res chez les assur\u00e9s et les retrait\u00e9s : paroles de concern\u00e9s<\/p>\n<p>La grogne monte sur les r\u00e9seaux comme sur les bancs d&rsquo;associations, o\u00f9 l&rsquo;on redoute non seulement une perte de pouvoir d&rsquo;achat, mais aussi des <strong>freins d&rsquo;acc\u00e8s aux soins<\/strong>. Pour les retrait\u00e9s, l&rsquo;annonce d&rsquo;une revalorisation moindre en 2027 sonne comme une double peine : indexation au rabais et inflation toujours pr\u00e9sente.<\/p>\n<p>C\u00f4t\u00e9 actifs couverts par une compl\u00e9mentaire, c&rsquo;est la perspective d&rsquo;une mutuelle plus on\u00e9reuse qui fait grincer des dents, d&rsquo;autant que la r\u00e9forme pourrait bien compromettre l&rsquo;id\u00e9e d&rsquo;une \u00ab retraite paisible \u00bb, d\u00e9j\u00e0 fragilis\u00e9e par les pr\u00e9c\u00e9dentes mesures d&rsquo;aust\u00e9rit\u00e9. En somme, \u00e0 l&rsquo;approche de l&rsquo;hiver, le moral des Fran\u00e7ais concern\u00e9s n&rsquo;est pas au beau fixe.<\/p>\n<p>Patients, retrait\u00e9s, sant\u00e9 publique : ce que nous r\u00e9serve 2026 \u00e0 la lumi\u00e8re des annonces<\/p>\n<p>Le nouvel arbitrage budg\u00e9taire act\u00e9 cet automne marque un tournant sans d\u00e9tour : patients et retrait\u00e9s assument l&rsquo;essentiel de la facture, \u00e0 la faveur de dispositifs qui p\u00e8seront sur leur budget bien avant d&rsquo;apporter des <strong>\u00e9conomies visibles dans les comptes publics<\/strong>.<\/p>\n<p> Les grands enseignements de l&rsquo;arbitrage gouvernemental<\/p>\n<p>La le\u00e7on \u00e0 tirer de ce d\u00e9bat est limpide : la suspension de la r\u00e9forme des retraites, loin d&rsquo;\u00eatre neutre, entra\u00eene une cascade de mesures correctrices. Qu&rsquo;il s&rsquo;agisse du montant des franchises, de la limitation des arr\u00eats de travail ou du ralentissement de la revalorisation des pensions, <strong>chaque geste budg\u00e9taire a un impact direct<\/strong> sur les citoyens. L&rsquo;effort, mantra gouvernemental, se concr\u00e9tise surtout pour ceux qui ont le plus recours aux soins. La volont\u00e9 de pr\u00e9server les comptes publics justifie, crise aidant, une red\u00e9finition des contours de notre protection sociale.<\/p>\n<p> Quel avenir pour la protection sociale fran\u00e7aise face \u00e0 ces nouveaux d\u00e9fis ?<\/p>\n<p>Face \u00e0 ce tableau contrast\u00e9, deux voies semblent s&rsquo;opposer : la poursuite d&rsquo;un financement toujours plus individualis\u00e9 de l&rsquo;assurance maladie, ou un sursaut politique en faveur d&rsquo;une solidarit\u00e9 renforc\u00e9e. D&rsquo;ici la fin de l&rsquo;automne, le d\u00e9bat promet d&rsquo;\u00eatre <strong>anim\u00e9 et d\u00e9cisif<\/strong>, entre allers-retours parlementaires, discussions en commission (fin octobre) et vote en h\u00e9micycle (d\u00e9but novembre). Le calibrage final des franchises, tout comme le sort de la revalorisation des pensions en 2027, restent suspendus aux ultimes arbitrages et aux amendements arrach\u00e9s \u00e0 la derni\u00e8re minute.<\/p>\n<p>\u00c0 l&rsquo;aube de 2026, les Fran\u00e7ais s&rsquo;appr\u00eatent donc \u00e0 passer l&rsquo;hiver avec une protection sociale remani\u00e9e \u2013 non sans inqui\u00e9tude sur ce que r\u00e9servera le printemps suivant.<\/p>\n<p>Cette s\u00e9quence budg\u00e9taire laisse un sentiment mitig\u00e9 : la suspension de la r\u00e9forme des retraites, si elle a permis de temporiser un dossier explosif, se paie comptant, et ce sont bien les patients, assur\u00e9s et retrait\u00e9s qui supportent la facture en 2026. \u00c0 l&rsquo;heure des feuilles mortes et des bilans comptables, <strong>le pays s&rsquo;interroge sur l&rsquo;avenir<\/strong> de l&rsquo;un des mod\u00e8les de solidarit\u00e9 les plus protecteurs au monde. Les prochaines semaines p\u00e8seront assur\u00e9ment lourd dans l&rsquo;histoire de notre S\u00e9curit\u00e9 sociale.<\/p>\n","protected":false},"excerpt":{"rendered":"\u00c0 la veille de la Toussaint, alors que beaucoup redoutent le frisson des temp\u00e9ratures d&rsquo;automne, un autre vent&hellip;\n","protected":false},"author":2,"featured_media":496685,"comment_status":"","ping_status":"","sticky":false,"template":"","format":"standard","meta":{"footnotes":""},"categories":[2],"tags":[11,1011,27,12,56,25],"class_list":{"0":"post-496684","1":"post","2":"type-post","3":"status-publish","4":"format-standard","5":"has-post-thumbnail","7":"category-actualites","8":"tag-actualites","9":"tag-fr","10":"tag-france","11":"tag-news","12":"tag-push","13":"tag-republique-francaise"},"share_on_mastodon":{"url":"https:\/\/pubeurope.com\/@fr\/115454996919693258","error":""},"_links":{"self":[{"href":"https:\/\/www.europesays.com\/fr\/wp-json\/wp\/v2\/posts\/496684","targetHints":{"allow":["GET"]}}],"collection":[{"href":"https:\/\/www.europesays.com\/fr\/wp-json\/wp\/v2\/posts"}],"about":[{"href":"https:\/\/www.europesays.com\/fr\/wp-json\/wp\/v2\/types\/post"}],"author":[{"embeddable":true,"href":"https:\/\/www.europesays.com\/fr\/wp-json\/wp\/v2\/users\/2"}],"replies":[{"embeddable":true,"href":"https:\/\/www.europesays.com\/fr\/wp-json\/wp\/v2\/comments?post=496684"}],"version-history":[{"count":0,"href":"https:\/\/www.europesays.com\/fr\/wp-json\/wp\/v2\/posts\/496684\/revisions"}],"wp:featuredmedia":[{"embeddable":true,"href":"https:\/\/www.europesays.com\/fr\/wp-json\/wp\/v2\/media\/496685"}],"wp:attachment":[{"href":"https:\/\/www.europesays.com\/fr\/wp-json\/wp\/v2\/media?parent=496684"}],"wp:term":[{"taxonomy":"category","embeddable":true,"href":"https:\/\/www.europesays.com\/fr\/wp-json\/wp\/v2\/categories?post=496684"},{"taxonomy":"post_tag","embeddable":true,"href":"https:\/\/www.europesays.com\/fr\/wp-json\/wp\/v2\/tags?post=496684"}],"curies":[{"name":"wp","href":"https:\/\/api.w.org\/{rel}","templated":true}]}}