{"id":496686,"date":"2025-10-29T02:03:17","date_gmt":"2025-10-29T02:03:17","guid":{"rendered":"https:\/\/www.europesays.com\/fr\/496686\/"},"modified":"2025-10-29T02:03:17","modified_gmt":"2025-10-29T02:03:17","slug":"mon-objectif-ne-changera-jamais-a-calais-un-accord-migratoire-sans-effet","status":"publish","type":"post","link":"https:\/\/www.europesays.com\/fr\/496686\/","title":{"rendered":"\u00abMon objectif ne changera jamais\u00bb: \u00e0 Calais, un accord migratoire sans effet"},"content":{"rendered":"<p>\n                                                Entr\u00e9 en vigueur le 6 ao\u00fbt dernier, l&rsquo;accord migratoire conclu entre Londres et Paris\u00a0permet au Royaume-Uni de renvoyer des exil\u00e9s en France et, en \u00e9change, d&rsquo;en accueillir autant. Mais la mesure peine \u00e0 se mettre en place et n&rsquo;a aucun effet sur les travers\u00e9es.\u00a0Reportage \u00e0 Calais, l&rsquo;un des principaux points de d\u00e9parts des migrants.                    <\/p>\n<p>\u00a0<\/p>\n<p>Une partie de football s&rsquo;improvise dans la cour du Secours catholique \u00e0 Calais. L&rsquo;association offre, en plein centre-ville, un lieu de r\u00e9pit aux exil\u00e9s. Ici, beaucoup ont d\u00e9j\u00e0 entendu parler de <strong><a target=\"_self\" href=\"https:\/\/www.rfi.fr\/fr\/europe\/20250805-entr\u00e9e-en-vigueur-de-l-accord-migratoire-entre-la-france-et-le-royaume-uni-\u00e0-quoi-faut-il-s-attendre\" rel=\"noopener\">l&rsquo;accord migratoire entre la France et la Grande-Bretagne<\/a><\/strong>, sans toujours en conna\u00eetre les d\u00e9tails.\u00a0\u00ab J&rsquo;ai entendu parler de cet accord, c&rsquo;est un peu comme si on \u00e9tait des animaux. Mais je ne peux pas faire demi-tour et je ne peux pas rester ici. Je n&rsquo;ai pas d&rsquo;autre choix\u00a0\u00bb, affirme Abdo, originaire du <a target=\"_self\" href=\"https:\/\/www.rfi.fr\/fr\/tag\/y\u00e9men\/\" rel=\"noopener\"><strong>Y\u00e9men<\/strong><\/a>\u00a0et arriv\u00e9e\u00a0\u00e0 Calais il y a un mois.<\/p>\n<p>\u00c0 l&rsquo;int\u00e9rieur du b\u00e2timent,\u00a0des dizaines d&rsquo;hommes, souvent jeunes, discutent autour des multiprises si pr\u00e9cieuses pour recharger leur portable. La fr\u00e9quentation du centre n&rsquo;a pas baiss\u00e9, malgr\u00e9 la nouvelle menace qui p\u00e8se sur les candidats \u00e0 la travers\u00e9e. \u00ab Je pense qu&rsquo;au d\u00e9but, il y avait des questions qui se posaient. Quand l&rsquo;information est sortie, les gens, par pragmatisme, continuaient de passer en petits bateaux. Nous, on a tout de suite pens\u00e9 que c&rsquo;\u00e9tait inefficace. Tant que les personnes sont coinc\u00e9es dans ces politiques europ\u00e9ennes, elles continueront d&rsquo;aller en Angleterre\u00a0\u00bb, estime\u00a0L\u00e9a Biteau, qui coordonne l&rsquo;antenne du Secours catholique \u00e0 Calais.<\/p>\n<p>De fait, depuis le 1e janvier, pr\u00e8s de 37 000 personnes sont arriv\u00e9es au Royaume-Uni \u00e0 bord de petites embarcations, au d\u00e9part des c\u00f4tes fran\u00e7aises. Ce chiffre d\u00e9passe celui de l&rsquo;ensemble de l&rsquo;ann\u00e9e 2024. Et depuis l&rsquo;entr\u00e9e en vigueur de l&rsquo;accord entre Londres et Paris, seulement 42 personnes ont \u00e9t\u00e9 expuls\u00e9es de Grande-Bretagne et 23 ont obtenu un visa.\u00a0<\/p>\n<p class=\"a-read-more\">\u00c0 lire aussi<a target=\"_self\" href=\"https:\/\/www.rfi.fr\/fr\/europe\/20251024-immigrationa-fra\" class=\"a-read-more__link\" rel=\"noopener\">Flux migratoire en hausse vers le Royaume-Uni malgr\u00e9 l&rsquo;accord avec la France<\/a><\/p>\n<p>Pour b\u00e9n\u00e9ficier de ce principe du \u00ab un pour un \u00bb, un expuls\u00e9 de Grande-Bretagne pour un accueilli, le candidat doit s&rsquo;inscrire de son propre chef sur une plateforme du minist\u00e8re de l&rsquo;Int\u00e9rieur britannique, via un smartphone. Faut-il encore le savoir. Une ONG britannique a d\u00fb se d\u00e9placer \u00e0 Calais ces derni\u00e8res semaines pour aider les exil\u00e9s dans leurs d\u00e9marches.<\/p>\n<p>\u00ab Parmi les visiteurs r\u00e9guliers de l&rsquo;accueil de jour, il y en a pas mal qui ont fait des demandes, raconte Sakina, m\u00e9diatrice au Secours catholique. Pour l&rsquo;instant, je ne connais qu&rsquo;une seule personne qui a eu un rendez-vous \u00e0 Paris. Le probl\u00e8me, c&rsquo;est qu&rsquo;ils lui ont demand\u00e9 l&rsquo;original de son passeport. Sauf que c&rsquo;est compl\u00e8tement d\u00e9connect\u00e9 de sa r\u00e9alit\u00e9 \u00e0 lui et de la r\u00e9alit\u00e9 de pas mal de personnes exil\u00e9es d&rsquo;ici. Il s&rsquo;agit de beaucoup de personnes qui ont fui des situations de guerre, de conflit et qui n&rsquo;ont donc pas les originaux de leurs papiers. \u00bb<\/p>\n<p class=\"a-read-more\">\u00c0 lire aussi<a target=\"_self\" href=\"https:\/\/www.rfi.fr\/fr\/europe\/20251027-royaume-uni-des-milliards-gaspill\u00e9s-pour-h\u00e9berger-des-migrants-en-h\u00f4tels-pointe-un-rapport-parlementaire\" class=\"a-read-more__link\" rel=\"noopener\">Royaume-Uni: des milliards \u00abgaspill\u00e9s\u00bb pour h\u00e9berger des migrants en h\u00f4tels pointe un rapport parlementaire<\/a><\/p>\n<p>CJ a la chance d&rsquo;avoir pu conserver son passeport. Ce Soudanais de 28 ans, qui a plusieurs fois \u00e9chou\u00e9 \u00e0 traverser la Manche, a tent\u00e9 cette fois la voie l\u00e9gale. \u00ab Oui, j&rsquo;ai d\u00e9pos\u00e9 une demande sur cette nouvelle appli britannique, pour obtenir un visa. Mais elle n&rsquo;a pas \u00e9t\u00e9 accept\u00e9e \u00bb, regrette-t-il.<\/p>\n<p>Alors est-ce que cela change ses projets ? Sa r\u00e9ponse n&rsquo;est pas celle qu&rsquo;esp\u00e8rent les autorit\u00e9s britanniques. \u00ab En fait, oui, j&rsquo;ai chang\u00e9 d&rsquo;avis.\u00a0Pas pour rester ici en France. Je vais essayer par camion. Mon objectif ne changera pas, jamais\u00a0\u00bb, affirme-t-il. En 2024, moins de 2 500 personnes ont choisi de tenter la travers\u00e9e par camion, une voie extr\u00eamement dangereuse et abandonn\u00e9e depuis quelques ann\u00e9es au profit des canots pneumatiques.<\/p>\n","protected":false},"excerpt":{"rendered":"Entr\u00e9 en vigueur le 6 ao\u00fbt dernier, l&rsquo;accord migratoire conclu entre Londres et Paris\u00a0permet au Royaume-Uni de renvoyer&hellip;\n","protected":false},"author":2,"featured_media":496687,"comment_status":"","ping_status":"","sticky":false,"template":"","format":"standard","meta":{"footnotes":""},"categories":[4],"tags":[11,1011,27,1061,12,5920,25,473],"class_list":{"0":"post-496686","1":"post","2":"type-post","3":"status-publish","4":"format-standard","5":"has-post-thumbnail","7":"category-france","8":"tag-actualites","9":"tag-fr","10":"tag-france","11":"tag-immigration","12":"tag-news","13":"tag-reportage-france","14":"tag-republique-francaise","15":"tag-royaume-uni"},"share_on_mastodon":{"url":"https:\/\/pubeurope.com\/@fr\/115455000788700001","error":""},"_links":{"self":[{"href":"https:\/\/www.europesays.com\/fr\/wp-json\/wp\/v2\/posts\/496686","targetHints":{"allow":["GET"]}}],"collection":[{"href":"https:\/\/www.europesays.com\/fr\/wp-json\/wp\/v2\/posts"}],"about":[{"href":"https:\/\/www.europesays.com\/fr\/wp-json\/wp\/v2\/types\/post"}],"author":[{"embeddable":true,"href":"https:\/\/www.europesays.com\/fr\/wp-json\/wp\/v2\/users\/2"}],"replies":[{"embeddable":true,"href":"https:\/\/www.europesays.com\/fr\/wp-json\/wp\/v2\/comments?post=496686"}],"version-history":[{"count":0,"href":"https:\/\/www.europesays.com\/fr\/wp-json\/wp\/v2\/posts\/496686\/revisions"}],"wp:featuredmedia":[{"embeddable":true,"href":"https:\/\/www.europesays.com\/fr\/wp-json\/wp\/v2\/media\/496687"}],"wp:attachment":[{"href":"https:\/\/www.europesays.com\/fr\/wp-json\/wp\/v2\/media?parent=496686"}],"wp:term":[{"taxonomy":"category","embeddable":true,"href":"https:\/\/www.europesays.com\/fr\/wp-json\/wp\/v2\/categories?post=496686"},{"taxonomy":"post_tag","embeddable":true,"href":"https:\/\/www.europesays.com\/fr\/wp-json\/wp\/v2\/tags?post=496686"}],"curies":[{"name":"wp","href":"https:\/\/api.w.org\/{rel}","templated":true}]}}