{"id":496692,"date":"2025-10-29T02:11:13","date_gmt":"2025-10-29T02:11:13","guid":{"rendered":"https:\/\/www.europesays.com\/fr\/496692\/"},"modified":"2025-10-29T02:11:13","modified_gmt":"2025-10-29T02:11:13","slug":"le-tour-poitou-charentes-change-de-patron","status":"publish","type":"post","link":"https:\/\/www.europesays.com\/fr\/496692\/","title":{"rendered":"le Tour Poitou-Charentes change de patron"},"content":{"rendered":"<p>Le choix de la raison. Apr\u00e8s un an pass\u00e9 \u00e0 la pr\u00e9sidence de Poitou-Charentes Animation, la structure organisant, entre autres, le Tour Poitou-Charentes, Nicolas Rougeon a d\u00e9cid\u00e9 de passer la main tout en continuant de s\u2019investir dans l\u2019association. \ufeff\u00ab\u00a0La saison pass\u00e9e a \u00e9t\u00e9 pour moi une ann\u00e9e de transition\u00a0\u00bb, explique le successeur de l\u2019embl\u00e9matique Alain Clouet, <a target=\"_self\" href=\"https:\/\/www.lanouvellerepublique.fr\/deux-sevres\/deux-capitaines-de-route-a-la-tete-de-poitou-charentes-animation\" rel=\"noopener\">d\u2019abord en bin\u00f4me avec Jacky Sornin<\/a> puis seul aux commandes depuis la d\u00e9mission de celui-ci au printemps. \ufeff\u00ab\u00a0\u00catre \u00e0 la t\u00eate d\u2019une association qui g\u00e8re plusieurs courses est quelque chose de relativement prenant. Ce n\u2019est pas forc\u00e9ment \u00e9vident lorsque l\u2019on a une activit\u00e9 professionnelle, c\u2019est pourquoi un \u00e9quilibre avait \u00e9t\u00e9 trouv\u00e9 avec une copr\u00e9sidence avec quelqu\u2019un qui avait davantage de temps et une habitude de la gestion administrative d\u2019un certain nombre de dossiers&#8230;. <\/p>\n<p>    Cet article a \u00e9t\u00e9 tronqu\u00e9. Abonnez-vous pour lire l&rsquo;article complet sur notre site.<\/p>\n<p>\u00a0\u00bb<\/p>\n<p style=\"margin: 0 !important; padding: 0 !important; font-size: 12px !important;\">Cet article a \u00e9t\u00e9 tronqu\u00e9. Abonnez-vous pour lire l&rsquo;article complet.<\/p>\n<p>    <a href=\"https:\/\/www.lanouvellerepublique.fr\/abonnements\" style=\"display: inline-block; margin-top: 5px !important; padding: 6px 12px !important; background: #cb1c27; color: white; text-decoration: none; border-radius: 4px; font-size: 12px !important;\" target=\"_blank\" rel=\"noopener\"><br \/>\n      S&rsquo;abonner<br \/>\n    <\/a><\/p>\n","protected":false},"excerpt":{"rendered":"Le choix de la raison. Apr\u00e8s un an pass\u00e9 \u00e0 la pr\u00e9sidence de Poitou-Charentes Animation, la structure organisant,&hellip;\n","protected":false},"author":2,"featured_media":496693,"comment_status":"","ping_status":"","sticky":false,"template":"","format":"standard","meta":{"footnotes":""},"categories":[1411],"tags":[1392,42195,1154,207,1011,27,60,1584],"class_list":{"0":"post-496692","1":"post","2":"type-post","3":"status-publish","4":"format-standard","5":"has-post-thumbnail","7":"category-cyclisme","8":"tag-a-la-une-local","9":"tag-chasseneuil-du-poitou","10":"tag-cycling","11":"tag-cyclisme","12":"tag-fr","13":"tag-france","14":"tag-sports","15":"tag-vienne"},"share_on_mastodon":{"url":"https:\/\/pubeurope.com\/@fr\/115455032353368197","error":""},"_links":{"self":[{"href":"https:\/\/www.europesays.com\/fr\/wp-json\/wp\/v2\/posts\/496692","targetHints":{"allow":["GET"]}}],"collection":[{"href":"https:\/\/www.europesays.com\/fr\/wp-json\/wp\/v2\/posts"}],"about":[{"href":"https:\/\/www.europesays.com\/fr\/wp-json\/wp\/v2\/types\/post"}],"author":[{"embeddable":true,"href":"https:\/\/www.europesays.com\/fr\/wp-json\/wp\/v2\/users\/2"}],"replies":[{"embeddable":true,"href":"https:\/\/www.europesays.com\/fr\/wp-json\/wp\/v2\/comments?post=496692"}],"version-history":[{"count":0,"href":"https:\/\/www.europesays.com\/fr\/wp-json\/wp\/v2\/posts\/496692\/revisions"}],"wp:featuredmedia":[{"embeddable":true,"href":"https:\/\/www.europesays.com\/fr\/wp-json\/wp\/v2\/media\/496693"}],"wp:attachment":[{"href":"https:\/\/www.europesays.com\/fr\/wp-json\/wp\/v2\/media?parent=496692"}],"wp:term":[{"taxonomy":"category","embeddable":true,"href":"https:\/\/www.europesays.com\/fr\/wp-json\/wp\/v2\/categories?post=496692"},{"taxonomy":"post_tag","embeddable":true,"href":"https:\/\/www.europesays.com\/fr\/wp-json\/wp\/v2\/tags?post=496692"}],"curies":[{"name":"wp","href":"https:\/\/api.w.org\/{rel}","templated":true}]}}