{"id":496698,"date":"2025-10-29T02:16:21","date_gmt":"2025-10-29T02:16:21","guid":{"rendered":"https:\/\/www.europesays.com\/fr\/496698\/"},"modified":"2025-10-29T02:16:21","modified_gmt":"2025-10-29T02:16:21","slug":"frederic-lopez-invite-anne-elisabeth-lemoine-dans-un-dimanche-a-la-campagne-lanimatrice-reticente-a-participer-a-lemission","status":"publish","type":"post","link":"https:\/\/www.europesays.com\/fr\/496698\/","title":{"rendered":"Fr\u00e9d\u00e9ric Lopez invite Anne-\u00c9lisabeth Lemoine dans Un dimanche \u00e0 la campagne, l&rsquo;animatrice r\u00e9ticente \u00e0 participer \u00e0 l&rsquo;\u00e9mission"},"content":{"rendered":"<p>Ce mardi 28 octobre, Fr\u00e9d\u00e9ric Lopez \u00e9tait invit\u00e9 sur le plateau de C \u00e0 vous. L&rsquo;animateur d&rsquo;Un dimanche \u00e0 la campagne a profit\u00e9 de l&rsquo;occasion pour inviter Anne-\u00c9lisabeth Lemoine dans son \u00e9mission. <\/p>\n<p>Fr\u00e9d\u00e9ric Lopez a choisi <a href=\"https:\/\/www.programme-tv.net\/biographie\/190495-thilleman-laury\/\" data-link-people=\"9ca240c5-bed3-44f4-b781-6a1461826faa\" rel=\"nofollow noopener\" target=\"_blank\">Laury Thilleman<\/a> pour <a href=\"https:\/\/www.programme-tv.net\/news\/tv\/386192-raphael-de-casabianca-bientot-de-retour-a-la-tele-apres-son-depart-de-rendez-vous-en-terre-inconnue\/\" data-api-deeplink=\"teleloisirs:\/\/news\/386192\" rel=\"nofollow noopener\" target=\"_blank\">remplacer Rapha\u00ebl de Casabianca<\/a> dans Rendez-vous en terre inconnue. Pour sa premi\u00e8re \u00e9mission, l&rsquo;ex-Miss France a amen\u00e9 <a href=\"https:\/\/www.programme-tv.net\/news\/tv\/382801-rendez-vous-en-terre-inconnue-les-premieres-images-de-cyril-lignac-face-a-laury-thilleman-devoilees\/\" data-api-deeplink=\"teleloisirs:\/\/news\/382801\" rel=\"nofollow noopener\" target=\"_blank\">le chef Cyril Lignac en Terre de Feu<\/a>, \u00e0 la pointe sud du Chili. De son c\u00f4t\u00e9, Fr\u00e9d\u00e9ric Lopez a fait son retour depuis le 21\u00a0septembre dernier dans <a href=\"https:\/\/www.programme-tv.net\/news\/tv\/389935-un-dimanche-a-la-campagne-qui-sont-les-invites-de-frederic-lopez-ce-19-octobre\/\" data-api-deeplink=\"teleloisirs:\/\/news\/389935\" rel=\"nofollow noopener\" target=\"_blank\">Un dimanche<\/a><a href=\"https:\/\/www.programme-tv.net\/news\/tv\/389916-j-ai-eu-une-dispute-avec-lui-linda-hardy-en-pleurs-en-evoquant-son-fils-des-son-arrivee-dans-un-dimanche-a-la-campagne\/\" data-api-deeplink=\"teleloisirs:\/\/news\/389916\" rel=\"nofollow noopener\" target=\"_blank\"> \u00e0 la camp<\/a><a href=\"https:\/\/www.programme-tv.net\/news\/tv\/389935-un-dimanche-a-la-campagne-qui-sont-les-invites-de-frederic-lopez-ce-19-octobre\/\" data-api-deeplink=\"teleloisirs:\/\/news\/389935\" rel=\"nofollow noopener\" target=\"_blank\">agne<\/a> sur France 2. Ce mardi 28 octobre, l&rsquo;animateur \u00e9tait invit\u00e9 sur le plateau de C \u00e0 vous et il en a profit\u00e9 pour inviter <a href=\"https:\/\/www.programme-tv.net\/news\/people\/389436-c-est-assez-intimidant-francois-civil-surprend-anne-elisabeth-lemoine-avec-une-confidence-inattendue-dans-c-a-vous\/\" data-api-deeplink=\"teleloisirs:\/\/news\/389436\" rel=\"nofollow noopener\" target=\"_blank\">Anne-\u00c9lisabeth Lemoine<\/a> dans son \u00e9mission. \u00ab\u00a0D\u00e9j\u00e0, vous allez venir participer. Je r\u00eave de vous recevoir le week-end\u00a0\u00bb, a-t-il d\u00e9clar\u00e9.<b> <\/b>Une invitation que la pr\u00e9sentation du programme de France 5 est pr\u00eate \u00e0 accepter, mais \u00e0 une condition !<\/p>\n<p>Fr\u00e9d\u00e9ric Lopez invite Anne-\u00c9lisabeth Lemoine dans Un dimanche \u00e0 la campagne<\/p>\n<p>En effet, Anne-\u00c9lisabeth Lemoine a expliqu\u00e9 \u00eatre angoiss\u00e9e \u00e0 l&rsquo;id\u00e9e de ne pas conna\u00eetre les autres invit\u00e9s d&rsquo;<a href=\"https:\/\/www.programme-tv.net\/news\/tv\/389935-un-dimanche-a-la-campagne-qui-sont-les-invites-de-frederic-lopez-ce-19-octobre\/\" data-api-deeplink=\"teleloisirs:\/\/news\/389935\" rel=\"nofollow noopener\" target=\"_blank\">Un dimanche<\/a><a href=\"https:\/\/www.programme-tv.net\/news\/tv\/389916-j-ai-eu-une-dispute-avec-lui-linda-hardy-en-pleurs-en-evoquant-son-fils-des-son-arrivee-dans-un-dimanche-a-la-campagne\/\" data-api-deeplink=\"teleloisirs:\/\/news\/389916\" rel=\"nofollow noopener\" target=\"_blank\"> \u00e0 la camp<\/a><a href=\"https:\/\/www.programme-tv.net\/news\/tv\/389935-un-dimanche-a-la-campagne-qui-sont-les-invites-de-frederic-lopez-ce-19-octobre\/\" data-api-deeplink=\"teleloisirs:\/\/news\/389935\" rel=\"nofollow noopener\" target=\"_blank\">agne<\/a> en avance. <b>\u00ab\u00a0Moi, il y a un truc, c&rsquo;est qu&rsquo;il para\u00eet qu&rsquo;on ne sait pas avec qui on part. Et \u00e7a, \u00e7a m&rsquo;angoisse. J&rsquo;ai besoin de savoir, c&rsquo;est possible ?\u00a0\u00bb<\/b>, a confi\u00e9 l&rsquo;animatrice. Fr\u00e9d\u00e9ric Lopez a alors tent\u00e9 de la rassurer. \u00ab\u00a0Mais justement, c&rsquo;est \u00e7a que je trouve int\u00e9ressant. Parce que si vous avez besoin de savoir, c&rsquo;est que vous avez des pr\u00e9jug\u00e9s sur certaines personnes\u00a0\u00bb, a-t-il d\u00e9clar\u00e9 avant d&rsquo;\u00eatre coup\u00e9 par Anne-\u00c9lisabeth Lemoine : \u00ab\u00a0Ou qu&rsquo;ils en ont sur moi\u2026\u00a0\u00bb. Fr\u00e9d\u00e9ric Lopez a ensuite expliqu\u00e9 pourquoi, selon lui, il est important d&rsquo;inviter des personnalit\u00e9s qui ne se connaissent pas. \u00ab\u00a0Ce qui est chouette, c&rsquo;est que ce sont des personnes qui ne se connaissent pas et qui ne sont pas dans le m\u00eame univers. Il y a souvent un d\u00e9calage, il y a m\u00eame de l&rsquo;interg\u00e9n\u00e9rationnel, et du coup, il s&rsquo;int\u00e9resse aux autres. Et moi, j&rsquo;aime beaucoup voir des acteurs s&rsquo;int\u00e9resser aux autres, c&rsquo;est rare\u00a0\u00bb, a-t-il d\u00e9clar\u00e9 avant d&rsquo;ajouter : \u00ab\u00a0Ce n\u2019est vraiment pas tout le monde. \u00c7a peut arriver que des artistes ont besoin d&rsquo;\u00eatre aim\u00e9s et du coup ne s&rsquo;int\u00e9ressent pas beaucoup aux autres\u00a0\u00bb. <\/p>\n<p>                        Fr\u00e9d\u00e9ric Lopez (Un dimanche \u00e0 la campagne) : \u00ab\u00a0C&rsquo;est une \u00e9mission qui fait l&rsquo;apologie de l&rsquo;\u00e9chec\u00a0\u00bb <\/p>\n<p><a href=\"https:\/\/www.programme-tv.net\/news\/tv\/390535-un-dimanche-a-la-campagne-qui-sont-les-invites-de-frederic-lopez-ce-26-octobre\/\" data-api-deeplink=\"teleloisirs:\/\/news\/390535\" rel=\"nofollow noopener\" target=\"_blank\">Fr\u00e9d\u00e9ric Lopez<\/a> a ensuite expliqu\u00e9 comment il pousse ses invit\u00e9s \u00e0 se livrer dans son \u00e9mission.<b> <\/b>\u00ab\u00a0Il faut savoir que mes invit\u00e9s parlent \u00e0 mes collaborateurs avant. Et la premi\u00e8re question que posent mes collaborateurs, c&rsquo;est &lsquo;de quoi vous ne voulez pas parler ?&rsquo;. Et on ne parlera pas de \u00e7a, on parlera du reste\u00a0\u00bb, a-t-il confi\u00e9 avant d&rsquo;ajouter : \u00ab\u00a0Et surtout parler des obstacles parce que c&rsquo;est une \u00e9mission qui fait l&rsquo;apologie de l&rsquo;\u00e9chec. (&#8230;) L&rsquo;\u00e9mission, c&rsquo;est un tuto pour r\u00e9aliser ses r\u00eaves\u00a0\u00bb. <\/p>\n","protected":false},"excerpt":{"rendered":"Ce mardi 28 octobre, Fr\u00e9d\u00e9ric Lopez \u00e9tait invit\u00e9 sur le plateau de C \u00e0 vous. L&rsquo;animateur d&rsquo;Un dimanche&hellip;\n","protected":false},"author":2,"featured_media":496699,"comment_status":"","ping_status":"","sticky":false,"template":"","format":"standard","meta":{"footnotes":""},"categories":[1356],"tags":[5631,4470,244,58,59,1011,27,12294,252,1364,12295,1630],"class_list":{"0":"post-496698","1":"post","2":"type-post","3":"status-publish","4":"format-standard","5":"has-post-thumbnail","7":"category-television","8":"tag-anne-elisabeth-lemoine","9":"tag-c-u00e0-vous","10":"tag-commentaire","11":"tag-divertissement","12":"tag-entertainment","13":"tag-fr","14":"tag-france","15":"tag-fru00e9du00e9ric-lopez","16":"tag-television","17":"tag-tv","18":"tag-un-dimanche-u00e0-la-campagne","19":"tag-zapping"},"share_on_mastodon":{"url":"https:\/\/pubeurope.com\/@fr\/115455051978501061","error":""},"_links":{"self":[{"href":"https:\/\/www.europesays.com\/fr\/wp-json\/wp\/v2\/posts\/496698","targetHints":{"allow":["GET"]}}],"collection":[{"href":"https:\/\/www.europesays.com\/fr\/wp-json\/wp\/v2\/posts"}],"about":[{"href":"https:\/\/www.europesays.com\/fr\/wp-json\/wp\/v2\/types\/post"}],"author":[{"embeddable":true,"href":"https:\/\/www.europesays.com\/fr\/wp-json\/wp\/v2\/users\/2"}],"replies":[{"embeddable":true,"href":"https:\/\/www.europesays.com\/fr\/wp-json\/wp\/v2\/comments?post=496698"}],"version-history":[{"count":0,"href":"https:\/\/www.europesays.com\/fr\/wp-json\/wp\/v2\/posts\/496698\/revisions"}],"wp:featuredmedia":[{"embeddable":true,"href":"https:\/\/www.europesays.com\/fr\/wp-json\/wp\/v2\/media\/496699"}],"wp:attachment":[{"href":"https:\/\/www.europesays.com\/fr\/wp-json\/wp\/v2\/media?parent=496698"}],"wp:term":[{"taxonomy":"category","embeddable":true,"href":"https:\/\/www.europesays.com\/fr\/wp-json\/wp\/v2\/categories?post=496698"},{"taxonomy":"post_tag","embeddable":true,"href":"https:\/\/www.europesays.com\/fr\/wp-json\/wp\/v2\/tags?post=496698"}],"curies":[{"name":"wp","href":"https:\/\/api.w.org\/{rel}","templated":true}]}}